{"id":37856,"date":"2024-12-15T12:23:04","date_gmt":"2024-12-15T09:23:04","guid":{"rendered":"https:\/\/mersinkadingazetesi.com\/?p=37856"},"modified":"2024-12-15T12:23:05","modified_gmt":"2024-12-15T09:23:05","slug":"yenisehir-belediyesi-mola-evi-acildi-sirada-kent-lokantasi-var","status":"publish","type":"post","link":"https:\/\/mersinkadingazetesi.com\/?p=37856","title":{"rendered":"Yeni\u015fehir Belediyesi Mola Evi a\u00e7\u0131ld\u0131, s\u0131rada Kent Lokantas\u0131 var"},"content":{"rendered":"\n<p>Yeni\u015fehir Belediyesi, G\u00fcvenevler Mahallesi&#8217;nde ba\u015ftan a\u015fa\u011f\u0131 yeniledi\u011fi G\u00fcven Park\u0131\u2019nda Mola Evi\u2019ni hizmete a\u00e7t\u0131. \u00c7ay\u0131n 2 TL\u2019den sat\u0131laca\u011f\u0131 Mola Evi\u2019nin a\u00e7\u0131l\u0131\u015f\u0131nda konu\u015fan Yeni\u015fehir Belediye Ba\u015fkan\u0131 Abdullah \u00d6zyi\u011fit, Ocak ay\u0131nda Kent Lokantas\u0131 da a\u00e7acaklar\u0131n\u0131 s\u00f6yledi.<\/p>\n\n\n\n<p>Yeni\u015fehir Belediyesi, kentin en yo\u011fun b\u00f6lgelerinden birinde bulunan G\u00fcven Park\u0131\u2019n\u0131 yeniledi. Yakla\u015f\u0131k 2 bin metrekarelik bir alana sahip olan park, modern bir ya\u015fam alan\u0131 olarak tasarland\u0131. Vatanda\u015flar\u0131n ihtiya\u00e7lar\u0131n\u0131 ve beklentilerini g\u00f6z \u00f6n\u00fcnde bulunduran Yeni\u015fehir Belediyesi, parka y\u00fcr\u00fcy\u00fc\u015f yollar\u0131, oturma gruplar\u0131, \u00e7ocuklar i\u00e7in g\u00fcvenli ve e\u011flenceli oyun alanlar\u0131 ve a\u00e7\u0131k hava spor aletleri yerle\u015ftirdi. Her ya\u015ftan vatanda\u015f\u0131n keyifle vakit ge\u00e7irebilece\u011fi bir mek\u00e2n haline gelen Yeni\u015fehir Belediyesi G\u00fcven Park\u0131\u2019nda Mola Evi de in\u015fa edildi.<\/p>\n\n\n\n<p><strong>Ba\u015fkan \u00d6zyi\u011fit, \u201cSe\u00e7im \u00f6ncesi verdi\u011fimiz s\u00f6zlerden biri olan mola evlerimizin ilkini a\u00e7m\u0131\u015f olduk.\u201d<\/strong><\/p>\n\n\n\n<p>Emekli vatanda\u015flar ba\u015fta olmak \u00fczere her kesimden Yeni\u015fehirliye, uygun fiyatlarla hizmet verecek Mola Evi\u2019nin a\u00e7\u0131l\u0131\u015f\u0131 yap\u0131ld\u0131. Yeni\u015fehir Belediye Ba\u015fkan\u0131 Abdullah \u00d6zyi\u011fit, a\u00e7\u0131l\u0131\u015fta yapt\u0131\u011f\u0131 konu\u015fmada, park ve i\u00e7indeki Mola Evi ile ilgili \u015funlar\u0131 s\u00f6yledi: <strong>\u201cG\u00fcven Park\u0131 ve i\u00e7erisindeki Mola Evi\u2019miz kentimizin \u00e7ok \u00f6zel bir yerinde bulunuyor. Buras\u0131 yakla\u015f\u0131k 2 bin metrekare alanda \u015fekillendi. Park\u0131m\u0131z\u0131 ba\u015ftan a\u015fa\u011f\u0131ya yenileyerek, Yeni\u015fehir\u2019e yak\u0131\u015f\u0131r bir hale getirdik. Se\u00e7im \u00f6ncesi verdi\u011fimiz s\u00f6zlerden biri olan mola evlerimizin ilkini a\u00e7m\u0131\u015f olduk. 2024 y\u0131l\u0131, \u00f6zellikle emeklilerimizin en \u00e7ok etkilendi\u011fi bir y\u0131l oldu. Maalesef iki emeklinin maa\u015f\u0131n\u0131n bir ev kiras\u0131na yetmedi\u011fi bir d\u00f6nemi ya\u015f\u0131yoruz. Bir kahvenin fiyat\u0131 200 TL&#8217;ye \u00e7\u0131karken, emekli maa\u015flar\u0131 10-12 bin TL seviyelerinde kal\u0131yor. Bu ko\u015fullarda vatanda\u015flar\u0131m\u0131z\u0131n yan\u0131nda olmak, bizim sorumlulu\u011fumuz.<\/strong> <strong>Bu alanda \u00e7al\u0131\u015fan esnaf\u0131m\u0131z\u0131 su\u00e7lam\u0131yorum. Onlar da mevcut ko\u015fullara yeti\u015febilmeye \u00e7al\u0131\u015f\u0131yor. Vatanda\u015f\u0131m\u0131z\u0131n her sorununda yanlar\u0131nda olma sorumlulu\u011funu ta\u015f\u0131yoruz. Bunun i\u00e7in se\u00e7ildik. Biz de se\u00e7im \u00f6ncesinde dedik ki; \u2018parklar\u0131m\u0131zda mola evleri a\u00e7aca\u011f\u0131z, buralarda \u00e7ay 2 TL olacak, di\u011fer i\u00e7ecekler ve simit gibi aperatifler \u00e7ok uygun fiyatlarla sat\u0131lacak. Mola evlerimiz ayn\u0131 zamanda bir sosyalle\u015fme alan\u0131 haline gelecek.\u2019 Verdi\u011fimiz s\u00f6zleri tutmak i\u00e7in t\u00fcm gayretimizle \u00e7al\u0131\u015f\u0131yoruz.\u201d<\/strong><\/p>\n\n\n\n<p><strong>Yeni\u015fehir Belediyesi Kent Lokantas\u0131 a\u00e7\u0131yor<\/strong><\/p>\n\n\n\n<p>Vatanda\u015flara uygun fiyatlarla hizmet verecek Kent Lokantas\u0131 a\u00e7acaklar\u0131n\u0131 belirten Ba\u015fkan \u00d6zyi\u011fit, <strong>\u201cForum AVM&#8217;nin g\u00fcney giri\u015finde a\u00e7t\u0131\u011f\u0131m\u0131z Yeni Kafe\u2019de de fiyatlar olduk\u00e7a makul seviyede. \u015eimdi de Forum AVM\u2019nin yan\u0131nda Kent Lokantas\u0131 a\u00e7aca\u011f\u0131z. Y\u0131llard\u0131r hizmet veren A\u015fevimiz her g\u00fcn 700 ki\u015fiye yemek sunuyor. Ayr\u0131ca, gelip yemek alamayan 200 vatanda\u015f\u0131m\u0131za evlerine yemek g\u00f6t\u00fcr\u00fcyoruz. Sosyal Hizmet Ekibimiz \u00e7al\u0131\u015fmalar\u0131n\u0131 s\u00fcrd\u00fcr\u00fcyor. Ge\u00e7im s\u0131k\u0131nt\u0131s\u0131 \u00e7eken dar gelirli ailelere Yeni\u015fehir Halk Kart ile ayl\u0131k nakdi destek sa\u011flamaya devam ediyoruz.\u201d <\/strong>diye konu\u015ftu.<\/p>\n\n\n\n<p>\u201c<strong>Yeni\u015fehir\u2019in yar\u0131nlar\u0131, bug\u00fcn att\u0131\u011f\u0131m\u0131z bu ad\u0131mlarla daha da g\u00fczelle\u015fecek\u201d<\/strong><\/p>\n\n\n\n<p>\u0130n\u015faatlar\u0131 devam eden yeni projelere de de\u011finen Yeni\u015fehir Belediye Ba\u015fkan\u0131 Abdullah \u00d6zyi\u011fit, <strong>\u201cA\u011fustos ay\u0131nda temelini att\u0131\u011f\u0131m\u0131z 3 projemizin in\u015faat\u0131 devam ediyor; beceri temelli e\u011fitim anlay\u0131\u015f\u0131n\u0131 d\u00f6rd\u00fcnc\u00fc s\u0131n\u0131fa kadar devam ettirece\u011fimiz ilkokulumuz, kentin en b\u00fcy\u00fck k\u00fct\u00fcphanesi ve taziyeevi ile k\u00fct\u00fcphaneden olu\u015fan k\u00fclt\u00fcr komplkesimiz. Mente\u015f Mahallesi\u2019nde a\u00e7t\u0131\u011f\u0131m\u0131z Kerimo\u011flu K\u00fclt\u00fcr Kompleksi\u2019nde yer alan Nuri Ulusu K\u00fct\u00fcphanesi her g\u00fcn t\u0131kl\u0131m t\u0131kl\u0131m dolu. E\u011fri\u00e7am, Akkent ve Bat\u0131kent mahallelerinde de yeni k\u00fclt\u00fcr kompleksimizin in\u015faat\u0131na devam ediyoruz. Dar gelirli ailelerimizin \u00e7ocuklar\u0131 do\u011fru mek\u00e2nlarda ders \u00e7al\u0131\u015fma f\u0131rsat\u0131na sahip olabilsinler diye mahallelerimize k\u00fct\u00fcphaneler kuruyoruz. Her bir projemizde, halk\u0131m\u0131z\u0131n taleplerine kulak vermeye devam edece\u011fiz. Yeni\u015fehir\u2019in yar\u0131nlar\u0131, bug\u00fcn att\u0131\u011f\u0131m\u0131z bu ad\u0131mlarla daha da g\u00fczelle\u015fecek\u201d<\/strong> dedi.<\/p>\n\n\n\n<p><strong>Muhtar Sar\u0131\u2019dan Ba\u015fkan \u00d6zyi\u011fit\u2019e te\u015fekk\u00fcr<\/strong><\/p>\n\n\n\n<p>G\u00fcvenevler Mahallesi Muhtar\u0131 Rahime Sar\u0131, yap\u0131lan modern park\u0131n ve a\u00e7\u0131lan Mola Evi\u2019nin halk taraf\u0131ndan b\u00fcy\u00fck takdir toplad\u0131\u011f\u0131n\u0131 belirterek, Ba\u015fkan \u00d6zyi\u011fit\u2019e te\u015fekk\u00fcr etti. Sar\u0131, \u201cBu g\u00fczel park\u0131 ve Mola Evi&#8217;ni hep birlikte koruyaca\u011f\u0131z\u201d dedi.<\/p>\n","protected":false},"excerpt":{"rendered":"<p>Yeni\u015fehir Belediyesi, G\u00fcvenevler Mahallesi&#8217;nde ba\u015ftan a\u015fa\u011f\u0131 yeniledi\u011fi G\u00fcven Park\u0131\u2019nda Mola Evi\u2019ni hizmete a\u00e7t\u0131. \u00c7ay\u0131n 2 TL\u2019den sat\u0131laca\u011f\u0131 Mola Evi\u2019nin a\u00e7\u0131l\u0131\u015f\u0131nda konu\u015fan Yeni\u015fehir Belediye Ba\u015fkan\u0131 Abdullah \u00d6zyi\u011fit, Ocak ay\u0131nda Kent Lokantas\u0131 da a\u00e7acaklar\u0131n\u0131 s\u00f6yledi. Yeni\u015fehir Belediyesi, kentin en yo\u011fun b\u00f6lgelerinden birinde bulunan G\u00fcven Park\u0131\u2019n\u0131 yeniledi. Yakla\u015f\u0131k 2 bin metrekarelik bir alana sahip olan park, modern bir [&hellip;]<\/p>\n","protected":false},"author":2,"featured_media":37857,"comment_status":"closed","ping_status":"closed","sticky":false,"template":"","format":"standard","meta":{"footnotes":""},"categories":[34,3,5],"tags":[],"class_list":["post-37856","post","type-post","status-publish","format-standard","has-post-thumbnail","hentry","category-flas-haber","category-manset","category-mersin"],"views":9,"_links":{"self":[{"href":"https:\/\/mersinkadingazetesi.com\/index.php?rest_route=\/wp\/v2\/posts\/37856"}],"collection":[{"href":"https:\/\/mersinkadingazetesi.com\/index.php?rest_route=\/wp\/v2\/posts"}],"about":[{"href":"https:\/\/mersinkadingazetesi.com\/index.php?rest_route=\/wp\/v2\/types\/post"}],"author":[{"embeddable":true,"href":"https:\/\/mersinkadingazetesi.com\/index.php?rest_route=\/wp\/v2\/users\/2"}],"replies":[{"embeddable":true,"href":"https:\/\/mersinkadingazetesi.com\/index.php?rest_route=%2Fwp%2Fv2%2Fcomments&post=37856"}],"version-history":[{"count":1,"href":"https:\/\/mersinkadingazetesi.com\/index.php?rest_route=\/wp\/v2\/posts\/37856\/revisions"}],"predecessor-version":[{"id":37858,"href":"https:\/\/mersinkadingazetesi.com\/index.php?rest_route=\/wp\/v2\/posts\/37856\/revisions\/37858"}],"wp:featuredmedia":[{"embeddable":true,"href":"https:\/\/mersinkadingazetesi.com\/index.php?rest_route=\/wp\/v2\/media\/37857"}],"wp:attachment":[{"href":"https:\/\/mersinkadingazetesi.com\/index.php?rest_route=%2Fwp%2Fv2%2Fmedia&parent=37856"}],"wp:term":[{"taxonomy":"category","embeddable":true,"href":"https:\/\/mersinkadingazetesi.com\/index.php?rest_route=%2Fwp%2Fv2%2Fcategories&post=37856"},{"taxonomy":"post_tag","embeddable":true,"href":"https:\/\/mersinkadingazetesi.com\/index.php?rest_route=%2Fwp%2Fv2%2Ftags&post=37856"}],"curies":[{"name":"wp","href":"https:\/\/api.w.org\/{rel}","templated":true}]}}