{"id":37859,"date":"2024-12-15T15:26:31","date_gmt":"2024-12-15T12:26:31","guid":{"rendered":"https:\/\/mersinkadingazetesi.com\/?p=37859"},"modified":"2024-12-15T15:26:32","modified_gmt":"2024-12-15T12:26:32","slug":"toroslar-belediye-baskani-yildiz-kirsal-mahallelerde-yurttaslarla-bulustu","status":"publish","type":"post","link":"https:\/\/mersinkadingazetesi.com\/?p=37859","title":{"rendered":"TOROSLAR BELED\u0130YE BA\u015eKANI YILDIZ, KIRSAL MAHALLELERDE YURTTA\u015eLARLA BULU\u015eTU"},"content":{"rendered":"\n<p>Toroslar Belediye Ba\u015fkan\u0131 Abdurrahman Y\u0131ld\u0131z, belediyenin 2 milyar 300 milyon liral\u0131k b\u00fct\u00e7esini halk\u0131n \u00f6nceliklerini, ihtiya\u00e7lar\u0131n\u0131 dikkate alarak, halka dan\u0131\u015farak harcayacaklar\u0131n\u0131 belirterek &#8220;Biz, halk\u0131n b\u00fct\u00e7e yapma hakk\u0131na inan\u0131yoruz.&nbsp;&nbsp;E\u011fer bu b\u00fct\u00e7eyi do\u011fru ve yerinde kullan\u0131rsak, yanda\u015flara, \u00e7evremize pe\u015fke\u015f \u00e7ekmezsek, halk\u0131n sorunlar\u0131n\u0131 \u00e7\u00f6zmek amac\u0131yla kullan\u0131rsak Toroslar&#8217;da \u00e7\u00f6z\u00fclemeyecek bir sorun oldu\u011funu d\u00fc\u015f\u00fcnm\u00fcyorum. Toroslar Belediyesinde bug\u00fcne kadar yap\u0131lan b\u00fct\u00e7eler do\u011fru de\u011ferlendirilmi\u015f olsayd\u0131, Toroslar&#8217;da asfalt, yol, kald\u0131r\u0131m ve temizlik sorunlar\u0131 \u00e7oktan \u00e7\u00f6z\u00fclm\u00fc\u015f olurdu. Biz ge\u00e7mi\u015fi geride b\u0131rak\u0131p bundan sonraki s\u00fcrece odaklanmak istiyoruz. Temel derdimiz bu&#8221; dedi.<\/p>\n\n\n\n<p>Toroslar Belediye Ba\u015fkan\u0131 Abdurrahman Y\u0131ld\u0131z, k\u0131rsal mahalle gezilerini Evrenli, Dar\u0131sekisi, Kepirli, So\u011fucak ve Bekiralan\u0131 mahallelerinde s\u00fcrd\u00fcrd\u00fc.<\/p>\n\n\n\n<p>Y\u0131l\u0131n 12 ay\u0131 k\u0131rsal mahallelerde kal\u0131p tar\u0131m ve hayvanc\u0131l\u0131k yapan yurtta\u015flarla bir araya gelmek, taleplerini dinlemek \u00fczere bu gezileri yapt\u0131klar\u0131n\u0131 kaydeden Ba\u015fkan Y\u0131ld\u0131z, &#8220;Biz, halk\u0131n b\u00fct\u00e7e yapma hakk\u0131na inanan bir siyasi g\u00f6r\u00fc\u015ften geliyoruz. 2024 y\u0131l\u0131nda, bizden \u00f6nceki y\u00f6netimin haz\u0131rlad\u0131\u011f\u0131 b\u00fct\u00e7eyi harcad\u0131k. Ancak 2025 y\u0131l\u0131 b\u00fct\u00e7esini biz yapt\u0131k. Bizim \u00f6nceliklerimiz, \u00f6nceki y\u00f6netimin \u00f6nceliklerinden farkl\u0131. \u015eimdi, bizim bu \u00f6nceliklerimiz halk\u0131n \u00f6ncelikleriyle ger\u00e7ekten kesi\u015fiyor mu, bunu kontrol etmek i\u00e7in buraday\u0131z. Sorunlar\u0131 yerinde tespit etmek ve acil \u00e7\u00f6z\u00fclmesi gereken meseleleri belirlemek istiyoruz&#8221; dedi.<\/p>\n\n\n\n<p><strong>&#8220;YILLARDIR B\u0130R\u0130KM\u0130\u015e, \u0130HMAL ED\u0130LM\u0130\u015e SORUNLARI \u00c7\u00d6Z\u00dcYORUZ&#8221;<\/strong><\/p>\n\n\n\n<p>2025 y\u0131l\u0131 b\u00fct\u00e7esinin yakla\u015f\u0131k 2 milyar 300 milyon TL oldu\u011funu kaydeden Ba\u015fkan Y\u0131ld\u0131z, &#8220;Bu ciddi bir rakam. Mali m\u00fc\u015favir olarak y\u0131llarca b\u00fcy\u00fck firmalar\u0131n denetimini yapt\u0131m. Mersin&#8217;de bile bu b\u00fcy\u00fckl\u00fckte bir b\u00fct\u00e7eye sahip bir \u015firket yoktu. E\u011fer bu b\u00fct\u00e7eyi do\u011fru ve yerinde kullan\u0131rsak, yanda\u015flara, \u00e7evremize pe\u015fke\u015f \u00e7ekmezsek, halk\u0131n sorunlar\u0131n\u0131 \u00e7\u00f6zmek amac\u0131yla kullan\u0131rsak Toroslar&#8217;da \u00e7\u00f6z\u00fclemeyecek bir sorun oldu\u011funu d\u00fc\u015f\u00fcnm\u00fcyorum. \u00d6nemli olan, sorunlar\u0131 do\u011fru tespit etmek, aciliyet derecesini belirlemek ve kaynaklar\u0131 ihtiya\u00e7larla e\u015fle\u015ftirmek. Belediyecilik tam da budur. B\u00fct\u00e7enizi ba\u015fka t\u00fcrl\u00fc kullan\u0131rsan\u0131z i\u015fte belediyemizin \u015fu an i\u00e7inde bulundu\u011fu s\u00fcreci ya\u015fam\u0131\u015f olursunuz. 30 y\u0131ll\u0131k bir belediye olmas\u0131na ra\u011fmen, h\u00e2l\u00e2 asfalt, yol parke, kald\u0131r\u0131m ve temizlik meselesinin devam etti\u011fi bir s\u00fcreci konu\u015fuyoruz. Toroslar Belediyesinde bug\u00fcne kadar yap\u0131lan b\u00fct\u00e7eler do\u011fru de\u011ferlendirilmi\u015f olsayd\u0131, Toroslar&#8217;da asfalt, yol, kald\u0131r\u0131m ve temizlik sorunlar\u0131 \u00e7oktan \u00e7\u00f6z\u00fclm\u00fc\u015f olurdu. Biz ge\u00e7mi\u015fi geride b\u0131rak\u0131p bundan sonraki s\u00fcrece odaklanmak istiyoruz. Temel derdimiz bu&#8221; ifadelerini kulland\u0131.<\/p>\n\n\n\n<p><strong>&#8220;HANG\u0130 K\u00d6YDE NE \u0130HT\u0130YACI VAR BEL\u0130RLEYECE\u011e\u0130Z&#8221;<\/strong><\/p>\n\n\n\n<p>Fen \u0130\u015fleri M\u00fcd\u00fcrl\u00fc\u011f\u00fc ve Tar\u0131msal Hizmetler M\u00fcd\u00fcrl\u00fc\u011f\u00fc&#8217;ne ba\u011fl\u0131 ekiplerin, ziyaret ettikleri k\u00f6ylerde sorunlar\u0131 yerinde tespit ederek detayl\u0131 raporlar haz\u0131rlayaca\u011f\u0131n\u0131 kaydeden Ba\u015fkan Y\u0131ld\u0131z, &#8220;\u00d6rne\u011fin, hangi k\u00f6yde ne kadar parke ta\u015f\u0131, asfalt ya da kald\u0131r\u0131m ta\u015f\u0131 gerekti\u011fini belirleyecekler. \u015eu an 67 mahallede \u00e7al\u0131\u015fmalar\u0131m\u0131z s\u00fcr\u00fcyor.&nbsp;&nbsp;Ocak 2025 itibar\u0131yla ihtiya\u00e7lara y\u00f6nelik ihaleleri ger\u00e7ekle\u015ftirecek ve Nisan ay\u0131nda k\u0131rsaldan ba\u015flayarak acil eksiklikleri gidermeye ba\u015flayaca\u011f\u0131z&#8221; dedi.<\/p>\n\n\n\n<p><strong>&#8220;\u00c7\u0130FT\u00c7\u0130LER\u0130N HAYATINI KOLAYLA\u015eTIRMAK \u0130ST\u0130YORUZ&#8221;<\/strong><\/p>\n\n\n\n<p>Toroslar Belediyesi olarak yeni d\u00f6nemde tar\u0131ma \u00f6zel bir \u00f6nem verdiklerini kaydeden Ba\u015fkan Y\u0131ld\u0131z, &#8220;\u0130nsanlar, kendi \u00fcrettikleriyle ge\u00e7inemez hale geldi\u011fi i\u00e7in \u00e7ift\u00e7ilikten uzakla\u015f\u0131yor. Yani y\u00fczde 5 n\u00fcfus y\u00fczde 95 n\u00fcfusu doyuracak, bu matematiksel olarak m\u00fcmk\u00fcn olmayan bir \u015fey. Bu durum tar\u0131msal \u00fcretimi ve g\u0131da g\u00fcvenli\u011fini de tehdit ediyor. T\u00fcrkiye, kendi ihtiyac\u0131n\u0131 kar\u015f\u0131lamakta zorlan\u0131yor. Bu sorunlar il\u00e7e belediyesi d\u00fczeyinde tam anlam\u0131yla \u00e7\u00f6z\u00fclebilecek meseleler de\u011fil. \u0130l\u00e7e belediyesi olarak biz de bu konularda birtak\u0131m \u00e7al\u0131\u015fmalar yap\u0131yoruz. Tar\u0131m konusunda emek veren insanlar\u0131m\u0131z\u0131n ya\u015fam\u0131n\u0131 kolayla\u015ft\u0131rmak istiyoruz. \u00c7ift\u00e7ilik yapmaya devam eden yurtta\u015flar\u0131m\u0131z\u0131n hayat\u0131n\u0131 kolayla\u015ft\u0131rmak i\u00e7in biz de elimizden geleni yap\u0131yoruz. \u00d6rne\u011fin \u015fehirdeki asfalt yol kadar, k\u00f6ydeki bah\u00e7eye ula\u015f\u0131m yolunu da \u00f6nemli g\u00f6r\u00fcyoruz. E\u011fer k\u00f6ydeki tar\u0131m\u0131 s\u00fcrd\u00fcremezsek, kentteki yolda y\u00fcr\u00fcmenin de bir anlam\u0131 kalmaz. Hedefimiz, halk\u0131m\u0131z\u0131n ihtiya\u00e7lar\u0131n\u0131 \u00f6nceliklendirmek ve Toroslar&#8217;daki sorunlar\u0131 h\u0131zla \u00e7\u00f6zmektir. \u015eehirde ya da k\u0131rsalda fark etmeksizin halk\u0131n ya\u015fam kalitesini art\u0131rmak i\u00e7in \u00e7al\u0131\u015f\u0131yoruz&#8221; dedi.<\/p>\n","protected":false},"excerpt":{"rendered":"<p>Toroslar Belediye Ba\u015fkan\u0131 Abdurrahman Y\u0131ld\u0131z, belediyenin 2 milyar 300 milyon liral\u0131k b\u00fct\u00e7esini halk\u0131n \u00f6nceliklerini, ihtiya\u00e7lar\u0131n\u0131 dikkate alarak, halka dan\u0131\u015farak harcayacaklar\u0131n\u0131 belirterek &#8220;Biz, halk\u0131n b\u00fct\u00e7e yapma hakk\u0131na inan\u0131yoruz.&nbsp;&nbsp;E\u011fer bu b\u00fct\u00e7eyi do\u011fru ve yerinde kullan\u0131rsak, yanda\u015flara, \u00e7evremize pe\u015fke\u015f \u00e7ekmezsek, halk\u0131n sorunlar\u0131n\u0131 \u00e7\u00f6zmek amac\u0131yla kullan\u0131rsak Toroslar&#8217;da \u00e7\u00f6z\u00fclemeyecek bir sorun oldu\u011funu d\u00fc\u015f\u00fcnm\u00fcyorum. Toroslar Belediyesinde bug\u00fcne kadar yap\u0131lan b\u00fct\u00e7eler do\u011fru [&hellip;]<\/p>\n","protected":false},"author":2,"featured_media":37860,"comment_status":"closed","ping_status":"closed","sticky":false,"template":"","format":"standard","meta":{"footnotes":""},"categories":[3,5],"tags":[],"class_list":["post-37859","post","type-post","status-publish","format-standard","has-post-thumbnail","hentry","category-manset","category-mersin"],"views":4,"_links":{"self":[{"href":"https:\/\/mersinkadingazetesi.com\/index.php?rest_route=\/wp\/v2\/posts\/37859"}],"collection":[{"href":"https:\/\/mersinkadingazetesi.com\/index.php?rest_route=\/wp\/v2\/posts"}],"about":[{"href":"https:\/\/mersinkadingazetesi.com\/index.php?rest_route=\/wp\/v2\/types\/post"}],"author":[{"embeddable":true,"href":"https:\/\/mersinkadingazetesi.com\/index.php?rest_route=\/wp\/v2\/users\/2"}],"replies":[{"embeddable":true,"href":"https:\/\/mersinkadingazetesi.com\/index.php?rest_route=%2Fwp%2Fv2%2Fcomments&post=37859"}],"version-history":[{"count":1,"href":"https:\/\/mersinkadingazetesi.com\/index.php?rest_route=\/wp\/v2\/posts\/37859\/revisions"}],"predecessor-version":[{"id":37861,"href":"https:\/\/mersinkadingazetesi.com\/index.php?rest_route=\/wp\/v2\/posts\/37859\/revisions\/37861"}],"wp:featuredmedia":[{"embeddable":true,"href":"https:\/\/mersinkadingazetesi.com\/index.php?rest_route=\/wp\/v2\/media\/37860"}],"wp:attachment":[{"href":"https:\/\/mersinkadingazetesi.com\/index.php?rest_route=%2Fwp%2Fv2%2Fmedia&parent=37859"}],"wp:term":[{"taxonomy":"category","embeddable":true,"href":"https:\/\/mersinkadingazetesi.com\/index.php?rest_route=%2Fwp%2Fv2%2Fcategories&post=37859"},{"taxonomy":"post_tag","embeddable":true,"href":"https:\/\/mersinkadingazetesi.com\/index.php?rest_route=%2Fwp%2Fv2%2Ftags&post=37859"}],"curies":[{"name":"wp","href":"https:\/\/api.w.org\/{rel}","templated":true}]}}