{"id":37874,"date":"2024-12-16T10:47:42","date_gmt":"2024-12-16T07:47:42","guid":{"rendered":"https:\/\/mersinkadingazetesi.com\/?p=37874"},"modified":"2024-12-16T10:47:43","modified_gmt":"2024-12-16T07:47:43","slug":"niyet-hayvanlari-korumak-degil-nefreti-guclendirmektir","status":"publish","type":"post","link":"https:\/\/mersinkadingazetesi.com\/?p=37874","title":{"rendered":"&#8220;N\u0130YET HAYVANLARI KORUMAK DE\u011e\u0130L, NEFRET\u0130 G\u00dc\u00c7LEND\u0130RMEKT\u0130R!&#8221;"},"content":{"rendered":"\n<p>Hayvan katliam\u0131n\u0131n \u00f6n\u00fcn\u00fc a\u00e7an ve katliam yasas\u0131 olarak adland\u0131r\u0131lan yasan\u0131n y\u00f6netmeli\u011finin Resmi Gazete&#8217;de yay\u0131mlanmas\u0131na tepki g\u00f6steren Mersin Barosu Hayvan Haklar\u0131 Komisyonu yapt\u0131\u011f\u0131 yaz\u0131l\u0131 a\u00e7\u0131klamas\u0131nda, &#8220;D\u00fczenlemedeki niyet hayvanlar\u0131 korumak de\u011fil, hayvanlara ve hayvanseverlere kar\u015f\u0131 yarat\u0131lan nefreti g\u00fc\u00e7lendirme amac\u0131na hizmet etmektedir. Katliam\u0131 uygulama y\u00f6netmeli\u011fi iptal edilmelidir&#8221; ifadesini kulland\u0131.<\/p>\n\n\n\n<p>&#8220;D\u00dcZENLEMEDEK\u0130 N\u0130YET, HAYVAN SAH\u0130PLENMEN\u0130N \u00d6NEM\u0130N\u0130 VURGULAMAK DE\u011e\u0130LD\u0130R&#8221;<\/p>\n\n\n\n<p>Mersin Barosu Hayvan Haklar\u0131 Komisyonu yapt\u0131\u011f\u0131 yaz\u0131l\u0131 a\u00e7\u0131klamas\u0131nda, &#8220;Kanundan daha a\u011f\u0131r h\u00fck\u00fcmler i\u00e7eren Hayvanlar\u0131n Korunmas\u0131na Dair Uygulama Y\u00f6netmeli\u011fi 13.12.2024 tarihinde Resmi Gazete&#8217;de yay\u0131nlanarak y\u00fcr\u00fcrl\u00fc\u011fe girmi\u015ftir. Yap\u0131lan d\u00fczenlemelerde niyet hayvanlar\u0131 korumak, hayvan sahiplenmenin \u00f6nemini vurgulamak veya toplum g\u00fcvenli\u011fini sa\u011flamak de\u011fil, hayvanlara ve hayvanseverlere kar\u015f\u0131 yarat\u0131lan nefreti g\u00fc\u00e7lendirme amac\u0131na hizmet etmektedir.<\/p>\n\n\n\n<p>S\u00f6z konusu y\u00f6netmelik hen\u00fcz tasar\u0131 halindeyken dahi, T\u00fcrkiye genelinde hayvanlara y\u00f6nelik bir\u00e7ok katliam\u0131n ya\u015fanmas\u0131n\u0131n yan\u0131 s\u0131ra, tasar\u0131n\u0131n y\u00fcr\u00fcrl\u00fc\u011fe girmesinin hemen akabinde Ankara Mamak Belediyesi Sokak Hayvanlar\u0131 Rehabilitasyon ve Ge\u00e7ici Bak\u0131m Merkezi&#8217;nde hayvanlar\u0131n a\u00e7 ve susuz b\u0131rak\u0131ld\u0131klar\u0131n\u0131, a\u00e7l\u0131k ve susuzluktan birbirini par\u00e7alam\u0131\u015f k\u00f6pekler oldu\u011funu, beden b\u00fct\u00fcnl\u00fc\u011f\u00fc bozulmu\u015f ve ya\u015fam\u0131n\u0131 yitirmi\u015f onlarca k\u00f6pe\u011fin d\u0131\u015fk\u0131lar\u0131 ile dolu ortamlarda bulundu\u011funu Ankara Barosu Hayvan Haklar\u0131 Merkezi sayesinde \u00fcz\u00fcnt\u00fc ile \u00f6\u011frenmi\u015f bulunmaktay\u0131z.<\/p>\n\n\n\n<p>&#8220;HER CANLININ YA\u015eAMINI SAVUNMAKTAN B\u0130R ADIM GER\u0130 ATMAYACA\u011eIZ&#8221;<\/p>\n\n\n\n<p>14.12.2024 tarihli Mamak Belediyesi Sokak Hayvanlar\u0131 Rehabilitasyon ve Ge\u00e7ici Bak\u0131m Merkezi&#8217;nde ya\u015fanan olay ile bar\u0131naklar\u0131n birer toplama kamp\u0131 oldu\u011fu, 7527 Say\u0131l\u0131 Kanun&#8217;un bir katliam yasas\u0131 oldu\u011fu daha \u00f6nce defalarca dile getirilmi\u015f; Mamak&#8217;taki olayla bar\u0131naklar\u0131n durumunun m\u00fcnferit bir vaka olmad\u0131\u011f\u0131, katliam yasas\u0131n\u0131n iptalinin gereklili\u011fi bir kez daha g\u00fcn y\u00fcz\u00fcne \u00e7\u0131km\u0131\u015ft\u0131r.<\/p>\n\n\n\n<p>&nbsp;Her canl\u0131n\u0131n ya\u015fam\u0131n\u0131 savunmaktan bir ad\u0131m geri atmayaca\u011f\u0131m\u0131z\u0131 bildirerek, Anayasa Mahkemesi&#8217;nin 7527 say\u0131l\u0131 yasa hakk\u0131nda g\u00f6r\u00fc\u015fmelerine \u00f6ncelik verip, bir an \u00f6nce \u00fclkemizdeki hayvan \u015fiddetinin \u00f6nlemesinde tarihi bir sorumlulu\u011fu oldu\u011funu hat\u0131rlat\u0131yor, yasan\u0131n iptaline karar verilmesi gerekti\u011fini bir kere daha hayk\u0131r\u0131yoruz. Baromuz ve Hayvan Haklar\u0131 Komisyonu olarak bu olay\u0131n takip\u00e7isi olaca\u011f\u0131m\u0131z\u0131 meslekta\u015flar\u0131m\u0131z\u0131n ve kamuoyunun bilgisine sunar\u0131z&#8221; ifadesini kulland\u0131.&nbsp;&nbsp;<\/p>\n","protected":false},"excerpt":{"rendered":"<p>Hayvan katliam\u0131n\u0131n \u00f6n\u00fcn\u00fc a\u00e7an ve katliam yasas\u0131 olarak adland\u0131r\u0131lan yasan\u0131n y\u00f6netmeli\u011finin Resmi Gazete&#8217;de yay\u0131mlanmas\u0131na tepki g\u00f6steren Mersin Barosu Hayvan Haklar\u0131 Komisyonu yapt\u0131\u011f\u0131 yaz\u0131l\u0131 a\u00e7\u0131klamas\u0131nda, &#8220;D\u00fczenlemedeki niyet hayvanlar\u0131 korumak de\u011fil, hayvanlara ve hayvanseverlere kar\u015f\u0131 yarat\u0131lan nefreti g\u00fc\u00e7lendirme amac\u0131na hizmet etmektedir. Katliam\u0131 uygulama y\u00f6netmeli\u011fi iptal edilmelidir&#8221; ifadesini kulland\u0131. &#8220;D\u00dcZENLEMEDEK\u0130 N\u0130YET, HAYVAN SAH\u0130PLENMEN\u0130N \u00d6NEM\u0130N\u0130 VURGULAMAK DE\u011e\u0130LD\u0130R&#8221; Mersin Barosu [&hellip;]<\/p>\n","protected":false},"author":2,"featured_media":37875,"comment_status":"closed","ping_status":"closed","sticky":false,"template":"","format":"standard","meta":{"footnotes":""},"categories":[3],"tags":[],"class_list":["post-37874","post","type-post","status-publish","format-standard","has-post-thumbnail","hentry","category-manset"],"views":2,"_links":{"self":[{"href":"https:\/\/mersinkadingazetesi.com\/index.php?rest_route=\/wp\/v2\/posts\/37874"}],"collection":[{"href":"https:\/\/mersinkadingazetesi.com\/index.php?rest_route=\/wp\/v2\/posts"}],"about":[{"href":"https:\/\/mersinkadingazetesi.com\/index.php?rest_route=\/wp\/v2\/types\/post"}],"author":[{"embeddable":true,"href":"https:\/\/mersinkadingazetesi.com\/index.php?rest_route=\/wp\/v2\/users\/2"}],"replies":[{"embeddable":true,"href":"https:\/\/mersinkadingazetesi.com\/index.php?rest_route=%2Fwp%2Fv2%2Fcomments&post=37874"}],"version-history":[{"count":1,"href":"https:\/\/mersinkadingazetesi.com\/index.php?rest_route=\/wp\/v2\/posts\/37874\/revisions"}],"predecessor-version":[{"id":37876,"href":"https:\/\/mersinkadingazetesi.com\/index.php?rest_route=\/wp\/v2\/posts\/37874\/revisions\/37876"}],"wp:featuredmedia":[{"embeddable":true,"href":"https:\/\/mersinkadingazetesi.com\/index.php?rest_route=\/wp\/v2\/media\/37875"}],"wp:attachment":[{"href":"https:\/\/mersinkadingazetesi.com\/index.php?rest_route=%2Fwp%2Fv2%2Fmedia&parent=37874"}],"wp:term":[{"taxonomy":"category","embeddable":true,"href":"https:\/\/mersinkadingazetesi.com\/index.php?rest_route=%2Fwp%2Fv2%2Fcategories&post=37874"},{"taxonomy":"post_tag","embeddable":true,"href":"https:\/\/mersinkadingazetesi.com\/index.php?rest_route=%2Fwp%2Fv2%2Ftags&post=37874"}],"curies":[{"name":"wp","href":"https:\/\/api.w.org\/{rel}","templated":true}]}}