{"id":37877,"date":"2024-12-16T10:53:52","date_gmt":"2024-12-16T07:53:52","guid":{"rendered":"https:\/\/mersinkadingazetesi.com\/?p=37877"},"modified":"2024-12-16T10:53:52","modified_gmt":"2024-12-16T07:53:52","slug":"mhp-mersin-milletvekili-ve-myk-uyesi-dr-levent-uysal-tbmm-tvde-konustu","status":"publish","type":"post","link":"https:\/\/mersinkadingazetesi.com\/?p=37877","title":{"rendered":"MHP MERS\u0130N M\u0130LLETVEK\u0130L\u0130 VE MYK \u00dcYES\u0130 DR. LEVENT UYSAL, TBMM TV\u2019DE KONU\u015eTU"},"content":{"rendered":"\n<p>Milliyet\u00e7i Hareket Partisi Mersin Milletvekili ve MYK \u00dcyesi Dr. Levent Uysal TBMM TV\u2019ye verdi\u011fi r\u00f6portajda \u0130srail\u2019in, Filistin ve Gazze\u2019deki sald\u0131r\u0131lar\u0131n\u0131 durdurabilmesi i\u00e7in t\u00fcm d\u00fcnyay\u0131 kay\u0131ts\u0131z kalmamaya davet etti. Milletvekili Uysal <strong>\u201cFilistin\u2019de bar\u0131\u015f ortam\u0131n\u0131n sa\u011flanmas\u0131 sadece T\u00fcrkiye\u2019nin yapaca\u011f\u0131 bir \u015fey de\u011fil. Birle\u015fmi\u015f Milletler ba\u015fta olmak \u00fczere t\u00fcm d\u00fcnya \u00fclkeleri bu k\u0131y\u0131ma sessiz kalmamal\u0131 ve bar\u0131\u015f\u00e7\u0131l tutum el birli\u011fiyle sergilenmelidir.\u201d<\/strong> dedi.<\/p>\n\n\n\n<p>Milliyet\u00e7i Hareket Partisi Mersin Milletvekili ve MYK \u00dcyesi Dr. Levent Uysal TBMM TV\u2019nin 30\u2019uncu kurulu\u015f y\u0131l\u0131n\u0131 kutlayarak g\u00fcndem ile ilgili a\u00e7\u0131klamalarda bulundu. \u0130srail ordusunun Filistin ve Gazze \u015feridine d\u00fczenlendi\u011fi sald\u0131r\u0131larda hayat\u0131n\u0131 kaybedenlerin say\u0131s\u0131n\u0131n 45 bine dayand\u0131\u011f\u0131n\u0131 hat\u0131rlatan Uysal, bu soyk\u0131r\u0131ma MHP ve T\u00fcrkiye olarak duyars\u0131z kalmad\u0131klar\u0131n\u0131 belirtti.<\/p>\n\n\n\n<p><strong>\u201cBizim i\u00e7in Kud\u00fcs tarih ve vatan demektir.\u201d<\/strong> diyen Milletvekili Uysal \u015f\u00f6yle devam etti;<\/p>\n\n\n\n<p><strong>\u201cBizim i\u00e7in Kud\u00fcs k\u0131ble demektir. Her zaman biz Milliyet\u00e7i Hareket Partisi olarak mazlumlar\u0131n hep yan\u0131nda olduk.&nbsp; Nerede mazlum varsa hem Milliyet\u00e7i Hareket Partisi hem de T\u00fcrkiye Cumhuriyeti Devleti hep yan\u0131ndad\u0131r. Bir ger\u00e7ek vard\u0131r ki; Genel Ba\u015fkan\u0131m\u0131z Say\u0131n Devlet Bah\u00e7eli \u2018Kud\u00fcs\u2019\u00fcn g\u00fcvenli\u011fi T\u00fcrkiye\u2019nin g\u00fcvenli\u011fi\u2019 demi\u015ftir. Onun i\u00e7in Kud\u00fcs\u2019teki halk ne kadar huzurlu ne kadar g\u00fcvenli ise T\u00fcrkiye Cumhuriyeti\u2019nde ya\u015fayan herkes o kadar g\u00fcvenli ve huzurludur.\u201d<\/strong><\/p>\n\n\n\n<p>S\u00fcrd\u00fcr\u00fclebilir bar\u0131\u015f\u0131n sa\u011flanmas\u0131 i\u00e7in \u0130srail ve Filistin aras\u0131nda 2 devlet kurulmas\u0131n\u0131 gerekti\u011fini s\u00f6yleyen MHP Mersin Milletvekili Uysal <strong>\u201cKud\u00fcs\u2019te \u0130srail\u2019in ve Filistin aras\u0131nda 2 devlet kurulmal\u0131 ve s\u00fcrd\u00fcr\u00fclebilir bar\u0131\u015f sa\u011flanmal\u0131d\u0131r. \u00c7\u00fcnk\u00fc oradaki halk\u0131n her zaman beraber ya\u015famaya ihtiyac\u0131 var. \u00c7ocuklar\u0131n b\u00f6yle bir ortamda yeti\u015fmesi imk\u00e2ns\u0131z. Onun i\u00e7in s\u00fcrd\u00fcr\u00fclebilir bar\u0131\u015f bir an \u00f6nce b\u00f6lgede h\u00e2kim k\u0131l\u0131nmal\u0131d\u0131r. B\u00fct\u00fcn d\u00fcnya devletleri taraf\u0131ndan, Birle\u015fmi\u015f Milletler taraf\u0131ndan karde\u015flik ortam\u0131 sa\u011flanmal\u0131d\u0131r.&nbsp; Bu sadece T\u00fcrkiye\u2019nin yapaca\u011f\u0131 bir \u015fey de\u011fil. Birle\u015fmi\u015f Milletlerin art\u0131k bu konuya el atmas\u0131 gerekiyor. Onun i\u00e7in Kud\u00fcs\u2019te ya\u015fayan insanlar\u0131n huzurunu hep birlikte in\u015fa edebiliriz.\u201d<\/strong> \u015feklinde konu\u015ftu.<\/p>\n","protected":false},"excerpt":{"rendered":"<p>Milliyet\u00e7i Hareket Partisi Mersin Milletvekili ve MYK \u00dcyesi Dr. Levent Uysal TBMM TV\u2019ye verdi\u011fi r\u00f6portajda \u0130srail\u2019in, Filistin ve Gazze\u2019deki sald\u0131r\u0131lar\u0131n\u0131 durdurabilmesi i\u00e7in t\u00fcm d\u00fcnyay\u0131 kay\u0131ts\u0131z kalmamaya davet etti. Milletvekili Uysal \u201cFilistin\u2019de bar\u0131\u015f ortam\u0131n\u0131n sa\u011flanmas\u0131 sadece T\u00fcrkiye\u2019nin yapaca\u011f\u0131 bir \u015fey de\u011fil. Birle\u015fmi\u015f Milletler ba\u015fta olmak \u00fczere t\u00fcm d\u00fcnya \u00fclkeleri bu k\u0131y\u0131ma sessiz kalmamal\u0131 ve bar\u0131\u015f\u00e7\u0131l tutum [&hellip;]<\/p>\n","protected":false},"author":2,"featured_media":37074,"comment_status":"closed","ping_status":"closed","sticky":false,"template":"","format":"standard","meta":{"footnotes":""},"categories":[3],"tags":[],"class_list":["post-37877","post","type-post","status-publish","format-standard","has-post-thumbnail","hentry","category-manset"],"views":2,"_links":{"self":[{"href":"https:\/\/mersinkadingazetesi.com\/index.php?rest_route=\/wp\/v2\/posts\/37877"}],"collection":[{"href":"https:\/\/mersinkadingazetesi.com\/index.php?rest_route=\/wp\/v2\/posts"}],"about":[{"href":"https:\/\/mersinkadingazetesi.com\/index.php?rest_route=\/wp\/v2\/types\/post"}],"author":[{"embeddable":true,"href":"https:\/\/mersinkadingazetesi.com\/index.php?rest_route=\/wp\/v2\/users\/2"}],"replies":[{"embeddable":true,"href":"https:\/\/mersinkadingazetesi.com\/index.php?rest_route=%2Fwp%2Fv2%2Fcomments&post=37877"}],"version-history":[{"count":1,"href":"https:\/\/mersinkadingazetesi.com\/index.php?rest_route=\/wp\/v2\/posts\/37877\/revisions"}],"predecessor-version":[{"id":37878,"href":"https:\/\/mersinkadingazetesi.com\/index.php?rest_route=\/wp\/v2\/posts\/37877\/revisions\/37878"}],"wp:featuredmedia":[{"embeddable":true,"href":"https:\/\/mersinkadingazetesi.com\/index.php?rest_route=\/wp\/v2\/media\/37074"}],"wp:attachment":[{"href":"https:\/\/mersinkadingazetesi.com\/index.php?rest_route=%2Fwp%2Fv2%2Fmedia&parent=37877"}],"wp:term":[{"taxonomy":"category","embeddable":true,"href":"https:\/\/mersinkadingazetesi.com\/index.php?rest_route=%2Fwp%2Fv2%2Fcategories&post=37877"},{"taxonomy":"post_tag","embeddable":true,"href":"https:\/\/mersinkadingazetesi.com\/index.php?rest_route=%2Fwp%2Fv2%2Ftags&post=37877"}],"curies":[{"name":"wp","href":"https:\/\/api.w.org\/{rel}","templated":true}]}}