{"id":37891,"date":"2024-12-16T15:15:27","date_gmt":"2024-12-16T12:15:27","guid":{"rendered":"https:\/\/mersinkadingazetesi.com\/?p=37891"},"modified":"2024-12-16T15:15:27","modified_gmt":"2024-12-16T12:15:27","slug":"deva-partili-ekmen-fahri-kuran-kursu-ogreticilerine-kadro-verilsin","status":"publish","type":"post","link":"https:\/\/mersinkadingazetesi.com\/?p=37891","title":{"rendered":"DEVA Partili Ekmen: Fahri Kur\u2019an kursu \u00f6\u011freticilerine kadro verilsin!\u00a0"},"content":{"rendered":"\n<p><strong>DEVA Partisi Genel Ba\u015fkan Yard\u0131mc\u0131s\u0131 Mehmet Emin Ekmen, fahri Kur<\/strong><strong>\u2019<\/strong><strong>an kursu \u00f6\u011freticilerinin kadro ve&nbsp;<\/strong><strong>\u00f6<\/strong><strong>zl\u00fck haklar\u0131 sorunlar\u0131n\u0131 Meclis g\u00fcndemine ta\u015f\u0131d\u0131.<\/strong><strong>&nbsp;<\/strong><strong>Fahri Kur&#8217;an kursu \u00f6\u011freticilerinin tam maa\u015f alamad\u0131klar\u0131na, yakla\u015f\u0131k 15 y\u0131ld\u0131r ayda sadece 8-9 g\u00fcn prim yat\u0131r\u0131ld\u0131\u011f\u0131na dikkat \u00e7eken Ekmen, Fahri Kur&#8217;an kursu \u00f6\u011freticilerinin a\u00e7l\u0131k s\u0131n\u0131r\u0131n\u0131<\/strong><strong>n alt<\/strong><strong>\u0131nda ya\u015fam m\u00fccadelesi verdi\u011finin alt\u0131n\u0131 \u00e7izerek,&nbsp;<\/strong><strong>\u201c<\/strong><strong>Fahri Kur<\/strong><strong>\u2019<\/strong><strong>an kursu \u00f6\u011freticilerine kadrolar\u0131n\u0131n verilmesi gerekiyor. Hocalar\u0131m\u0131z\u0131n geriye do\u011fru eksik SGK&#8217;lar\u0131 devlet taraf\u0131ndan tamamlas\u0131n. Devlete eksik SGK yat\u0131rmak yak\u0131\u015fmaz, ay\u0131pt\u0131r, g\u00fcnaht\u0131r\u201d dedi.<\/strong><\/p>\n\n\n\n<p><br>DEVA Partisi Genel Ba\u015fkan Yard\u0131mc\u0131s\u0131 ve Mersin Milletvekili Mehmet Emin Ekmen, Fahri Kur\u2019an Kursu \u00f6\u011freticilerinin kadro ve&nbsp;\u00f6zl\u00fck haklar\u0131 sorunlar\u0131n\u0131 T\u00fcrkiye B\u00fcy\u00fck Millet Meclisinde (TBMM) g\u00fcndeme getirdi. TBMM\u2019de bas\u0131n toplant\u0131s\u0131 d\u00fczenleyen Ekmen, fahri Kur\u2019an kursu \u00f6\u011freticilerinin sorunlar\u0131n\u0131n \u00e7\u00f6z\u00fcm\u00fcyle ilgili Cumhurba\u015fkan\u0131 Recep Tayyip Erdo\u011fan ba\u015fta olmak \u00fczere Diyanet \u0130\u015fleri Ba\u015fkan\u0131 Prof. Dr. Ali Erba\u015f ve Hazine Maliye Bakan\u0131 Mehmet \u015eim\u015fek\u2019e \u00e7a\u011fr\u0131da bulundu.<\/p>\n\n\n\n<p><strong>Devlete eksik SGK yat\u0131rmak yak\u0131\u015fmaz!<\/strong><\/p>\n\n\n\n<p>Fahri Kur\u2019an kursu \u00f6\u011freticilerinin kadro ve&nbsp;\u00f6zl\u00fck haklar\u0131 sorunlar\u0131na dikkat \u00e7eken Ekmen,&nbsp;\u201cYakla\u015f\u0131k 15 y\u0131ld\u0131r Fahri Kur&#8217;an kursu \u00f6\u011freticili\u011fi stat\u00fcs\u00fcnde \u00e7al\u0131\u015fan, ayda sadece 8-9 g\u00fcn primi yat\u0131r\u0131lan, maa\u015f\u0131n\u0131 tam olarak alamayan, y\u0131l\u0131n 12 ay\u0131 maa\u015f alamayan ve bug\u00fcn itibariyle a\u00e7l\u0131k s\u0131n\u0131r\u0131n\u0131n alt\u0131nda bir yerde hayat m\u00fccadelesi veren hocalar\u0131m\u0131z bulunmaktad\u0131r. Bununla ilgili olarak Kahramanmara\u015f Milletvekilimiz \u0130rfan Karatutlu ile birlikte bir kanun teklifi vermi\u015ftik. Fahri Kur\u2019an kursu \u00f6\u011freticilerine kadrolar\u0131n\u0131n verilmesi gerekiyor. Hocalar\u0131m\u0131z\u0131n geriye do\u011fru eksik SGK&#8217;lar\u0131 devlet taraf\u0131ndan tamamlas\u0131n. Devlete eksik SGK yat\u0131rmak yak\u0131\u015fmaz, ay\u0131pt\u0131r, g\u00fcnaht\u0131r. Vebaldir, kul hakk\u0131d\u0131r, vatanda\u015fl\u0131k hakk\u0131d\u0131r. Geriye do\u011fru bu SGK&#8217;lar\u0131 yat\u0131r\u0131rsan\u0131z bunlar\u0131n bir k\u0131sm\u0131 emekli olur\u201d de\u011ferlendirmesinde bulundu.<\/p>\n\n\n\n<p><strong>Ma\u011fduriyeti ortadan kald\u0131r\u0131n; kadro verin!<\/strong><\/p>\n\n\n\n<p>Ekmen, fahri Kur\u2019an kursu \u00f6\u011freticilerinin istihdam edilmesi ve tam maa\u015f verilmesi gerekti\u011finin alt\u0131n\u0131 \u00e7izerek, \u015f\u00f6yle devam etti;&nbsp;\u201cAsgari&nbsp;\u00fccretin \u00fczerinde onlara insan onuruna yak\u0131\u015f\u0131r bir \u015fekilde \u00e7oluk \u00e7ocuklar\u0131na r\u0131z\u0131klar\u0131n\u0131 g\u00f6t\u00fcrebilecekleri bir imkan tan\u0131y\u0131n. Bu ma\u011fduriyeti ortadan kald\u0131r\u0131n. Nas\u0131l ki 2022 y\u0131l\u0131nda s\u00f6zle\u015fmelilere, vekil ebe hem\u015firelere, vekil imamlara kadro verdiniz. Fahri Kur\u2019an Kursu \u00f6\u011freticilerine de kadro verin. SGK&#8217;l\u0131 bir \u015fekilde maa\u015fla istidam edin.\u201d<\/p>\n","protected":false},"excerpt":{"rendered":"<p>DEVA Partisi Genel Ba\u015fkan Yard\u0131mc\u0131s\u0131 Mehmet Emin Ekmen, fahri Kur\u2019an kursu \u00f6\u011freticilerinin kadro ve&nbsp;\u00f6zl\u00fck haklar\u0131 sorunlar\u0131n\u0131 Meclis g\u00fcndemine ta\u015f\u0131d\u0131.&nbsp;Fahri Kur&#8217;an kursu \u00f6\u011freticilerinin tam maa\u015f alamad\u0131klar\u0131na, yakla\u015f\u0131k 15 y\u0131ld\u0131r ayda sadece 8-9 g\u00fcn prim yat\u0131r\u0131ld\u0131\u011f\u0131na dikkat \u00e7eken Ekmen, Fahri Kur&#8217;an kursu \u00f6\u011freticilerinin a\u00e7l\u0131k s\u0131n\u0131r\u0131n\u0131n alt\u0131nda ya\u015fam m\u00fccadelesi verdi\u011finin alt\u0131n\u0131 \u00e7izerek,&nbsp;\u201cFahri Kur\u2019an kursu \u00f6\u011freticilerine kadrolar\u0131n\u0131n verilmesi gerekiyor. [&hellip;]<\/p>\n","protected":false},"author":2,"featured_media":37892,"comment_status":"closed","ping_status":"closed","sticky":false,"template":"","format":"standard","meta":{"footnotes":""},"categories":[3],"tags":[],"class_list":["post-37891","post","type-post","status-publish","format-standard","has-post-thumbnail","hentry","category-manset"],"views":3,"_links":{"self":[{"href":"https:\/\/mersinkadingazetesi.com\/index.php?rest_route=\/wp\/v2\/posts\/37891"}],"collection":[{"href":"https:\/\/mersinkadingazetesi.com\/index.php?rest_route=\/wp\/v2\/posts"}],"about":[{"href":"https:\/\/mersinkadingazetesi.com\/index.php?rest_route=\/wp\/v2\/types\/post"}],"author":[{"embeddable":true,"href":"https:\/\/mersinkadingazetesi.com\/index.php?rest_route=\/wp\/v2\/users\/2"}],"replies":[{"embeddable":true,"href":"https:\/\/mersinkadingazetesi.com\/index.php?rest_route=%2Fwp%2Fv2%2Fcomments&post=37891"}],"version-history":[{"count":1,"href":"https:\/\/mersinkadingazetesi.com\/index.php?rest_route=\/wp\/v2\/posts\/37891\/revisions"}],"predecessor-version":[{"id":37893,"href":"https:\/\/mersinkadingazetesi.com\/index.php?rest_route=\/wp\/v2\/posts\/37891\/revisions\/37893"}],"wp:featuredmedia":[{"embeddable":true,"href":"https:\/\/mersinkadingazetesi.com\/index.php?rest_route=\/wp\/v2\/media\/37892"}],"wp:attachment":[{"href":"https:\/\/mersinkadingazetesi.com\/index.php?rest_route=%2Fwp%2Fv2%2Fmedia&parent=37891"}],"wp:term":[{"taxonomy":"category","embeddable":true,"href":"https:\/\/mersinkadingazetesi.com\/index.php?rest_route=%2Fwp%2Fv2%2Fcategories&post=37891"},{"taxonomy":"post_tag","embeddable":true,"href":"https:\/\/mersinkadingazetesi.com\/index.php?rest_route=%2Fwp%2Fv2%2Ftags&post=37891"}],"curies":[{"name":"wp","href":"https:\/\/api.w.org\/{rel}","templated":true}]}}