{"id":37919,"date":"2024-12-17T11:29:35","date_gmt":"2024-12-17T08:29:35","guid":{"rendered":"https:\/\/mersinkadingazetesi.com\/?p=37919"},"modified":"2024-12-17T11:29:35","modified_gmt":"2024-12-17T08:29:35","slug":"gunduzler-mahallesine-organik-tarim-egitimi","status":"publish","type":"post","link":"https:\/\/mersinkadingazetesi.com\/?p=37919","title":{"rendered":"G\u00dcND\u00dcZLER MAHALLES\u0130&#8217;NE &#8216;ORGAN\u0130K TARIM E\u011e\u0130T\u0130M\u0130&#8217;"},"content":{"rendered":"\n<p>\u00c7evresel kirlilik yaratan ve ekolojik dengeyi tehdit eden kimyasal tar\u0131m ila\u00e7lar\u0131na ve kimyasal g\u00fcbrelere kar\u015f\u0131 organik tar\u0131m\u0131 desteklemek i\u00e7in harekete ge\u00e7en Mersin B\u00fcy\u00fck\u015fehir Belediyesi,&nbsp;<strong><em>&#8216;Organik Tar\u0131m E\u011fitimi&#8217;<\/em><\/strong>&nbsp;ile \u00e7ift\u00e7iyi bilin\u00e7lendirmeye devam ediyor. Tar\u0131msal \u00fcretimi desteklemek i\u00e7in, g\u00f6reve geldi\u011fi ilk g\u00fcnden bu yana bir dizi projenin ba\u015flat\u0131lmas\u0131n\u0131 sa\u011flayan Ba\u015fkan Vahap Se\u00e7er&#8217;in \u00f6nc\u00fcl\u00fc\u011f\u00fcnde hareket eden Tar\u0131msal Hizmetler Dairesi Ba\u015fkanl\u0131\u011f\u0131, \u00fcretimin art\u0131r\u0131lmas\u0131 ve daha kaliteli \u00fcr\u00fcnlerin elde edilmesi amac\u0131yla \u00e7al\u0131\u015fmalar\u0131na devam ediyor.<\/p>\n\n\n\n<p>Organik tar\u0131m\u0131n kentte yayg\u0131nla\u015fmas\u0131 ad\u0131na e\u011fitim i\u00e7in \u00e7ift\u00e7ilerin ayaklar\u0131na kadar giden ekipler, Silifke&#8217;nin G\u00fcnd\u00fczler Mahallesi&#8217;nde de \u00fcreticilerle bir araya geldi. En \u00f6nemli ge\u00e7im kaynaklar\u0131 tar\u0131msal \u00fcretim olan yurtta\u015flar, e\u011fitimde bilmedikleri her noktay\u0131 konu\u015ftu.<\/p>\n\n\n\n<p><strong>Se\u00e7kin: &#8220;Organik tar\u0131m konusunda \u00fcreticilerimizi s\u00fcrekli bilgilendiriyoruz&#8221;<\/strong><\/p>\n\n\n\n<p>Mersin B\u00fcy\u00fck\u015fehir Belediyesi Tar\u0131msal Hizmetler Dairesi Ba\u015fkanl\u0131\u011f\u0131&#8217;nda g\u00f6rev yapan Ziraat Y\u00fcksek M\u00fchendisi Aysun Se\u00e7kin,&nbsp;<strong>&#8220;Mersin B\u00fcy\u00fck\u015fehir Belediyesi olarak her projemizde ilk hedefimiz insanlar ve canl\u0131lar. Bu noktada organik tar\u0131m\u0131n ana hedefine odaklanarak b\u00f6yle bir proje geli\u015ftirdik. Bu sene 4.&#8217;s\u00fcn\u00fc yap\u0131yoruz&#8221;<\/strong>&nbsp;\u015feklinde konu\u015ftu. G\u00fcnd\u00fczler Mahallesi&#8217;nde organik tar\u0131m \u00fcretiminin yo\u011fun oldu\u011funa dikkat \u00e7eken Se\u00e7kin, baz\u0131 \u00fcreticilerin de organik tar\u0131m sertifikalar\u0131n\u0131 ald\u0131\u011f\u0131n\u0131 belirtti. Organik tar\u0131m sertifikas\u0131n\u0131n a\u015famal\u0131 olarak al\u0131nd\u0131\u011f\u0131n\u0131 s\u00f6yleyen Se\u00e7kin,&nbsp;<strong>&#8220;Organik tar\u0131ma ge\u00e7i\u015f direkt kay\u0131t olunca olmuyor, ge\u00e7i\u015f a\u015famalar\u0131 var. Bu noktada biz destek veriyoruz. T\u00fcm a\u015famalarda analizler yap\u0131l\u0131yor. \u00dcreticilerimize s\u00fcrekli bilgilendirme toplant\u0131lar\u0131 yap\u0131yor, hep birlikte organi\u011fe do\u011fru y\u00fcr\u00fcyoruz&#8221;<\/strong>&nbsp;dedi.<\/p>\n\n\n\n<p><strong>Ery\u0131lmaz: &#8220;Avrupa, y\u00fczde 35 oran\u0131nda organik tar\u0131m yap\u0131yor&#8221;<\/strong><\/p>\n\n\n\n<p>\u00c7ift\u00e7ilere organik tar\u0131m e\u011fitimi veren Ziraat Y\u00fcksek M\u00fchendisi Vahap Ery\u0131lmaz ise,&nbsp;<strong>&#8220;Organik tar\u0131m, T\u00fcrkiye genelinde \u00e7ok \u00f6nemli bir konu. Avrupa y\u00fczde 35 oran\u0131nda organik tar\u0131m yap\u0131yor. Biz daha y\u00fczde 2 d\u00fczeyindeyiz&#8221;<\/strong>&nbsp;ifadelerini kulland\u0131. T\u00fcrkiye&#8217;de organik tar\u0131m\u0131n geli\u015fmesi i\u00e7in yerel y\u00f6netimlere \u00e7ok \u00f6nemli g\u00f6revler d\u00fc\u015ft\u00fc\u011f\u00fcn\u00fc s\u00f6yleyen Ery\u0131lmaz,&nbsp;<strong>&#8220;Mersin B\u00fcy\u00fck\u015fehir Belediyesi&#8217;nin yapm\u0131\u015f oldu\u011fu bu e\u011fitimler \u00e7ok \u00f6nemli. Mersin&#8217;de bu projenin 4. y\u0131l\u0131nday\u0131z. Daha kapsaml\u0131 bir \u015fekilde de devam edecek&#8221;<\/strong>&nbsp;ifadelerine yer verdi.<\/p>\n\n\n\n<p><strong>Muhtar Yel: &#8220;B\u00fcy\u00fck\u015fehir bize her t\u00fcrl\u00fc kolayl\u0131\u011f\u0131 tan\u0131yor&#8221;<\/strong><\/p>\n\n\n\n<p>G\u00fcnd\u00fczler Mahalle Muhtar\u0131 Mahmut Yel, mahalle olarak organik tar\u0131mda ilerleme kaydettiklerini belirterek,&nbsp;<strong>&#8220;G\u00fcnd\u00fczler&#8217;in \u00fcz\u00fcm\u00fcn\u00fc art\u0131k d\u00fcnyaya duyurmaya \u00e7al\u0131\u015f\u0131yoruz. Mahallem ad\u0131na Ba\u015fkan\u0131m\u0131z Vahap Se\u00e7er&#8217;e \u00e7ok te\u015fekk\u00fcr ederim&#8221;<\/strong>&nbsp;dedi. \u00d6nceki y\u0131llarda kurutmal\u0131k \u00fcz\u00fcm \u00fcrettiklerini, ama girdi maliyetlerine kar\u015f\u0131n istedikleri geliri elde edemediklerini kaydeden Muhtar Yel,&nbsp;<strong>&#8220;Eskiden yollar\u0131m\u0131z da \u00e7ok k\u00f6t\u00fcyd\u00fc. Yollar\u0131m\u0131z da yap\u0131ld\u0131\u011f\u0131 i\u00e7in art\u0131k daha rahat\u0131z. B\u00fcy\u00fck\u015fehir bize her t\u00fcrl\u00fc kolayl\u0131\u011f\u0131 tan\u0131d\u0131. Muhtar olarak bu olanaklar\u0131 mahalleliye bildirdi\u011fim i\u00e7in, \u00e7ift\u00e7ilik art\u0131k burada artmaya ba\u015flad\u0131&#8221;<\/strong>&nbsp;diye konu\u015ftu.<\/p>\n\n\n\n<p><strong>\u00dcreticiler, organik tar\u0131m e\u011fitimleri sayesinde daha da bilin\u00e7lendi<\/strong><\/p>\n\n\n\n<p>E\u011fitimin \u00e7ok verimli ge\u00e7ti\u011fini vurgulayan \u00fcreticilerden Nazife Nasuhoglu,&nbsp;<strong>&#8220;Benim \u00f6mr\u00fcm, do\u011fdu\u011fum g\u00fcnden bu yana \u00fcretimle ge\u00e7ti. K\u00f6y\u00fcm\u00fcz\u00fcn \u00fcr\u00fcnleri, zaten organik olmas\u0131yla me\u015fhur. Bu \u00fcr\u00fcnleri T\u00fcrkiye&#8217;de tan\u0131tmam\u0131z \u00e7ok \u00f6nemli. O y\u00fczden bu e\u011fitimlerin daha \u00e7ok olmas\u0131n\u0131 isteriz. Cahillikten her \u015fey gelir, bilgilendi\u011fimiz i\u00e7in mutluyuz&#8221;&nbsp;<\/strong>dedi.&nbsp;<\/p>\n\n\n\n<p>Emekli olmas\u0131n\u0131n ard\u0131ndan organik zeytin \u00fcreticili\u011fine ba\u015flad\u0131\u011f\u0131n\u0131 s\u00f6yleyen Muhsin S\u00f6zer ise,&nbsp;<strong>&#8220;Biz e\u011fer bilin\u00e7li olarak organik tar\u0131m yaparsak, \u00fclkemizde b\u00fcy\u00fck bir marka olaca\u011f\u0131m\u0131za inan\u0131yorum. Organik tar\u0131m\u0131 7 y\u0131ld\u0131r yap\u0131yorum ve kaliteli, y\u00fcksek verim elde ediyorum. Bir de bunu bilin\u00e7li halde yaparsak, bizim \u00fcretimimizde hi\u00e7bir zaman memnuniyetsizlik olmayacak. Ba\u015fkan\u0131m\u0131za, k\u00f6y\u00fcm\u00fczde bir b\u00f6yle bir \u00f6rg\u00fctlenmeye \u00f6nderlik etti\u011fi i\u00e7in de \u00e7ok te\u015fekk\u00fcr ediyorum&#8221;&nbsp;<\/strong>diyerek, organik tar\u0131m\u0131 bug\u00fcne kadar b\u00fcy\u00fcklerinden \u00f6\u011frendikleri gibi yapt\u0131klar\u0131n\u0131 ifade etti.<\/p>\n","protected":false},"excerpt":{"rendered":"<p>\u00c7evresel kirlilik yaratan ve ekolojik dengeyi tehdit eden kimyasal tar\u0131m ila\u00e7lar\u0131na ve kimyasal g\u00fcbrelere kar\u015f\u0131 organik tar\u0131m\u0131 desteklemek i\u00e7in harekete ge\u00e7en Mersin B\u00fcy\u00fck\u015fehir Belediyesi,&nbsp;&#8216;Organik Tar\u0131m E\u011fitimi&#8217;&nbsp;ile \u00e7ift\u00e7iyi bilin\u00e7lendirmeye devam ediyor. Tar\u0131msal \u00fcretimi desteklemek i\u00e7in, g\u00f6reve geldi\u011fi ilk g\u00fcnden bu yana bir dizi projenin ba\u015flat\u0131lmas\u0131n\u0131 sa\u011flayan Ba\u015fkan Vahap Se\u00e7er&#8217;in \u00f6nc\u00fcl\u00fc\u011f\u00fcnde hareket eden Tar\u0131msal Hizmetler Dairesi Ba\u015fkanl\u0131\u011f\u0131, [&hellip;]<\/p>\n","protected":false},"author":2,"featured_media":37920,"comment_status":"closed","ping_status":"closed","sticky":false,"template":"","format":"standard","meta":{"footnotes":""},"categories":[3],"tags":[],"class_list":["post-37919","post","type-post","status-publish","format-standard","has-post-thumbnail","hentry","category-manset"],"views":3,"_links":{"self":[{"href":"https:\/\/mersinkadingazetesi.com\/index.php?rest_route=\/wp\/v2\/posts\/37919"}],"collection":[{"href":"https:\/\/mersinkadingazetesi.com\/index.php?rest_route=\/wp\/v2\/posts"}],"about":[{"href":"https:\/\/mersinkadingazetesi.com\/index.php?rest_route=\/wp\/v2\/types\/post"}],"author":[{"embeddable":true,"href":"https:\/\/mersinkadingazetesi.com\/index.php?rest_route=\/wp\/v2\/users\/2"}],"replies":[{"embeddable":true,"href":"https:\/\/mersinkadingazetesi.com\/index.php?rest_route=%2Fwp%2Fv2%2Fcomments&post=37919"}],"version-history":[{"count":1,"href":"https:\/\/mersinkadingazetesi.com\/index.php?rest_route=\/wp\/v2\/posts\/37919\/revisions"}],"predecessor-version":[{"id":37921,"href":"https:\/\/mersinkadingazetesi.com\/index.php?rest_route=\/wp\/v2\/posts\/37919\/revisions\/37921"}],"wp:featuredmedia":[{"embeddable":true,"href":"https:\/\/mersinkadingazetesi.com\/index.php?rest_route=\/wp\/v2\/media\/37920"}],"wp:attachment":[{"href":"https:\/\/mersinkadingazetesi.com\/index.php?rest_route=%2Fwp%2Fv2%2Fmedia&parent=37919"}],"wp:term":[{"taxonomy":"category","embeddable":true,"href":"https:\/\/mersinkadingazetesi.com\/index.php?rest_route=%2Fwp%2Fv2%2Fcategories&post=37919"},{"taxonomy":"post_tag","embeddable":true,"href":"https:\/\/mersinkadingazetesi.com\/index.php?rest_route=%2Fwp%2Fv2%2Ftags&post=37919"}],"curies":[{"name":"wp","href":"https:\/\/api.w.org\/{rel}","templated":true}]}}