{"id":37922,"date":"2024-12-17T11:30:49","date_gmt":"2024-12-17T08:30:49","guid":{"rendered":"https:\/\/mersinkadingazetesi.com\/?p=37922"},"modified":"2024-12-17T11:30:49","modified_gmt":"2024-12-17T08:30:49","slug":"yabanci-sporcularin-maraton-boyunca-mihmandari-hello-mersin-kursiyerleri-oldu","status":"publish","type":"post","link":"https:\/\/mersinkadingazetesi.com\/?p=37922","title":{"rendered":"YABANCI SPORCULARIN MARATON BOYUNCA M\u0130HMANDARI\u00a0&#8216;HELLO MERS\u0130N&#8217;\u00a0KURS\u0130YERLER\u0130 OLDU"},"content":{"rendered":"\n<p>Mersin B\u00fcy\u00fck\u015fehir Belediyesi&#8217;nin&nbsp;<em><strong>&#8216;Rekorlar \u015eehrinde, Rekorlara Ko\u015fuyoruz&#8217;<\/strong><\/em>&nbsp;mottosuyla bu y\u0131l 6.&#8217;s\u0131n\u0131 ger\u00e7ekle\u015ftirdi\u011fi&nbsp;<strong>&#8216;Uluslararas\u0131 Mersin Maratonu&#8217;<\/strong>&nbsp;b\u00fcy\u00fck bir co\u015fku ile tamamlan\u0131rken, kente de renk katt\u0131. Mersin B\u00fcy\u00fck\u015fehir Belediyesi Gen\u00e7lik ve Spor Hizmetleri Dairesi Ba\u015fkanl\u0131\u011f\u0131 \u00f6nc\u00fcl\u00fc\u011f\u00fcnde 15 Aral\u0131k&#8217;ta d\u00fczenlenen maratonda, yerli ve yabanc\u0131 \u00e7ok say\u0131da sporcu yer ald\u0131. 2 bin 36 T\u00fcrk, 136 yabanc\u0131 olmak \u00fczere, toplam 2 bin 172 sporcu 6. Uluslararas\u0131 Mersin Maratonu&#8217;nda m\u00fccadele etti.<\/p>\n\n\n\n<p>Sporculara \u015fehre geldikleri ilk andan itibaren gerek antrenmanlar\u0131, gerekse de maratonda ge\u00e7irdikleri s\u00fcre boyunca Mersin B\u00fcy\u00fck\u015fehir Belediyesi Sosyal Hizmetler Dairesi Ba\u015fkanl\u0131\u011f\u0131&#8217;n\u0131n&nbsp;<strong>&#8216;Hello Mersin&#8217;<\/strong>&nbsp;projesinden yararlanan kursiyerler e\u015flik etti. Kursiyerler sporculara hem terc\u00fcmanl\u0131k, hem de mihmandarl\u0131k yapt\u0131. Bunu g\u00f6n\u00fcll\u00fc olarak ger\u00e7ekle\u015ftiren kursiyerler; Hello Mersin sayesinde kendilerine b\u00f6yle bir imkan sunuldu\u011fu i\u00e7in de Mersin B\u00fcy\u00fck\u015fehir Belediyesi&#8217;ne te\u015fekk\u00fcrlerini iletip, bu deneyimi de&nbsp;<strong><em>&#8216;muazzam&#8217;<\/em><\/strong>&nbsp;olarak tan\u0131mlad\u0131lar.&nbsp;<\/p>\n\n\n\n<p><strong>Maya: &#8220;Kursiyerlerimiz, yabanc\u0131 sporculara y\u00f6nlendirme yapt\u0131lar&#8221;<\/strong><\/p>\n\n\n\n<p>MERCEK Mesleki E\u011fitim Merkezleri Koordinat\u00f6r\u00fc G\u00fcl Kadem Maya, 6. Uluslararas\u0131 Mersin Maratonu&#8217;nda Hello Mersin Konu\u015fma Kul\u00fcb\u00fc \u00fcyelerinin g\u00f6n\u00fcll\u00fc olarak yer ald\u0131klar\u0131ndan s\u00f6z ederek,<strong>&nbsp;&#8220;Hem elit sporcular\u0131m\u0131z\u0131n, hem de Halk Ko\u015fusu&#8217;ndaki yabanc\u0131 uyruklu misafirlerimizin ihtiya\u00e7lar\u0131 do\u011frultusunda y\u00f6nlendirmeler yapt\u0131lar. Hello Mersin Konu\u015fma Kul\u00fcb\u00fc&#8217;nde biz kursiyerlerimizi d\u00f6nem d\u00f6nem yabanc\u0131larla kar\u015f\u0131la\u015ft\u0131r\u0131p, onlarla birebir g\u00f6r\u00fc\u015fmeler yapt\u0131r\u0131yorduk. Bu alanda da \u00f6\u011frendiklerini direkt uygulam\u0131\u015f oldular. Hem onlar\u0131n her t\u00fcrl\u00fc ihtiya\u00e7lar\u0131nda y\u00f6nlendirme yapt\u0131lar, hem de yanlar\u0131nda oldular. Buradaki arkada\u015flar\u0131m\u0131zdan da \u00e7ok faydal\u0131 oldu\u011funu duyduk. G\u00fczel bir \u00e7al\u0131\u015fma oldu&#8221;&nbsp;<\/strong>dedi.<\/p>\n\n\n\n<p><strong>Maraton, kursiyerler i\u00e7in de farkl\u0131 ve verimli bir deneyim oldu<\/strong><\/p>\n\n\n\n<p>Kursiyerlerden Meva \u015eahino\u011flu, genelde Kenya&#8217;dan gelen yar\u0131\u015fmac\u0131lara terc\u00fcmanl\u0131k ve mihmandarl\u0131k yapt\u0131\u011f\u0131ndan s\u00f6z ederek,<strong>&nbsp;&#8220;\u00c7ok e\u011flenceliydi. \u00c7ok anlay\u0131\u015fl\u0131lard\u0131 ve yard\u0131m etmekten zevk ald\u0131m. Hello Mersin&#8217;e de bana b\u00f6yle bir f\u0131rsat\u0131 verdi\u011fi ve bu deneyimi ya\u015fatt\u0131\u011f\u0131 i\u00e7in \u00e7ok te\u015fekk\u00fcr ederim&#8221;<\/strong>&nbsp;diye konu\u015ftu.<\/p>\n\n\n\n<p>Kursiyerlerden Senanur D\u00f6ld\u00f6\u015f de Hello Mersin&#8217;e yakla\u015f\u0131k 1 y\u0131ld\u0131r gitti\u011finden bahsederek,<strong>&nbsp;&#8220;Hello Mersin&#8217;in \u0130ngilizceme \u00e7ok b\u00fcy\u00fck katk\u0131s\u0131 oldu. Ger\u00e7ekten Hello Mersin&#8217;e \u00e7ok \u015fey bor\u00e7luyum. Kendimi geli\u015ftirdim ve \u00f6zg\u00fcvenime \u00e7ok \u015fey katt\u0131m. Yabanc\u0131 yar\u0131\u015fmac\u0131lara terc\u00fcmanl\u0131k yapt\u0131k. Onlar\u0131n yard\u0131ma ihtiyac\u0131 oldu\u011fu yerlerde yard\u0131m ettik, gerekti\u011finde \u00e7eviriler yapt\u0131k, ileti\u015fime ge\u00e7tik ve tan\u0131\u015fma f\u0131rsat\u0131 bulduk. Bunlar i\u00e7in ger\u00e7ekten \u00e7ok minnettar\u0131z. G\u00f6n\u00fcll\u00fc olarak b\u00f6yle bir etkinli\u011fe kat\u0131labilmemiz, bizim i\u00e7in de \u00e7ok g\u00fczel bir \u015fey&#8221;&nbsp;<\/strong>diye belirtti.<\/p>\n\n\n\n<p>Hello Mersin kursiyerlerinden Yekta G\u00fcr ise sporculara, kente geldikleri andan \u00f6d\u00fcl t\u00f6reninin bitimine kadar e\u015flik ettiklerini anlatarak,&nbsp;<strong>&#8220;Ald\u0131\u011f\u0131m\u0131z e\u011fitimler sonucunda geldik ve bize b\u00f6yle bir imk\u00e2n sa\u011flad\u0131lar. Buray\u0131 tecr\u00fcbe etmek muazzam bir \u015fey. Yabanc\u0131 sporcularla ileti\u015fimde olmak, b\u00fct\u00fcn ekip \u00e7al\u0131\u015fanlar\u0131yla bir arada olmak \u00e7ok g\u00fczel. Bunlar\u0131n hepsini Hello Mersin&#8217;e bor\u00e7luyuz. \u00c7ok te\u015fekk\u00fcr ediyorum. Ben de tecr\u00fcbe ettim. O kadar yo\u011fun duygular hissediyoruz ki&#8230; B\u00fcy\u00fck\u015fehir Belediyesi&#8217;ne ve Ba\u015fkan\u0131m\u0131z Vahap Se\u00e7er&#8217;e \u00e7ok te\u015fekk\u00fcr ederim&#8221;&nbsp;<\/strong>ifadelerini kulland\u0131.<\/p>\n","protected":false},"excerpt":{"rendered":"<p>Mersin B\u00fcy\u00fck\u015fehir Belediyesi&#8217;nin&nbsp;&#8216;Rekorlar \u015eehrinde, Rekorlara Ko\u015fuyoruz&#8217;&nbsp;mottosuyla bu y\u0131l 6.&#8217;s\u0131n\u0131 ger\u00e7ekle\u015ftirdi\u011fi&nbsp;&#8216;Uluslararas\u0131 Mersin Maratonu&#8217;&nbsp;b\u00fcy\u00fck bir co\u015fku ile tamamlan\u0131rken, kente de renk katt\u0131. Mersin B\u00fcy\u00fck\u015fehir Belediyesi Gen\u00e7lik ve Spor Hizmetleri Dairesi Ba\u015fkanl\u0131\u011f\u0131 \u00f6nc\u00fcl\u00fc\u011f\u00fcnde 15 Aral\u0131k&#8217;ta d\u00fczenlenen maratonda, yerli ve yabanc\u0131 \u00e7ok say\u0131da sporcu yer ald\u0131. 2 bin 36 T\u00fcrk, 136 yabanc\u0131 olmak \u00fczere, toplam 2 bin 172 sporcu [&hellip;]<\/p>\n","protected":false},"author":2,"featured_media":37923,"comment_status":"closed","ping_status":"closed","sticky":false,"template":"","format":"standard","meta":{"footnotes":""},"categories":[3,10],"tags":[],"class_list":["post-37922","post","type-post","status-publish","format-standard","has-post-thumbnail","hentry","category-manset","category-spor"],"views":1,"_links":{"self":[{"href":"https:\/\/mersinkadingazetesi.com\/index.php?rest_route=\/wp\/v2\/posts\/37922"}],"collection":[{"href":"https:\/\/mersinkadingazetesi.com\/index.php?rest_route=\/wp\/v2\/posts"}],"about":[{"href":"https:\/\/mersinkadingazetesi.com\/index.php?rest_route=\/wp\/v2\/types\/post"}],"author":[{"embeddable":true,"href":"https:\/\/mersinkadingazetesi.com\/index.php?rest_route=\/wp\/v2\/users\/2"}],"replies":[{"embeddable":true,"href":"https:\/\/mersinkadingazetesi.com\/index.php?rest_route=%2Fwp%2Fv2%2Fcomments&post=37922"}],"version-history":[{"count":1,"href":"https:\/\/mersinkadingazetesi.com\/index.php?rest_route=\/wp\/v2\/posts\/37922\/revisions"}],"predecessor-version":[{"id":37924,"href":"https:\/\/mersinkadingazetesi.com\/index.php?rest_route=\/wp\/v2\/posts\/37922\/revisions\/37924"}],"wp:featuredmedia":[{"embeddable":true,"href":"https:\/\/mersinkadingazetesi.com\/index.php?rest_route=\/wp\/v2\/media\/37923"}],"wp:attachment":[{"href":"https:\/\/mersinkadingazetesi.com\/index.php?rest_route=%2Fwp%2Fv2%2Fmedia&parent=37922"}],"wp:term":[{"taxonomy":"category","embeddable":true,"href":"https:\/\/mersinkadingazetesi.com\/index.php?rest_route=%2Fwp%2Fv2%2Fcategories&post=37922"},{"taxonomy":"post_tag","embeddable":true,"href":"https:\/\/mersinkadingazetesi.com\/index.php?rest_route=%2Fwp%2Fv2%2Ftags&post=37922"}],"curies":[{"name":"wp","href":"https:\/\/api.w.org\/{rel}","templated":true}]}}