{"id":37931,"date":"2024-12-17T11:37:29","date_gmt":"2024-12-17T08:37:29","guid":{"rendered":"https:\/\/mersinkadingazetesi.com\/?p=37931"},"modified":"2024-12-17T11:37:30","modified_gmt":"2024-12-17T08:37:30","slug":"tarsusta-antik-cag-felsefe-gelenegi-devam-ediyor","status":"publish","type":"post","link":"https:\/\/mersinkadingazetesi.com\/?p=37931","title":{"rendered":"Tarsus&#8217;ta Antik \u00c7a\u011f Felsefe Gelene\u011fi Devam Ediyor"},"content":{"rendered":"\n<p>Antik \u00c7a\u011f&#8217;da felsefe okullar\u0131na sahip olan ve \u00e7ok say\u0131da filozof yeti\u015ftiren Tarsus, felsefe kenti olma yolunda ilerliyor.<\/p>\n\n\n\n<p>Daha Aratos Felsefe Dergisi ve Tarsus Belediyesi&#8217;nce ortakla\u015fa d\u00fczenlenen ve bug\u00fcne kadar 3. kez ger\u00e7ekle\u015ftirilen Tarsus Felsefe Festivali, bu y\u0131l 4.&#8217;s\u00fc yap\u0131l\u0131yor.<\/p>\n\n\n\n<p>4. Tarsus Felsefe Festivali, 21 Aral\u0131k tarihinde yap\u0131lacak ve Mersin&#8217;de Mezitli Kent Konseyi Felsefe Toplulu\u011funun da s\u00f6yle\u015filere kat\u0131lmak \u00fczere kalabal\u0131k bir grup gelece\u011fi ifade edildi.<\/p>\n\n\n\n<p>Mersin B\u00fcy\u00fck\u015fehir Belediyesi (MBB) b\u00fcnyesindeki Tadeka binas\u0131nda yap\u0131lacak olan 4. Tarsus Felsefe Festivali, 21 Aral\u0131k Cumartesi g\u00fcn\u00fc Saat 14.00&#8217;te ba\u015flayacak.<\/p>\n\n\n\n<p>Bu y\u0131l mizah ve felsefe ili\u015fkisinin ele al\u0131naca\u011f\u0131 festivalde,&nbsp;Mersin \u00dcniversitesi Felsefe B\u00f6l\u00fcm\u00fc&#8217;nden ve Aratos Felsefe Dergisi Yay\u0131n Kurulu Ba\u015fkan\u0131 Prof. Dr. Zehrag\u00fcl A\u015fk\u0131n&#8217;\u0131n&nbsp;a\u00e7\u0131l\u0131\u015f konu\u015fmas\u0131n\u0131n ard\u0131ndan gazeteci-yazar ve Aratos Felsefe Dergisi Yay\u0131n Y\u00f6netmeni&nbsp;U\u011fur Pi\u015fmanl\u0131k, projeksiyonda &#8220;Felsefe Karikat\u00fcrleri&nbsp;G\u00f6sterisi&#8221; sunacak<strong>.&nbsp;<\/strong>Daha sonra,Mersin \u00dcniversitesi Felsefe B\u00f6l\u00fcm\u00fc Ba\u015fkan\u0131 Prof. Dr. Erdem \u00c7ift\u00e7i ise &#8220;Felsefe Tarihinde Mizah&#8221; ba\u015fl\u0131kl\u0131 bir konu\u015fma yapaca\u011f\u0131 \u00f6\u011frenildi.<\/p>\n\n\n\n<p>U\u011fur Pi\u015fmanl\u0131k, 4. Tarsus Felsefe Festivali&#8217;ne ili\u015fkin olarak yapt\u0131\u011f\u0131 a\u00e7\u0131klamada,&nbsp;<em>&#8220;Bu y\u0131l d\u00f6rd\u00fcnc\u00fcs\u00fcn\u00fc ger\u00e7ekle\u015ftirece\u011fimiz felsefe festivali, gelenekselle\u015fme yolunda ilerliyor. 20 y\u0131ll\u0131k bir felsefe dergisi, felsefe \u00fczerine yay\u0131nlanm\u0131\u015f say\u0131 onu ge\u00e7en kitaplar, Tarsus Felsefe Festivali, &#8220;Antik \u00c7a\u011f&#8217;da Tarsuslu Filozoflar&#8221; kitab\u0131m\u0131z, Aratos Felsefe Sempozyumu, 14. y\u0131la giren Aratos Felsefe Okulu, &#8220;Antik \u00c7a\u011f&#8217;da Tarsus&#8217;ta Felsefe&#8221; ba\u015fl\u0131kl\u0131 belgesel filmimiz, Tarsuslu filozoflara ait PTT \u00f6zel anma pullar\u0131, \u00e7e\u015fitli fuar, festival ile k\u00fclt\u00fcr sanat etkinliklerinde hem Tarsus&#8217;u hem de dergimizi ve filozoflar\u0131m\u0131z\u0131n tan\u0131t\u0131m\u0131, Tarsus&#8217;u felsefenin kenti yapma \u00e7abalar\u0131m\u0131z\u0131 olu\u015fturmaktad\u0131r.<\/em><\/p>\n\n\n\n<p><em>Tarsus&#8217;un, antik \u00e7a\u011f felsefe gelene\u011finin s\u00fcrd\u00fcr\u00fclmesi ve felsefenin toplumsalla\u015fmas\u0131 ad\u0131na son derece anlaml\u0131 buluyorum.<\/em><\/p>\n\n\n\n<p><em>Felsefe, bu kentin tarihsel ruhuna uygun ve bu kente yak\u0131\u015fan bir edinim oldu\u011funa inan\u0131yorum. Sadece bu kent ya da \u00fclke i\u00e7in de\u011fil b\u00fct\u00fcn insanl\u0131k i\u00e7in Ayd\u0131nlanman\u0131n \u00e7\u0131k\u0131\u015f yolu felsefeden ge\u00e7iyor. Felsefe olmadan ayd\u0131nlanma olmaz&#8221;<\/em>&nbsp;diye konu\u015ftu.<\/p>\n","protected":false},"excerpt":{"rendered":"<p>Antik \u00c7a\u011f&#8217;da felsefe okullar\u0131na sahip olan ve \u00e7ok say\u0131da filozof yeti\u015ftiren Tarsus, felsefe kenti olma yolunda ilerliyor. Daha Aratos Felsefe Dergisi ve Tarsus Belediyesi&#8217;nce ortakla\u015fa d\u00fczenlenen ve bug\u00fcne kadar 3. kez ger\u00e7ekle\u015ftirilen Tarsus Felsefe Festivali, bu y\u0131l 4.&#8217;s\u00fc yap\u0131l\u0131yor. 4. Tarsus Felsefe Festivali, 21 Aral\u0131k tarihinde yap\u0131lacak ve Mersin&#8217;de Mezitli Kent Konseyi Felsefe Toplulu\u011funun da [&hellip;]<\/p>\n","protected":false},"author":2,"featured_media":37932,"comment_status":"closed","ping_status":"closed","sticky":false,"template":"","format":"standard","meta":{"footnotes":""},"categories":[3],"tags":[],"class_list":["post-37931","post","type-post","status-publish","format-standard","has-post-thumbnail","hentry","category-manset"],"views":3,"_links":{"self":[{"href":"https:\/\/mersinkadingazetesi.com\/index.php?rest_route=\/wp\/v2\/posts\/37931"}],"collection":[{"href":"https:\/\/mersinkadingazetesi.com\/index.php?rest_route=\/wp\/v2\/posts"}],"about":[{"href":"https:\/\/mersinkadingazetesi.com\/index.php?rest_route=\/wp\/v2\/types\/post"}],"author":[{"embeddable":true,"href":"https:\/\/mersinkadingazetesi.com\/index.php?rest_route=\/wp\/v2\/users\/2"}],"replies":[{"embeddable":true,"href":"https:\/\/mersinkadingazetesi.com\/index.php?rest_route=%2Fwp%2Fv2%2Fcomments&post=37931"}],"version-history":[{"count":1,"href":"https:\/\/mersinkadingazetesi.com\/index.php?rest_route=\/wp\/v2\/posts\/37931\/revisions"}],"predecessor-version":[{"id":37933,"href":"https:\/\/mersinkadingazetesi.com\/index.php?rest_route=\/wp\/v2\/posts\/37931\/revisions\/37933"}],"wp:featuredmedia":[{"embeddable":true,"href":"https:\/\/mersinkadingazetesi.com\/index.php?rest_route=\/wp\/v2\/media\/37932"}],"wp:attachment":[{"href":"https:\/\/mersinkadingazetesi.com\/index.php?rest_route=%2Fwp%2Fv2%2Fmedia&parent=37931"}],"wp:term":[{"taxonomy":"category","embeddable":true,"href":"https:\/\/mersinkadingazetesi.com\/index.php?rest_route=%2Fwp%2Fv2%2Fcategories&post=37931"},{"taxonomy":"post_tag","embeddable":true,"href":"https:\/\/mersinkadingazetesi.com\/index.php?rest_route=%2Fwp%2Fv2%2Ftags&post=37931"}],"curies":[{"name":"wp","href":"https:\/\/api.w.org\/{rel}","templated":true}]}}