{"id":37940,"date":"2024-12-17T15:35:24","date_gmt":"2024-12-17T12:35:24","guid":{"rendered":"https:\/\/mersinkadingazetesi.com\/?p=37940"},"modified":"2024-12-17T15:35:24","modified_gmt":"2024-12-17T12:35:24","slug":"deva-partili-ekmen-mersin-ekonomisi-s-o-s-veriyor","status":"publish","type":"post","link":"https:\/\/mersinkadingazetesi.com\/?p=37940","title":{"rendered":"DEVA Partili Ekmen: Mersin ekonomisi \u201cS.O.S\u201c veriyor\u00a0"},"content":{"rendered":"\n<p><strong>DEVA Partisi Genel Ba\u015fkan Yard\u0131mc\u0131s\u0131 Mehmet Emin Ekmen, T\u00fcrkiye B\u00fcy\u00fck Millet Meclisi (TBMM) Genel Kurulunda Hazine ve Maliye Bakanl\u0131\u011f\u0131 ile Ticaret Bakanl\u0131\u011f\u0131n\u0131<\/strong><strong>n 2025 y<\/strong><strong>\u0131l\u0131 b\u00fct\u00e7esiyle ilgili yapt\u0131\u011f\u0131 konu\u015fmada, Mersin ekonomisinin&nbsp;<\/strong><strong>\u201c<\/strong><strong>SOS\u201d verdi\u011fine vurgu yapt\u0131.<\/strong><strong>&nbsp;<\/strong><strong>Mersin<\/strong><strong>\u2019<\/strong><strong>in ana projelerine yeteri&nbsp;<\/strong><strong>\u00f6<\/strong><strong>dene\u011fin aktar\u0131lmamas\u0131na tepki g<\/strong><strong>\u00f6<\/strong><strong>steren Ekmen, Mersin<\/strong><strong>\u2019<\/strong><strong>in y\u0131llard\u0131<\/strong><strong>r en&nbsp;<\/strong><strong>\u00e7ok vergi&nbsp;<\/strong><strong>\u00f6<\/strong><strong>deyen 6&#8217;nc\u0131 il, gayrisafi tar\u0131<\/strong><strong>m has<\/strong><strong>\u0131las\u0131nda ise 3&#8217;\u00fcnc\u00fc il oldu\u011funa dikkat \u00e7ekti. Mersin<\/strong><strong>\u2019<\/strong><strong>e 1 liral\u0131k yat\u0131r\u0131m yap\u0131ld\u0131\u011f\u0131nda, Mersin<\/strong><strong>\u2019<\/strong><strong>in 10 liral\u0131k vergi&nbsp;<\/strong><strong>\u00f6<\/strong><strong>deyebilece\u011fini s<\/strong><strong>\u00f6<\/strong><strong>yleyen Ekmen,&nbsp;<\/strong><strong>\u201c\u00dc<\/strong><strong>z\u00fclerek ifade ediyorum; b<\/strong><strong>\u00f6<\/strong><strong>yle giderse Mersin&#8217;den istedi\u011finiz kadar vergiyi toparlayamayacaks\u0131n\u0131z\u201d dedi.<\/strong><\/p>\n\n\n\n<p>DEVA Partisi Genel Ba\u015fkan\u0131 Yard\u0131mc\u0131s\u0131 ve Mersin Milletvekili Mehmet Emin Ekmen, Hazine ve Maliye Bakanl\u0131\u011f\u0131 ile Ticaret Bakanl\u0131\u011f\u0131\u2019n\u0131n 2025 b\u00fct\u00e7esi \u00fczerinde TBMM Genel Kurulunda de\u011ferlendirmelerde bulundu.<\/p>\n\n\n\n<p><strong>Mersin\u2019de vergi toparlayamayacaks\u0131n\u0131z!<\/strong><\/p>\n\n\n\n<p>Hazine ve Maliye Bakan\u0131 Mehmet \u015eim\u015fek ile Ticaret Bakan\u0131 \u00d6mer Bolat\u2019a Mersin\u2019in sorunlar\u0131n\u0131 aktaran Ekmen,&nbsp;\u201cT\u00fcrkiye ekonomisinin etkin iki Bakan\u0131na Mersin ekonomisinin&nbsp;\u2018SOS\u2019&nbsp;verdi\u011fini \u00fcz\u00fclerek ifade etmek isterim. T\u00dc\u0130K&#8217;in 12 Aral\u0131k\u2019ta yay\u0131nlad\u0131\u011f\u0131 2023 gayrisafi yurti\u00e7i has\u0131la verilerine g\u00f6re 0,07 b\u00fcy\u00fcmeyle Mersin, T\u00fcrkiye ortalamas\u0131n\u0131n alt\u0131nda kalan 29 ilden 1&#8217;i olmu\u015ftur. MES\u0130AD Ba\u015fkan\u0131 Adnan G\u00fcndo\u011fdu&#8217;nun Mersin tekstil fabrikalar\u0131n\u0131n&nbsp;\u00dcrd\u00fcn, Fas ve M\u0131s\u0131r&#8217;a g\u00f6\u00e7&nbsp;etti\u011fi haberi de&nbsp;\u00f6zellikle i\u015f g\u00fcc\u00fc ve istihdam a\u00e7\u0131s\u0131ndan ciddi bir negatif sinyaldir. Oysa Mersin y\u0131llard\u0131r en&nbsp;\u00e7ok vergi&nbsp;\u00f6deyen 6&#8217;nc\u0131 il, gayrisafi tar\u0131m has\u0131las\u0131nda ise 3&#8217;\u00fcnc\u00fc ildir.&nbsp;\u00dcz\u00fclerek ifade ediyorum; b\u00f6yle giderse Mersin&#8217;den istedi\u011finiz kadar vergiyi toparlayamayacaks\u0131n\u0131z\u201d ifadelerini kulland\u0131.<\/p>\n\n\n\n<p><strong>Mersin\u2019e 1 lira yat\u0131r\u0131m yaparsan\u0131z, 10 lira vergi \u00f6der!<\/strong><\/p>\n\n\n\n<p>Mersin\u2019in ana projelerine yeteri&nbsp;\u00f6dene\u011fin aktar\u0131lmamas\u0131na tepki g\u00f6steren Ekmen, \u015f\u00f6yle devam etti:<\/p>\n\n\n\n<p>&nbsp;\u201cAkdeniz Sahil Yolu ve Pamukluk Baraj\u0131 ba\u015fta olmak \u00fczere, Mersin&#8217;in gecikmi\u015f altyap\u0131 yat\u0131r\u0131mlar\u0131na ve tar\u0131m sulama projelerine bu y\u0131l yeteri kadar&nbsp;\u00f6denek aktar\u0131n\u0131z. Unutmay\u0131n ki Mersin&#8217;e 1 lira yat\u0131r\u0131m yaparsan\u0131z Mersin size 10 lira vergi&nbsp;\u00f6der. Bir muammaya d\u00f6n\u00fc\u015fen 100 kilometre i\u00e7erisinde ayn\u0131 anda s\u00fcrd\u00fcr\u00fclen 3 ayr\u0131 ana konteyner liman\u0131 projesini teke indirerek bu tart\u0131\u015fmay\u0131 sonland\u0131r\u0131n\u0131z.\u201d<br><\/p>\n\n\n\n<p><strong>Mersin Ekonomi \u00c7al\u0131\u015ftay\u0131\u2018n\u0131 sahiplenin<\/strong><\/p>\n\n\n\n<p>Ayr\u0131ca Ekmen, Mersin Ekonomi \u00c7al\u0131\u015ftay\u0131 i\u00e7in haz\u0131rl\u0131klar olduk\u00e7a iyi gitti\u011finin alt\u0131n\u0131 \u00e7izerek, Ticaret Bakan\u0131 \u00d6mer Bolat\u2019\u0131 Mersin Ekonomi \u00c7al\u0131\u015ftay\u0131 ile ilgili \u00e7a\u011fr\u0131da bulunarak,&nbsp;\u201cSizin de bu s\u00fcreci iktidar politikalar\u0131na d\u00f6n\u00fc\u015fecek \u015fekilde sahiplenmenizi bekliyoruz\u201d diye konu\u015ftu.<\/p>\n","protected":false},"excerpt":{"rendered":"<p>DEVA Partisi Genel Ba\u015fkan Yard\u0131mc\u0131s\u0131 Mehmet Emin Ekmen, T\u00fcrkiye B\u00fcy\u00fck Millet Meclisi (TBMM) Genel Kurulunda Hazine ve Maliye Bakanl\u0131\u011f\u0131 ile Ticaret Bakanl\u0131\u011f\u0131n\u0131n 2025 y\u0131l\u0131 b\u00fct\u00e7esiyle ilgili yapt\u0131\u011f\u0131 konu\u015fmada, Mersin ekonomisinin&nbsp;\u201cSOS\u201d verdi\u011fine vurgu yapt\u0131.&nbsp;Mersin\u2019in ana projelerine yeteri&nbsp;\u00f6dene\u011fin aktar\u0131lmamas\u0131na tepki g\u00f6steren Ekmen, Mersin\u2019in y\u0131llard\u0131r en&nbsp;\u00e7ok vergi&nbsp;\u00f6deyen 6&#8217;nc\u0131 il, gayrisafi tar\u0131m has\u0131las\u0131nda ise 3&#8217;\u00fcnc\u00fc il oldu\u011funa dikkat \u00e7ekti. [&hellip;]<\/p>\n","protected":false},"author":2,"featured_media":37892,"comment_status":"closed","ping_status":"closed","sticky":false,"template":"","format":"standard","meta":{"footnotes":""},"categories":[3],"tags":[],"class_list":["post-37940","post","type-post","status-publish","format-standard","has-post-thumbnail","hentry","category-manset"],"views":10,"_links":{"self":[{"href":"https:\/\/mersinkadingazetesi.com\/index.php?rest_route=\/wp\/v2\/posts\/37940"}],"collection":[{"href":"https:\/\/mersinkadingazetesi.com\/index.php?rest_route=\/wp\/v2\/posts"}],"about":[{"href":"https:\/\/mersinkadingazetesi.com\/index.php?rest_route=\/wp\/v2\/types\/post"}],"author":[{"embeddable":true,"href":"https:\/\/mersinkadingazetesi.com\/index.php?rest_route=\/wp\/v2\/users\/2"}],"replies":[{"embeddable":true,"href":"https:\/\/mersinkadingazetesi.com\/index.php?rest_route=%2Fwp%2Fv2%2Fcomments&post=37940"}],"version-history":[{"count":1,"href":"https:\/\/mersinkadingazetesi.com\/index.php?rest_route=\/wp\/v2\/posts\/37940\/revisions"}],"predecessor-version":[{"id":37941,"href":"https:\/\/mersinkadingazetesi.com\/index.php?rest_route=\/wp\/v2\/posts\/37940\/revisions\/37941"}],"wp:featuredmedia":[{"embeddable":true,"href":"https:\/\/mersinkadingazetesi.com\/index.php?rest_route=\/wp\/v2\/media\/37892"}],"wp:attachment":[{"href":"https:\/\/mersinkadingazetesi.com\/index.php?rest_route=%2Fwp%2Fv2%2Fmedia&parent=37940"}],"wp:term":[{"taxonomy":"category","embeddable":true,"href":"https:\/\/mersinkadingazetesi.com\/index.php?rest_route=%2Fwp%2Fv2%2Fcategories&post=37940"},{"taxonomy":"post_tag","embeddable":true,"href":"https:\/\/mersinkadingazetesi.com\/index.php?rest_route=%2Fwp%2Fv2%2Ftags&post=37940"}],"curies":[{"name":"wp","href":"https:\/\/api.w.org\/{rel}","templated":true}]}}