{"id":37942,"date":"2024-12-17T15:37:14","date_gmt":"2024-12-17T12:37:14","guid":{"rendered":"https:\/\/mersinkadingazetesi.com\/?p=37942"},"modified":"2024-12-17T15:37:15","modified_gmt":"2024-12-17T12:37:15","slug":"secerden-yeni-yil-dilegi-yeni-yil-dunyaya-mutluluk-huzur-baris-ve-kardeslik-getirsin","status":"publish","type":"post","link":"https:\/\/mersinkadingazetesi.com\/?p=37942","title":{"rendered":"SE\u00c7ER&#8217;DEN YEN\u0130 YIL D\u0130LE\u011e\u0130: &#8220;YEN\u0130 YIL D\u00dcNYAYA MUTLULUK, HUZUR, BARI\u015e VE KARDE\u015eL\u0130K GET\u0130RS\u0130N&#8221;"},"content":{"rendered":"\n<p>Mersin B\u00fcy\u00fck\u015fehir Belediye Ba\u015fkan\u0131 Vahap Se\u00e7er, Mersin Akdeniz Lions Kul\u00fcb\u00fc taraf\u0131ndan&nbsp;<strong><em>&#8216;Biz Haz\u0131r\u0131z&#8217;<\/em><\/strong>&nbsp;mottosuyla bu y\u0131l 9.&#8217;su d\u00fczenlenen&nbsp;<strong><em>&#8216;Y\u0131lba\u015f\u0131 Al\u0131\u015fveri\u015f \u015eenli\u011fi&#8217;<\/em><\/strong>ne kat\u0131ld\u0131. \u015eenlikte Mersin&#8217;in marka olmu\u015f firmalar\u0131, sivil toplum kurulu\u015flar\u0131 ve \u00fcretici kad\u0131nlar stant a\u00e7t\u0131. Divan Otel&#8217;de ger\u00e7ekle\u015ftirilen ve hediyelik pek \u00e7ok \u00fcr\u00fcn\u00fcn sergilendi\u011fi \u015fenlikte, 66 kat\u0131l\u0131mc\u0131 stant a\u00e7arak kat\u0131l\u0131mc\u0131lar\u0131n be\u011fenisine sundu. Al\u0131\u015fveri\u015f \u015fenli\u011finden elde edilen gelirler ise e\u011fitim ve sa\u011fl\u0131\u011fa destek amac\u0131yla kullan\u0131lacak.<\/p>\n\n\n\n<p><strong>Ba\u015fkan Se\u00e7er: &#8220;Yeni y\u0131l\u0131n d\u00fcnyaya mutluluk, huzur, bar\u0131\u015f ve karde\u015flik getirmesini diliyorum&#8221;<\/strong><\/p>\n\n\n\n<p>Mersin Akdeniz Lions Kul\u00fcb\u00fc 9. Y\u0131lba\u015f\u0131 Al\u0131\u015fveri\u015f \u015eenli\u011fi&#8217;nin a\u00e7\u0131l\u0131\u015f kurdelesini kesen Mersin B\u00fcy\u00fck\u015fehir Belediye Ba\u015fkan\u0131 Vahap Se\u00e7er,&nbsp;<strong>&#8220;E\u011fitim ve sa\u011fl\u0131\u011fa katk\u0131 sunmam\u0131z i\u00e7in burada al\u0131\u015fveri\u015f yapmam\u0131z laz\u0131m. Yeni y\u0131l\u0131n d\u00fcnyaya mutluluk, huzur, bar\u0131\u015f ve karde\u015flik getirmesini diliyorum. Bir arada olal\u0131m, dinamik olal\u0131m, kimse \u00fcz\u00fclmesin, yokluk olmas\u0131n, \u00e7aresizlik olmas\u0131n diye temenni ediyorum&#8221;<\/strong>&nbsp;dedi. Se\u00e7er, yeni y\u0131l i\u00e7in Mersin&#8217;e dair dileklerini ger\u00e7ekle\u015ftirmek ad\u0131na \u00e7al\u0131\u015fmalar\u0131n\u0131 s\u00fcrd\u00fcrd\u00fc\u011f\u00fcn\u00fc de s\u00f6zlerine ekledi. Mersinlileri \u00e7ok sevdi\u011fini s\u00f6yleyen ve bu duygularla hizmetlerini s\u00fcrd\u00fcrd\u00fc\u011f\u00fcn\u00fcn alt\u0131n\u0131 \u00e7izen Se\u00e7er,&nbsp;<strong>&#8220;Sizleri, \u015fehrimi, \u00fclkemi ve insanlar\u0131n\u0131 \u00e7ok seviyorum. Hepinizin enerjisi y\u00fcksek olsun, bereketli, bol sat\u0131\u015flar ve kazan\u00e7lar olsun. Akdeniz Lions Kul\u00fcb\u00fc \u00e7ok de\u011ferli i\u015fler yap\u0131yor ve ger\u00e7ekten \u00e7ok emek veriyorlar. Onlara \u00e7ok te\u015fekk\u00fcr ediyorum. Yeni y\u0131l\u0131n\u0131z kutlu olsun&#8221;&nbsp;<\/strong>diye konu\u015ftu.<\/p>\n\n\n\n<p><strong>Dr. Kurt: &#8220;Her an, her dakika yan\u0131m\u0131zda olan bir B\u00fcy\u00fck\u015fehir Belediye Ba\u015fkan\u0131&#8217;na sahibiz&#8221;<\/strong><\/p>\n\n\n\n<p>118-U Y\u00f6netim \u00c7evresi 2024-2025 D\u00f6nem Genel Y\u00f6netmeni Dr. Cengiz Kurt, Mersin B\u00fcy\u00fck\u015fehir Belediye Ba\u015fkan\u0131 Vahap Se\u00e7er&#8217;in kendilerini hi\u00e7bir etkinlikte yan\u0131z b\u0131rakmad\u0131\u011f\u0131ndan s\u00f6z ederek,&nbsp;<strong>&#8220;Ba\u015fkan\u0131m\u0131z\u0131 \u00e7ok seviyoruz, kendisi \u00e7ok zarif ve aktivist ruhlu. B\u00fct\u00fcn faaliyetlerimizde her an, her dakika yan\u0131m\u0131zda olan bir B\u00fcy\u00fck\u015fehir Belediye Ba\u015fkan\u0131&#8217;na sahibiz. Mersinlileri kutlamak istiyorum. Bu g\u00fczelli\u011fi g\u00f6r\u00fcnce akl\u0131ma yeni y\u0131l geliyor. Yeni y\u0131l gelince de temenniler gelir. Ben de;&nbsp;<em>&#8216;Yeni y\u0131l\u0131n insanl\u0131\u011f\u0131m\u0131z i\u00e7in, insanlar\u0131m\u0131z\u0131n do\u011fruyu g\u00f6rme, ya\u015fatma ve hissetme \u015fans\u0131 getirmesini temenni ediyorum&#8217;<\/em>&nbsp;diyorum&#8221;&nbsp;<\/strong>dedi.<\/p>\n\n\n\n<p><strong>Tekg\u00fcl: &#8220;Her ge\u00e7en y\u0131l kat\u0131l\u0131mc\u0131 say\u0131m\u0131z art\u0131yor&#8221;<\/strong><\/p>\n\n\n\n<p>Mersin Akdeniz Lions Kul\u00fcb\u00fc 2024-2025 D\u00f6nem Ba\u015fkan\u0131 Emel Tekg\u00fcl, \u015fenlikteki yo\u011fun kat\u0131l\u0131mdan dolay\u0131 duydu\u011fu memnuniyeti aktararak,&nbsp;<strong>&#8220;Bu \u015fenli\u011fimizi her y\u0131l yap\u0131yoruz. Bu y\u0131l geleneksel 9.&#8217;yu yapt\u0131k. Her ge\u00e7en y\u0131l kat\u0131l\u0131mc\u0131 say\u0131m\u0131z art\u0131yor. Bu sene 66 stand\u0131m\u0131z var ama onlarca ki\u015fide stant a\u00e7mak i\u00e7in ayr\u0131ca ba\u015fvurdu. Seneye onlar\u0131 da misafir etmeyi umuyorum, bu devam edecek&#8221;&nbsp;<\/strong>dedi. Mersin Akdeniz Lions Kul\u00fcb\u00fc olarak k\u00fcresel etkinlikleri oldu\u011funun alt\u0131n\u0131 \u00e7izen Tekg\u00fcl, sa\u011fl\u0131k ve e\u011fitim gibi pek \u00e7ok alanda hayata ge\u00e7irdikleri faaliyetlerden s\u00f6z etti.<\/p>\n\n\n\n<p>Se\u00e7er, konu\u015fmalar\u0131n ard\u0131ndan \u015eenlik&#8217;te bulunan stantlar\u0131 gezdi, \u00fcretici ve i\u015fletme sahipleriyle sohbet etti.<\/p>\n","protected":false},"excerpt":{"rendered":"<p>Mersin B\u00fcy\u00fck\u015fehir Belediye Ba\u015fkan\u0131 Vahap Se\u00e7er, Mersin Akdeniz Lions Kul\u00fcb\u00fc taraf\u0131ndan&nbsp;&#8216;Biz Haz\u0131r\u0131z&#8217;&nbsp;mottosuyla bu y\u0131l 9.&#8217;su d\u00fczenlenen&nbsp;&#8216;Y\u0131lba\u015f\u0131 Al\u0131\u015fveri\u015f \u015eenli\u011fi&#8217;ne kat\u0131ld\u0131. \u015eenlikte Mersin&#8217;in marka olmu\u015f firmalar\u0131, sivil toplum kurulu\u015flar\u0131 ve \u00fcretici kad\u0131nlar stant a\u00e7t\u0131. Divan Otel&#8217;de ger\u00e7ekle\u015ftirilen ve hediyelik pek \u00e7ok \u00fcr\u00fcn\u00fcn sergilendi\u011fi \u015fenlikte, 66 kat\u0131l\u0131mc\u0131 stant a\u00e7arak kat\u0131l\u0131mc\u0131lar\u0131n be\u011fenisine sundu. Al\u0131\u015fveri\u015f \u015fenli\u011finden elde edilen gelirler ise [&hellip;]<\/p>\n","protected":false},"author":2,"featured_media":37943,"comment_status":"closed","ping_status":"closed","sticky":false,"template":"","format":"standard","meta":{"footnotes":""},"categories":[1,2,3],"tags":[],"class_list":["post-37942","post","type-post","status-publish","format-standard","has-post-thumbnail","hentry","category-genel","category-gundem","category-manset"],"views":10,"_links":{"self":[{"href":"https:\/\/mersinkadingazetesi.com\/index.php?rest_route=\/wp\/v2\/posts\/37942"}],"collection":[{"href":"https:\/\/mersinkadingazetesi.com\/index.php?rest_route=\/wp\/v2\/posts"}],"about":[{"href":"https:\/\/mersinkadingazetesi.com\/index.php?rest_route=\/wp\/v2\/types\/post"}],"author":[{"embeddable":true,"href":"https:\/\/mersinkadingazetesi.com\/index.php?rest_route=\/wp\/v2\/users\/2"}],"replies":[{"embeddable":true,"href":"https:\/\/mersinkadingazetesi.com\/index.php?rest_route=%2Fwp%2Fv2%2Fcomments&post=37942"}],"version-history":[{"count":1,"href":"https:\/\/mersinkadingazetesi.com\/index.php?rest_route=\/wp\/v2\/posts\/37942\/revisions"}],"predecessor-version":[{"id":37944,"href":"https:\/\/mersinkadingazetesi.com\/index.php?rest_route=\/wp\/v2\/posts\/37942\/revisions\/37944"}],"wp:featuredmedia":[{"embeddable":true,"href":"https:\/\/mersinkadingazetesi.com\/index.php?rest_route=\/wp\/v2\/media\/37943"}],"wp:attachment":[{"href":"https:\/\/mersinkadingazetesi.com\/index.php?rest_route=%2Fwp%2Fv2%2Fmedia&parent=37942"}],"wp:term":[{"taxonomy":"category","embeddable":true,"href":"https:\/\/mersinkadingazetesi.com\/index.php?rest_route=%2Fwp%2Fv2%2Fcategories&post=37942"},{"taxonomy":"post_tag","embeddable":true,"href":"https:\/\/mersinkadingazetesi.com\/index.php?rest_route=%2Fwp%2Fv2%2Ftags&post=37942"}],"curies":[{"name":"wp","href":"https:\/\/api.w.org\/{rel}","templated":true}]}}