{"id":37945,"date":"2024-12-17T15:38:31","date_gmt":"2024-12-17T12:38:31","guid":{"rendered":"https:\/\/mersinkadingazetesi.com\/?p=37945"},"modified":"2024-12-17T15:38:31","modified_gmt":"2024-12-17T12:38:31","slug":"artik-bankalar-sube-acmiyor","status":"publish","type":"post","link":"https:\/\/mersinkadingazetesi.com\/?p=37945","title":{"rendered":"\u201cArt\u0131k bankalar \u015fube a\u00e7m\u0131yor\u201d"},"content":{"rendered":"\n<p>Mersin Ticaret ve Sanayi Odas\u0131 (MTSO) Y\u00f6netim Kurulu Ba\u015fkan\u0131 Hakan Sefa \u00c7ak\u0131r, sorular\u0131 yan\u0131tlad\u0131.<br>Daha \u00f6nce k\u00fcresel yeni bir dalgaya dikkat \u00e7eken ve konu ile ilgili a\u00e7\u0131klamada bulunan \u00c7ak\u0131r, \u201cBunu biz nerede s\u00f6yledik. Ge\u00e7ti\u011fimiz hafta ASCAME\u2019nin bir toplant\u0131s\u0131 i\u00e7in davetli olarak Fas\u2019a gitmi\u015ftik. Orada konu\u015fmac\u0131 olduk. \u00d6nce size ASCAME\u2019yi anlatay\u0131m Akdeniz\u2019e k\u0131y\u0131s\u0131 olan \u00fclkelerin ticaret ve sanayi odalar\u0131n\u0131n \u00fcye oldu\u011fu bir olu\u015fum. Burada Akdeniz\u2019e k\u0131y\u0131s\u0131 olan \u00fclkelere, i\u015f yapt\u0131\u011f\u0131m\u0131z \u00fclkelere seslenerek iklim ve dijitalle\u015fme konusunda b\u00fcy\u00fck bir dalga geliyor dedik. \u0130klimle ilgili en b\u00fcy\u00fck darbeyi yiyecek olan Akdeniz \u00fclkeleri birlikte ortak hareket etmemiz gerekiyor dedik. \u0130kinci b\u00fcy\u00fck dalga da dijitalle\u015fmeyle ilgili, yapay zekayla ilgili geliyor. Birlikte rakip olmadan neler yapabilece\u011fimizi konu\u015fmam\u0131z gerek demi\u015ftik. 21. yy\u2019de art\u0131k y\u00fcksek teknoloji hayat\u0131n her alan\u0131nda \u00e7\u0131\u011f\u0131r a\u00e7t\u0131. Her d\u00f6nem bir de\u011fi\u015fim oluyordu ama son zamanlarda de\u011fi\u015fimler hi\u00e7 bu kadar h\u0131zl\u0131 olmad\u0131. Hayat\u0131n her alan\u0131 d\u00f6n\u00fc\u015ft\u00fcren teknolojilere sahne olmaya ba\u015flad\u0131. Sadece \u00fcretimde ekonomide de\u011fil e\u011fitim, sa\u011fl\u0131k, g\u00fcndelik ya\u015famda her alanda dijitalle\u015fiyoruz. Bu konuda endi\u015feler olsa da geride kalanlar\u0131n da kaybetti\u011fi bir dijital d\u00fcnya oluyor.\u201d dedi.<\/p>\n\n\n\n<p>\u201cArt\u0131k bankalar \u015fube a\u00e7m\u0131yor\u201d<\/p>\n\n\n\n<p>Dijital d\u00fcnya olgusunu kabul etmemiz gerekti\u011fini belirten \u00c7ak\u0131r, \u201cYapay zekay\u0131 kabul etmeliyiz. \u00d6\u011frenen makineler, yeni teknolojiler ve hepsinin ba\u015f\u0131nda internet var. Buna sa\u011fl\u0131kl\u0131 \u015fekilde entegre olmal\u0131y\u0131z. Ba\u015fka t\u00fcrl\u00fc i\u015fimizi y\u00fcr\u00fctmek m\u00fcmk\u00fcn olmayacak. Art\u0131k bankalar \u015fube a\u00e7m\u0131yor. Herkes online \u00fcst\u00fcnden hareket ediyor. Art\u0131k ticaret, ithalat, ihracat fiziki ma\u011fazalarla de\u011fil aplikasyonlarla yap\u0131lacak. Toplant\u0131lar zoom \u00fczerinden yap\u0131l\u0131yor. Bu art\u0131k moda de\u011fil uyum sa\u011flanmas\u0131 gereken bir zorunluluk olarak g\u00f6r\u00fcn\u00fcyor. Do\u011fru hareket etmeliyiz. Hatta \u00f6n\u00fcm\u00fczdeki s\u00fcre\u00e7te teknolojiyi \u00fcreten biz olmal\u0131y\u0131z. Kendi yapay zekam\u0131z\u0131 \u00fcretmemiz laz\u0131m. Verilerin ba\u015fkalar\u0131 taraf\u0131ndan al\u0131nmamas\u0131 gerekiyor. Robot ve insan\u0131n birlikte hareket etti\u011fi kobotlar \u00e7\u0131kt\u0131. Her \u015fey \u00e7ok h\u0131zl\u0131 ilerliyor. D\u00fcnya birbirine yak\u0131nla\u015f\u0131yor ve bu yak\u0131nla\u015fmaya dur dememeliyiz. Art\u0131k klasik, tek y\u00f6nl\u00fc, ezberci e\u011fitim sistemi de\u011fil nas\u0131l sanayi 4.0 diyorsak e\u011fitim 4.0 da demeliyiz. Analitik d\u00fc\u015f\u00fcnen, giri\u015fimci ruha sahip esnek, yeniliklere uyum sa\u011flayan multi disiplin denen birka\u00e7 alanda e\u011fitim alan beyinlere ihtiya\u00e7 var. Gen\u00e7lerimizi bu sisteme uyumlu \u015fekilde e\u011fitmeliyiz ki mevcut d\u00fcnyay\u0131 da kontrol edebilir durumda olsunlar. Hem sistem i\u00e7inde olup hem de y\u00f6netebilecek durumda olan bir d\u00fczen olu\u015fturmal\u0131y\u0131z. Ama insan fakt\u00f6r\u00fcn\u00fc burada kesin vazge\u00e7meden dijital d\u00f6n\u00fc\u015f\u00fcmde de \u00f6nceli\u011fi insana vermeliyiz. \u0130nsan ruhunu, gelenek g\u00f6renekleri b\u0131rakmamaya \u00f6ncelik vermeliyiz.\u201d \u015feklinde konu\u015ftu.<\/p>\n\n\n\n<p>\u201cG\u00f6rd\u00fck ki herkes personel ar\u0131yor\u201d<\/p>\n\n\n\n<p>\u0130\u015f g\u00fcc\u00fc sorunununa da de\u011finen \u00c7ak\u0131r, \u201cKesinlikle en b\u00fcy\u00fck s\u0131k\u0131nt\u0131 g\u00f6reve geldi\u011fimizde g\u00f6rd\u00fck ki herkes personel ar\u0131yor. Personel de i\u015f ar\u0131yor. Enteresan bir yap\u0131 var. E\u011fitimli ki\u015fi i\u015fyerine g\u00f6re bir e\u011fitim alm\u0131\u015f olsa meslek okulundan \u00fcniversiteden mezun olunca nerede \u00e7al\u0131\u015faca\u011f\u0131n\u0131 bilse yaz tatillerinde i\u015f yeriyle irtibatl\u0131 hareket edip \u00e7al\u0131\u015fsa mezun olduktan sonra i\u015fi haz\u0131r olacak. Fabrika sahibi ya da i\u015fveren de zaman kaybetmeden eleman yeti\u015ftirmi\u015f olacak. Se\u00e7meyle u\u011fra\u015fmayacak. Milli E\u011fitim \u0130l M\u00fcd\u00fcrl\u00fc\u011f\u00fc, Valilik ve MTOSB i\u015fbirli\u011finde b\u00fcy\u00fck bir proje ba\u015flatt\u0131k. T\u00fcrkiye\u2019nin E\u011fitimde Mersin Modeli dedi\u011fimiz bir \u00e7al\u0131\u015fma ve ge\u00e7ti\u011fimiz g\u00fcnlerde lansman\u0131n\u0131 yapt\u0131k. Meslek liselerinden mezun olan \u00e7ocuklar i\u015fverenlerle irtibatl\u0131 olacak ve nerede \u00e7al\u0131\u015facaklar\u0131n\u0131 bilecek. Kalifiye i\u015fg\u00fcc\u00fc olu\u015facak. Bu da bizim \u00f6nemli projelerimizden biri. Bu T\u00fcrkiye Modeli olacak. Bu konuda \u00e7al\u0131\u015fan ilk \u015fehirlerden birisiyiz. Meslek Okullar\u0131yla ilgili Milli E\u011fitim Bakanl\u0131\u011f\u0131yla da konu\u015fuyoruz. Milli E\u011fitim \u0130l M\u00fcd\u00fcrl\u00fc\u011f\u00fcyle irtibattay\u0131z. Bir kitap\u00e7\u0131k haz\u0131rlad\u0131k sorunlar ve \u00e7\u00f6z\u00fcmlerini i\u00e7eren. Bunu hayata ge\u00e7irmeye ba\u015fl\u0131yoruz. Ustalar okullara geliyor, \u00f6\u011fretmen ve \u00f6\u011frenciler i\u015fyerlerine gidiyor. Okul ihtiya\u00e7 ve m\u00fcfredatlar\u0131n\u0131 birlikte belirliyorlar. Hem teknolojiyi kullanacak hem de gelece\u011fin meslekleriyle ilgili birlikte \u00e7al\u0131\u015facaklar. Hem sanayi hem okul etkile\u015fim i\u00e7inde \u00e7al\u0131\u015f\u0131yor. Baz\u0131 okullar\u0131m\u0131zda haftada bir g\u00fcn \u00e7ocuklar okulda olup kalan d\u00f6rt g\u00fcnde i\u015fyerinde olacak. Mezun olunca da hareketli hale gelebilecekler.\u201d ifadelerini kulland\u0131.<\/p>\n\n\n\n<p>\u201cSorunlara \u00fcniversiteler, ticaret odalar, ziraat odalar\u0131 birlikte \u00e7al\u0131\u015fmal\u0131y\u0131z\u201d<\/p>\n\n\n\n<p>Mersin\u2019de \u0130\u015eKUR\u2019a kay\u0131tl\u0131 50 bin i\u015fsiz oldu\u011funu ifade eden \u00c7ak\u0131r, \u201cOnlar\u0131n meslek sahibi olmas\u0131 i\u00e7in bir \u00e7al\u0131\u015fma y\u00fcr\u00fct\u00fcyoruz. Valilik, B\u00fcy\u00fck\u015fehir Belediyesi, MERYAP, \u0130\u015eKUR, Ni\u015fanta\u015f\u0131 \u00dcniversitesi ile birlikte talep do\u011frultusunda kaynak\u00e7\u0131, kal\u0131p ustalar\u0131 yeti\u015ftiriyoruz, belgelendiriyor ve sonras\u0131nda da i\u015f garantisi sunuyoruz. As\u0131l b\u00fcy\u00fck dalga iklimde geliyor ve en \u00e7ok Akdeniz \u00fclkeleri etkilenecek. Barcelona\u2019daki bir ASCEAME toplant\u0131s\u0131nda bunu net s\u00f6yledik. Biz sadece konu\u015fuyoruz d\u00fcnya da konu\u015fuyor, toplant\u0131 yap\u0131yor harekete ge\u00e7en az bir grup var. Art\u0131k harekete ge\u00e7meliyiz. Gelecek geldi beklemeye gerek yok. \u0130klim \u0131s\u0131n\u0131yor. Turizm, tar\u0131m, sanayi her \u015fey etkilenecek. Birlikte \u00e7al\u0131\u015fmal\u0131y\u0131z. Birlikte \u00fcr\u00fcn desenleri belirlemeliyiz. \u0130spanya, Suriye, M\u0131s\u0131r, Fas birlikte belirlemeliyiz dedim. Onlar da \u00e7ok s\u0131cak bakt\u0131. H\u0131zl\u0131 bir d\u00f6n\u00fc\u015f\u00fcm var. \u0130klim d\u00f6n\u00fc\u015f\u00fcm\u00fcn\u00fc durdurma \u015fans\u0131m\u0131z yok sadece haz\u0131r olmal\u0131y\u0131z. Daha fazla \u0131s\u0131n\u0131nca ne yeti\u015ftirece\u011fiz suyu nas\u0131l daha efektif kullanaca\u011f\u0131z bunu iyi bilmeliyiz. G\u00fczel bir co\u011frafyada ya\u015f\u0131yoruz gelece\u011fe haz\u0131r olmal\u0131y\u0131z. Tsunami geliyor buna haz\u0131r olursak d\u00f6n\u00fc\u015fm\u00fc\u015f oluruz. \u0130klim de\u011fi\u015fikli\u011fi t\u00fcm d\u00fcnyay\u0131 etkiliyor. En \u00e7ok da bizi, Akdeniz B\u00f6lgesi\u2019ni etkileyecek. \u00c7ok s\u0131cak yerler mesela Pakistan diye bir \u00fclke olmayacak. G\u00f6\u00e7 edecekler buna da haz\u0131r olmal\u0131y\u0131z. \u00c7ok iyi bir planlama yap\u0131lmal\u0131. \u0130lkokuldan itibaren \u00e7ocuklara ne yapmalar\u0131 gerekti\u011fini, suyu nas\u0131l kullanmalar\u0131 gerekti\u011fini \u00f6\u011fretmemiz laz\u0131m. Projelerimiz var. Mersin\u2019de gelece\u011fin i\u015flerine y\u00f6nelik teknoloji tabanl\u0131 uygulamal\u0131 e\u011fitim merkezi projemiz var. Gelece\u011fin mesleklerine y\u00f6nelik e\u011fitim veren merkez kurduk. \u0130klimle ilgili Bitkilerin Sesini Duyun \u0130klim De\u011fi\u015fikli\u011fine Uyum Sa\u011flay\u0131n Projemiz var. Fark\u0131ndal\u0131k projesi. Ye\u015fil Bir Gelecek \u0130\u00e7in Liman \u015eehirleri Ortakl\u0131\u011f\u0131 projemiz var. T\u00fcm liman \u015fehirleri ortak. ODT\u00dc, B\u00fcy\u00fck\u015fehir Belediyesi de bu projede ortak. Temiz Akdeniz Projesi, Temiz Deniz Projesi. Bu konuda ne yapabiliriz diye \u00e7al\u0131\u015f\u0131yoruz. \u0130klim De\u011fi\u015fikli\u011fine Adaptasyon \u0130\u00e7in Harekete Ge\u00e7 projemiz var. Nas\u0131l bir \u00fcr\u00fcn deseni olu\u015fturulabilir diye \u00e7al\u0131\u015f\u0131yoruz. Avrupa Dijital \u0130novasyon Merkezi olu\u015fturuluyor. Hi\u00e7 durmadan haz\u0131rl\u0131k yap\u0131p b\u00f6lgemizi haz\u0131rlamaya \u00e7al\u0131\u015f\u0131yoruz. Mersin, Adana, Antakya, \u00c7ukurova birle\u015fmeliyiz sonra da Akdeniz \u00fclkeleriyle i\u015fbirli\u011fi yapmal\u0131y\u0131z. Sorunlara \u00fcniversiteler, ticaret odalar, ziraat odalar\u0131 birlikte \u00e7al\u0131\u015fmal\u0131y\u0131z.\u201d<\/p>\n","protected":false},"excerpt":{"rendered":"<p>Mersin Ticaret ve Sanayi Odas\u0131 (MTSO) Y\u00f6netim Kurulu Ba\u015fkan\u0131 Hakan Sefa \u00c7ak\u0131r, sorular\u0131 yan\u0131tlad\u0131.Daha \u00f6nce k\u00fcresel yeni bir dalgaya dikkat \u00e7eken ve konu ile ilgili a\u00e7\u0131klamada bulunan \u00c7ak\u0131r, \u201cBunu biz nerede s\u00f6yledik. Ge\u00e7ti\u011fimiz hafta ASCAME\u2019nin bir toplant\u0131s\u0131 i\u00e7in davetli olarak Fas\u2019a gitmi\u015ftik. Orada konu\u015fmac\u0131 olduk. \u00d6nce size ASCAME\u2019yi anlatay\u0131m Akdeniz\u2019e k\u0131y\u0131s\u0131 olan \u00fclkelerin ticaret ve [&hellip;]<\/p>\n","protected":false},"author":2,"featured_media":37946,"comment_status":"closed","ping_status":"closed","sticky":false,"template":"","format":"standard","meta":{"footnotes":""},"categories":[3,5],"tags":[],"class_list":["post-37945","post","type-post","status-publish","format-standard","has-post-thumbnail","hentry","category-manset","category-mersin"],"views":4,"_links":{"self":[{"href":"https:\/\/mersinkadingazetesi.com\/index.php?rest_route=\/wp\/v2\/posts\/37945"}],"collection":[{"href":"https:\/\/mersinkadingazetesi.com\/index.php?rest_route=\/wp\/v2\/posts"}],"about":[{"href":"https:\/\/mersinkadingazetesi.com\/index.php?rest_route=\/wp\/v2\/types\/post"}],"author":[{"embeddable":true,"href":"https:\/\/mersinkadingazetesi.com\/index.php?rest_route=\/wp\/v2\/users\/2"}],"replies":[{"embeddable":true,"href":"https:\/\/mersinkadingazetesi.com\/index.php?rest_route=%2Fwp%2Fv2%2Fcomments&post=37945"}],"version-history":[{"count":1,"href":"https:\/\/mersinkadingazetesi.com\/index.php?rest_route=\/wp\/v2\/posts\/37945\/revisions"}],"predecessor-version":[{"id":37947,"href":"https:\/\/mersinkadingazetesi.com\/index.php?rest_route=\/wp\/v2\/posts\/37945\/revisions\/37947"}],"wp:featuredmedia":[{"embeddable":true,"href":"https:\/\/mersinkadingazetesi.com\/index.php?rest_route=\/wp\/v2\/media\/37946"}],"wp:attachment":[{"href":"https:\/\/mersinkadingazetesi.com\/index.php?rest_route=%2Fwp%2Fv2%2Fmedia&parent=37945"}],"wp:term":[{"taxonomy":"category","embeddable":true,"href":"https:\/\/mersinkadingazetesi.com\/index.php?rest_route=%2Fwp%2Fv2%2Fcategories&post=37945"},{"taxonomy":"post_tag","embeddable":true,"href":"https:\/\/mersinkadingazetesi.com\/index.php?rest_route=%2Fwp%2Fv2%2Ftags&post=37945"}],"curies":[{"name":"wp","href":"https:\/\/api.w.org\/{rel}","templated":true}]}}