{"id":37951,"date":"2024-12-18T11:53:00","date_gmt":"2024-12-18T08:53:00","guid":{"rendered":"https:\/\/mersinkadingazetesi.com\/?p=37951"},"modified":"2024-12-18T11:53:00","modified_gmt":"2024-12-18T08:53:00","slug":"vali-ali-hamza-pehlivan-marjinal-arazilerde-kestane-uretim-projesi-kapsaminda-kestane-fidani-dagitimi-gerceklestirdi","status":"publish","type":"post","link":"https:\/\/mersinkadingazetesi.com\/?p=37951","title":{"rendered":"VAL\u0130 AL\u0130 HAMZA PEHL\u0130VAN, \u2018MARJ\u0130NAL ARAZ\u0130LERDE KESTANE \u00dcRET\u0130M PROJES\u0130\u2019 KAPSAMINDA KESTANE F\u0130DANI DA\u011eITIMI GER\u00c7EKLE\u015eT\u0130RD\u0130"},"content":{"rendered":"\n<p>Valimiz Ali Hamza Pehlivan, Tar\u0131m ve Orman Bakanl\u0131\u011f\u0131 Bitkisel \u00dcretim Genel M\u00fcd\u00fcrl\u00fc\u011f\u00fcn\u00fcn \u201cTar\u0131m Arazilerinin Etkinle\u015ftirilmesi Projesi\u201d kapsam\u0131nda Erdemli \u0130l\u00e7esi Alata Bah\u00e7e K\u00fclt\u00fcrleri Ara\u015ft\u0131rma Enstit\u00fcs\u00fc M\u00fcd\u00fcrl\u00fc\u011f\u00fcnde d\u00fczenlenen \u2018Marjinal Arazilerde Kestane \u00dcretim Projesi\u2019 &nbsp;dahilinde toplam bedeli 300 bin TL olan 1.800 kestane fidan\u0131n\u0131 emektar \u00e7iftlerimize da\u011f\u0131tt\u0131.<\/p>\n\n\n\n<p>Sayg\u0131 duru\u015fu bulunulmas\u0131 ve \u0130stiklal Mar\u015f\u0131m\u0131z\u0131n okunmas\u0131yla ba\u015flayan programda bir konu\u015fma ger\u00e7ekle\u015ftiren Vali Pehlivan, \u201cBug\u00fcn, Erdemli il\u00e7emizde \u2018Marjinal Arazilerde Kestane \u00dcretim Projesi\u2019ni hayata ge\u00e7iriyoruz. Erdemli \u0130l\u00e7emizde 29 \u00e7ift\u00e7imize yakla\u015f\u0131k 1.800 kestane fidan\u0131 teslim ettik. Maddi de\u011feri 300 bin TL olan bu fidanlar\u0131n %75\u2019i Tar\u0131m ve Orman Bakanl\u0131\u011f\u0131m\u0131z taraf\u0131ndan hibe olarak kar\u015f\u0131land\u0131. Kalan %25\u2019inde de \u00e7ift\u00e7ilerimizin katk\u0131s\u0131 oldu.&nbsp;<\/p>\n\n\n\n<p>Buradaki temel amac\u0131m\u0131z marjinal olarak nitelendirilen birinci derecede tar\u0131m arazisi olmayan, i\u015flemeli tar\u0131m faaliyeti yap\u0131lamayan alanlar\u0131 de\u011ferlendirmek ve oralar\u0131 ekonomiye kazand\u0131rmakt\u0131r. Erdemli \u0130l\u00e7esi \u00f6zelinde bakt\u0131\u011f\u0131m\u0131zda, toplamda 450 bin dekar\u0131n \u00fczerinde bu s\u0131n\u0131fta arazimiz var. \u0130stiyoruz ki verimli arazilerde ekim, dikim, faaliyeti yap\u0131ld\u0131\u011f\u0131 gibi bu alanlarda da tar\u0131m faaliyetleri yap\u0131ls\u0131n. Bunun bir\u00e7ok faydas\u0131 var. Hastal\u0131k ve zararl\u0131lara kar\u015f\u0131 daha dayan\u0131kl\u0131 olan, \u00e7ok fazla su, ila\u00e7, ilave bak\u0131m gerektirmeyen t\u00fcrler vas\u0131tas\u0131yla tar\u0131msal faaliyetleri te\u015fvik etmi\u015f oluyoruz. Bu alanlar\u0131 ekonomiye kazand\u0131rm\u0131\u015f oluyoruz. Bir yandan da bu alanlar\u0131 a\u011fa\u00e7land\u0131rarak erozyonu da \u00f6nlemi\u015f oluyoruz. Faydalan\u0131c\u0131 ailelerimizin ekonomisine de bu vesileyle katk\u0131 sa\u011flamay\u0131 hedefliyoruz.<\/p>\n\n\n\n<p>Bu projemizi bir deneme \u00fcretimi olarak ger\u00e7ekle\u015ftiriyoruz. \u0130lk etapta 110 dekar\u0131n \u00fczerinde bah\u00e7eler tesis ediyoruz. \u0130limiz bir\u00e7ok \u00fcr\u00fcnle \u00f6n plana \u00e7\u0131k\u0131yor. Bir\u00e7ok \u00fcr\u00fcn\u00fcn hem \u00fcretim hem ticareti yap\u0131l\u0131yor. Kestane, bu anlamda \u0130limizde yayg\u0131n olarak \u00fcretilen bir \u00fcr\u00fcn de\u011fil ama biliyoruz ki \u00f6zellikle de bu i\u015flemeli tar\u0131m\u0131n yap\u0131lamayaca\u011f\u0131 alanlarda \u00f6nemli bir alternatif olacak. Asl\u0131nda bu projeyle \u00e7ift\u00e7ilerimizin \u00f6n\u00fcne bir alternatif \u00fcr\u00fcn koymu\u015f oluyoruz.&nbsp;<\/p>\n\n\n\n<p>Tar\u0131m ve Orman \u0130l M\u00fcd\u00fcrl\u00fc\u011f\u00fcm\u00fcz\u00fcn ilgili birimleriyle bu s\u00fcreci takip edece\u011fiz. E\u011fer maksimum verime ula\u015f\u0131r ise dekar ba\u015f\u0131 300 kilograma kadar \u00fcr\u00fcn elde etme imk\u00e2n\u0131 olacak. Bu da \u00e7ift\u00e7i ailelerimizin ekonomisine \u00f6nemli bir katk\u0131 anlam\u0131na gelecek. Ben bu projenin hay\u0131rl\u0131 ve u\u011furlu olmas\u0131n\u0131 diliyorum. Faydal\u0131 neticeler elde edilmesini diliyorum. Ba\u015fta Tar\u0131m ve Orman Bakanl\u0131\u011f\u0131m\u0131z olmak \u00fczere, Tar\u0131m ve Orman \u0130l M\u00fcd\u00fcrl\u00fc\u011f\u00fcm\u00fcze \u00e7ift\u00e7ilerimize, \u00e7ift\u00e7i ailelerimize eme\u011fi ge\u00e7en herkese te\u015fekk\u00fcrlerimi sunuyorum.\u201d ifadelerini kulland\u0131.<\/p>\n\n\n\n<p>Erdemli Belediye Ba\u015fkan\u0131 Mustafa Kara ve \u0130l Tar\u0131m ve Orman M\u00fcd\u00fcr\u00fc Erdem Karada\u011f da birer konu\u015fma ger\u00e7ekle\u015ftirdi. &nbsp;<\/p>\n\n\n\n<p>Valimiz Ali Hamza Pehlivan ve protokol \u00fcyeleri taraf\u0131ndan kestane fidanlar\u0131 \u00e7ift\u00e7ilere takdim edildi.<\/p>\n\n\n\n<p>Vali Pehlivan ve beraberindekilerin ilk fidanlar\u0131 topra\u011fa dikmesinin ard\u0131ndan program sona erdi.<\/p>\n\n\n\n<p>Programa; Erdemli Kaymakam\u0131 Ayd\u0131n Tetiko\u011flu, Erdemli Belediye Ba\u015fkan\u0131 Mustafa Kara, \u0130l Tar\u0131m ve Orman M\u00fcd\u00fcr\u00fc Erdem Karada\u011f, \u0130l\u00e7e birim amirleri, meslek odalar\u0131n\u0131n, kooperatiflerin, STK\u2019lerin temsilcileri, \u00e7ift\u00e7ilerimiz ve vatanda\u015flar\u0131m\u0131z kat\u0131ld\u0131.<\/p>\n","protected":false},"excerpt":{"rendered":"<p>Valimiz Ali Hamza Pehlivan, Tar\u0131m ve Orman Bakanl\u0131\u011f\u0131 Bitkisel \u00dcretim Genel M\u00fcd\u00fcrl\u00fc\u011f\u00fcn\u00fcn \u201cTar\u0131m Arazilerinin Etkinle\u015ftirilmesi Projesi\u201d kapsam\u0131nda Erdemli \u0130l\u00e7esi Alata Bah\u00e7e K\u00fclt\u00fcrleri Ara\u015ft\u0131rma Enstit\u00fcs\u00fc M\u00fcd\u00fcrl\u00fc\u011f\u00fcnde d\u00fczenlenen \u2018Marjinal Arazilerde Kestane \u00dcretim Projesi\u2019 &nbsp;dahilinde toplam bedeli 300 bin TL olan 1.800 kestane fidan\u0131n\u0131 emektar \u00e7iftlerimize da\u011f\u0131tt\u0131. Sayg\u0131 duru\u015fu bulunulmas\u0131 ve \u0130stiklal Mar\u015f\u0131m\u0131z\u0131n okunmas\u0131yla ba\u015flayan programda bir konu\u015fma [&hellip;]<\/p>\n","protected":false},"author":2,"featured_media":37952,"comment_status":"closed","ping_status":"closed","sticky":false,"template":"","format":"standard","meta":{"footnotes":""},"categories":[3],"tags":[],"class_list":["post-37951","post","type-post","status-publish","format-standard","has-post-thumbnail","hentry","category-manset"],"views":1,"_links":{"self":[{"href":"https:\/\/mersinkadingazetesi.com\/index.php?rest_route=\/wp\/v2\/posts\/37951"}],"collection":[{"href":"https:\/\/mersinkadingazetesi.com\/index.php?rest_route=\/wp\/v2\/posts"}],"about":[{"href":"https:\/\/mersinkadingazetesi.com\/index.php?rest_route=\/wp\/v2\/types\/post"}],"author":[{"embeddable":true,"href":"https:\/\/mersinkadingazetesi.com\/index.php?rest_route=\/wp\/v2\/users\/2"}],"replies":[{"embeddable":true,"href":"https:\/\/mersinkadingazetesi.com\/index.php?rest_route=%2Fwp%2Fv2%2Fcomments&post=37951"}],"version-history":[{"count":1,"href":"https:\/\/mersinkadingazetesi.com\/index.php?rest_route=\/wp\/v2\/posts\/37951\/revisions"}],"predecessor-version":[{"id":37953,"href":"https:\/\/mersinkadingazetesi.com\/index.php?rest_route=\/wp\/v2\/posts\/37951\/revisions\/37953"}],"wp:featuredmedia":[{"embeddable":true,"href":"https:\/\/mersinkadingazetesi.com\/index.php?rest_route=\/wp\/v2\/media\/37952"}],"wp:attachment":[{"href":"https:\/\/mersinkadingazetesi.com\/index.php?rest_route=%2Fwp%2Fv2%2Fmedia&parent=37951"}],"wp:term":[{"taxonomy":"category","embeddable":true,"href":"https:\/\/mersinkadingazetesi.com\/index.php?rest_route=%2Fwp%2Fv2%2Fcategories&post=37951"},{"taxonomy":"post_tag","embeddable":true,"href":"https:\/\/mersinkadingazetesi.com\/index.php?rest_route=%2Fwp%2Fv2%2Ftags&post=37951"}],"curies":[{"name":"wp","href":"https:\/\/api.w.org\/{rel}","templated":true}]}}