{"id":37982,"date":"2024-12-18T16:25:57","date_gmt":"2024-12-18T13:25:57","guid":{"rendered":"https:\/\/mersinkadingazetesi.com\/?p=37982"},"modified":"2024-12-18T16:25:57","modified_gmt":"2024-12-18T13:25:57","slug":"erdemli-belediyesi-ile-hizmet-is-sendikasi-arasinda-toplu-is-sozlesmesi-imzalandi-en-dusuk-isci-maasi-30-bin-tl","status":"publish","type":"post","link":"https:\/\/mersinkadingazetesi.com\/?p=37982","title":{"rendered":"Erdemli Belediyesi ile Hizmet-\u0130\u015f Sendikas\u0131 Aras\u0131nda Toplu \u0130\u015f S\u00f6zle\u015fmesi \u0130mzaland\u0131: En D\u00fc\u015f\u00fck \u0130\u015f\u00e7i Maa\u015f\u0131 30 Bin TL"},"content":{"rendered":"\n<p>Erdemli Belediyesi \u00e7al\u0131\u015fanlar\u0131n\u0131n maa\u015flar\u0131na zam ve sosyal haklarda iyile\u015ftirme yap\u0131ld\u0131. Yap\u0131lan toplu i\u015f s\u00f6zle\u015fmesi ile en d\u00fc\u015f\u00fck i\u015f\u00e7i maa\u015f\u0131 30 Bin TL olurken, bayram ikramiyeleri artt\u0131r\u0131ld\u0131, aile deste\u011fi ve yakacak deste\u011fi sa\u011fland\u0131. \u0130zin g\u00fcn say\u0131lar\u0131 T\u00fcrkiye standartlar\u0131n\u0131n \u00fczerine \u00e7\u0131karken, yeni evlenecek \u00e7iftlere 20 Bin TL nakit deste\u011fi verilecek.<\/p>\n\n\n\n<p>Mersin Erdemli Belediyesi ile Hizmet-\u0130\u015f Sendikas\u0131 aras\u0131nda s\u00fcren toplu i\u015f s\u00f6zle\u015fmesi g\u00f6r\u00fc\u015fmeleri sonu\u00e7land\u0131.<\/p>\n\n\n\n<p>Erdemli Belediyesi K\u00fclt\u00fcr Merkezi&#8217;nde d\u00fczenlenen imza t\u00f6renine, Erdemli Belediye Ba\u015fkan\u0131 Mustafa KARA, Hizmet-\u0130\u015f Sendikas\u0131 Genel Ba\u015fkan Yard\u0131mc\u0131s\u0131 Mehmet Keskin, Hizmet\u00ac-\u0130\u015f Sendikas\u0131 Karaman \u015eube Ba\u015fkan\u0131 Mustafa Karaka\u015f kat\u0131ld\u0131.<\/p>\n\n\n\n<p>Erdemli Belediye Ba\u015fkan\u0131 Mustafa Kara, \u00e7al\u0131\u015fanlara sendikal haklar\u0131n\u0131 vermenin mutlulu\u011funu ya\u015fad\u0131klar\u0131n\u0131 ifade ederek, &#8221;Bug\u00fcn Erdemli Belediyesi olarak hep birlikte \u00f6nemli bir ad\u0131m atman\u0131n mutlulu\u011funu ya\u015f\u0131yoruz. Siz k\u0131ymetli \u00e7al\u0131\u015fma arkada\u015flar\u0131m\u0131z\u0131n en do\u011fal hakk\u0131 olan sendikal haklar\u0131n\u0131 tan\u0131yarak sizlerin yan\u0131nda oldu\u011fumuzu bir kez daha g\u00f6steriyoruz. Bu uzun zamand\u0131r bekledi\u011fimiz bir imzayd\u0131. Daha \u00f6nce y\u0131llarca s\u00f6z verildi. Cenab-\u0131 Allah benim d\u00f6nemimde sonu\u00e7land\u0131rmay\u0131, ta\u00e7land\u0131rmay\u0131 bana nasip etti in\u015fallah. Haklar\u0131n\u0131z\u0131 ve \u00e7al\u0131\u015fma ko\u015fullar\u0131n\u0131z\u0131 iyile\u015ftirmenin mutlulu\u011funu hep birlikte bug\u00fcn burada payla\u015faca\u011f\u0131z. K\u0131ymetli ekip arkada\u015flar\u0131m\u0131z, bu karar sadece bir imza de\u011fil eme\u011finize, al\u0131n terinize ve bundan sonra birlikte in\u015fa etti\u011fimiz gelece\u011fe duydu\u011fumuz inanc\u0131n bir ifadesidir. Hepiniz heyecanla bekliyorsunuz. Erdemlimizin kalk\u0131nmas\u0131nda ve b\u00fcy\u00fcmesinde \u00f6nemli rol\u00fc olan sizlerin haklar\u0131n\u0131 her zaman koruyaca\u011f\u0131m\u0131z\u0131n s\u00f6z\u00fcn\u00fc buradan vermek istiyorum. Ya Allah bismillah diyerek s\u00f6zlerimi daha fazla uzatmadan imza t\u00f6renine ge\u00e7elim istiyorum. Rabbim niyetimizi hay\u0131r eylesin \u0130n\u015fallah&#8221; diye konu\u015ftu.<\/p>\n\n\n\n<p>\u00c7al\u0131\u015fma \u015fartlar\u0131n\u0131n daha adil ve g\u00fcvenilir hale getirildi\u011fini ifade eden Hizmet-\u0130\u015f Sendikas\u0131 Genel Ba\u015fkan Yard\u0131mc\u0131s\u0131 Mehmet Keskin, &#8221;Bu s\u00f6zle\u015fme ile \u00e7al\u0131\u015fanlar\u0131m\u0131z\u0131n haklar\u0131n\u0131 g\u00fc\u00e7lendiren ve refah\u0131n\u0131 artt\u0131ran \u00f6nemli kazan\u0131mlar elde edildi. \u00dccretlerde ve sosyal haklarda iyile\u015ftirmeler sa\u011flanm\u0131\u015ft\u0131r. \u00c7al\u0131\u015fma \u015fartlar\u0131 daha adil ve g\u00fcvenilir hale getirilmi\u015ftir. \u0130\u015f bar\u0131\u015f\u0131n\u0131 ve kurumsal dayan\u0131\u015fmay\u0131 peki\u015ftirecek d\u00fczenlemelere de yer verilmi\u015ftir&#8221; diye konu\u015ftu.<\/p>\n\n\n\n<p>Hizmet-\u0130\u015f Karaman \u015eube Ba\u015fkan\u0131 Mustafa Karaka\u015f ise &#8221; Bu imza t\u00f6reninin, Erdemli Belediyemize, i\u015f\u00e7i arkada\u015flar\u0131m\u0131za, ailelerine, Sendikam\u0131za hay\u0131rl\u0131 u\u011furlu olmas\u0131n\u0131 diliyorum&#8221; diye konu\u015ftu.<\/p>\n\n\n\n<p>\u00d6te yandan imza t\u00f6reni, Erdemli Belediye Ba\u015fkan\u0131 Mustafa Kara&#8217;n\u0131n \u00f6z\u00e7ekimi ile son buldu.<\/p>\n","protected":false},"excerpt":{"rendered":"<p>Erdemli Belediyesi \u00e7al\u0131\u015fanlar\u0131n\u0131n maa\u015flar\u0131na zam ve sosyal haklarda iyile\u015ftirme yap\u0131ld\u0131. Yap\u0131lan toplu i\u015f s\u00f6zle\u015fmesi ile en d\u00fc\u015f\u00fck i\u015f\u00e7i maa\u015f\u0131 30 Bin TL olurken, bayram ikramiyeleri artt\u0131r\u0131ld\u0131, aile deste\u011fi ve yakacak deste\u011fi sa\u011fland\u0131. \u0130zin g\u00fcn say\u0131lar\u0131 T\u00fcrkiye standartlar\u0131n\u0131n \u00fczerine \u00e7\u0131karken, yeni evlenecek \u00e7iftlere 20 Bin TL nakit deste\u011fi verilecek. Mersin Erdemli Belediyesi ile Hizmet-\u0130\u015f Sendikas\u0131 aras\u0131nda [&hellip;]<\/p>\n","protected":false},"author":2,"featured_media":37983,"comment_status":"closed","ping_status":"closed","sticky":false,"template":"","format":"standard","meta":{"footnotes":""},"categories":[3],"tags":[],"class_list":["post-37982","post","type-post","status-publish","format-standard","has-post-thumbnail","hentry","category-manset"],"views":3,"_links":{"self":[{"href":"https:\/\/mersinkadingazetesi.com\/index.php?rest_route=\/wp\/v2\/posts\/37982"}],"collection":[{"href":"https:\/\/mersinkadingazetesi.com\/index.php?rest_route=\/wp\/v2\/posts"}],"about":[{"href":"https:\/\/mersinkadingazetesi.com\/index.php?rest_route=\/wp\/v2\/types\/post"}],"author":[{"embeddable":true,"href":"https:\/\/mersinkadingazetesi.com\/index.php?rest_route=\/wp\/v2\/users\/2"}],"replies":[{"embeddable":true,"href":"https:\/\/mersinkadingazetesi.com\/index.php?rest_route=%2Fwp%2Fv2%2Fcomments&post=37982"}],"version-history":[{"count":1,"href":"https:\/\/mersinkadingazetesi.com\/index.php?rest_route=\/wp\/v2\/posts\/37982\/revisions"}],"predecessor-version":[{"id":37984,"href":"https:\/\/mersinkadingazetesi.com\/index.php?rest_route=\/wp\/v2\/posts\/37982\/revisions\/37984"}],"wp:featuredmedia":[{"embeddable":true,"href":"https:\/\/mersinkadingazetesi.com\/index.php?rest_route=\/wp\/v2\/media\/37983"}],"wp:attachment":[{"href":"https:\/\/mersinkadingazetesi.com\/index.php?rest_route=%2Fwp%2Fv2%2Fmedia&parent=37982"}],"wp:term":[{"taxonomy":"category","embeddable":true,"href":"https:\/\/mersinkadingazetesi.com\/index.php?rest_route=%2Fwp%2Fv2%2Fcategories&post=37982"},{"taxonomy":"post_tag","embeddable":true,"href":"https:\/\/mersinkadingazetesi.com\/index.php?rest_route=%2Fwp%2Fv2%2Ftags&post=37982"}],"curies":[{"name":"wp","href":"https:\/\/api.w.org\/{rel}","templated":true}]}}