{"id":37985,"date":"2024-12-18T16:26:31","date_gmt":"2024-12-18T13:26:31","guid":{"rendered":"https:\/\/mersinkadingazetesi.com\/?p=37985"},"modified":"2024-12-18T16:26:31","modified_gmt":"2024-12-18T13:26:31","slug":"evita-yeniden-mersin-devlet-opera-ve-balesinde-2","status":"publish","type":"post","link":"https:\/\/mersinkadingazetesi.com\/?p=37985","title":{"rendered":"\u201cEvita\u201d Yeniden Mersin Devlet Opera ve Balesi\u2019nde."},"content":{"rendered":"\n<p>Andrew Lloyd Webber taraf\u0131ndan, Tim Rice&#8217;\u0131n metinleri \u00fczerine bestelenmi\u015f, \u015fimdiye kadar yaz\u0131lm\u0131\u015f en \u00fcnl\u00fc \u015fark\u0131 s\u00f6zlerine ve en muhte\u015fem sahne m\u00fcziklerine sahip olan \u201cEvita\u201d m\u00fczikali Mersin Devlet Opera ve Balesi\u2019nde 19 Aral\u0131k 2024 Per\u015fembe g\u00fcn\u00fc saat 20:00\u2019de ve Opera Sahnesi\u2019nde yeniden sanat severler ile bulu\u015facak.<\/p>\n\n\n\n<p>&nbsp;&nbsp;&nbsp;&nbsp;&nbsp;&nbsp;&nbsp;&nbsp;&nbsp;&nbsp;&nbsp;&nbsp;&nbsp;&nbsp;&nbsp; Arjantin tarihinin en tart\u0131\u015fmal\u0131 fig\u00fcrlerinden, eski Devlet Ba\u015fkan\u0131 Juan Peron\u2019 un e\u015fi Eva Peron\u2019un hayat hikayesini, gen\u00e7lik y\u0131llar\u0131n\u0131, hareketli ve g\u00fc\u00e7l\u00fc karakterini konu alan \u201cEvita\u201d M\u00fczikali;&nbsp; Muazzam bir zenginlik, g\u00fc\u00e7 m\u00fccadelesi ve sonunda azizelik r\u00fctbesine y\u00fckseli\u015fine kadar t\u00fcm y\u00f6nleri ile sahneye ta\u015f\u0131nan eser Mersin DOB Orkestras\u0131, koro ve bale sanat\u00e7\u0131lar\u0131 ile birlikte hayat bulacak.<\/p>\n\n\n\n<p>&nbsp;&nbsp;&nbsp;&nbsp;&nbsp;&nbsp;&nbsp;&nbsp;&nbsp;&nbsp;&nbsp;&nbsp;&nbsp;&nbsp;&nbsp; &nbsp; \u0130stanbul Devlet Opera ve Balesi Ba\u015frejis\u00f6r\u00fc Caner Ak\u0131n\u2019\u0131n&nbsp; Rejis\u00f6rl\u00fc\u011f\u00fc ile sahneye konan eserin Orkestra \u015fefli\u011fini Aytu\u011f \u00dclgen \u00fcstleniyor. Koro \u015eefi: An\u0131l Ayd\u0131n, Dekor: \u00d6zlem Topuz, Kost\u00fcm: Olcay Engin Kaymaz, Koreograf: Emre Karaca, I\u015f\u0131k: Tar\u0131 Deniz imzas\u0131 ta\u015f\u0131yor.<\/p>\n\n\n\n<p>&nbsp;&nbsp;&nbsp;&nbsp;&nbsp;&nbsp;&nbsp;&nbsp;&nbsp;&nbsp;&nbsp;&nbsp;&nbsp;&nbsp;&nbsp;&nbsp;&nbsp;&nbsp;&nbsp;&nbsp;&nbsp;&nbsp;&nbsp;&nbsp;&nbsp;&nbsp;&nbsp;&nbsp; Evita M\u00fczikalini canland\u0131racak sanat\u00e7\u0131 kadrosu ise \u015f\u00f6yle; Eva Peron: Nihan \u00c7etin Ayd\u0131n, Che Guevara: Onur Turan , Juan Peron: Kaz\u0131m Erdem \u00d6zdemir, Magaldi: Mustafa \u00d6zer, Metres: Ay\u015fe P\u0131nar BALAY taraf\u0131ndan hayat bulacak.<\/p>\n\n\n\n<p>&nbsp;&nbsp;&nbsp;&nbsp;&nbsp;&nbsp;&nbsp;&nbsp;&nbsp;&nbsp;&nbsp;&nbsp;&nbsp;&nbsp;&nbsp; Eserin biletleri \u201c<strong>biletinial.com<\/strong>\u201d adresinden ve \u201c<strong>Opera Gi\u015felerinden\u201d<\/strong> temin edilebilecek.<\/p>\n","protected":false},"excerpt":{"rendered":"<p>Andrew Lloyd Webber taraf\u0131ndan, Tim Rice&#8217;\u0131n metinleri \u00fczerine bestelenmi\u015f, \u015fimdiye kadar yaz\u0131lm\u0131\u015f en \u00fcnl\u00fc \u015fark\u0131 s\u00f6zlerine ve en muhte\u015fem sahne m\u00fcziklerine sahip olan \u201cEvita\u201d m\u00fczikali Mersin Devlet Opera ve Balesi\u2019nde 19 Aral\u0131k 2024 Per\u015fembe g\u00fcn\u00fc saat 20:00\u2019de ve Opera Sahnesi\u2019nde yeniden sanat severler ile bulu\u015facak. &nbsp;&nbsp;&nbsp;&nbsp;&nbsp;&nbsp;&nbsp;&nbsp;&nbsp;&nbsp;&nbsp;&nbsp;&nbsp;&nbsp;&nbsp; Arjantin tarihinin en tart\u0131\u015fmal\u0131 fig\u00fcrlerinden, eski Devlet Ba\u015fkan\u0131 Juan [&hellip;]<\/p>\n","protected":false},"author":2,"featured_media":37986,"comment_status":"closed","ping_status":"closed","sticky":false,"template":"","format":"standard","meta":{"footnotes":""},"categories":[3],"tags":[],"class_list":["post-37985","post","type-post","status-publish","format-standard","has-post-thumbnail","hentry","category-manset"],"views":9,"_links":{"self":[{"href":"https:\/\/mersinkadingazetesi.com\/index.php?rest_route=\/wp\/v2\/posts\/37985"}],"collection":[{"href":"https:\/\/mersinkadingazetesi.com\/index.php?rest_route=\/wp\/v2\/posts"}],"about":[{"href":"https:\/\/mersinkadingazetesi.com\/index.php?rest_route=\/wp\/v2\/types\/post"}],"author":[{"embeddable":true,"href":"https:\/\/mersinkadingazetesi.com\/index.php?rest_route=\/wp\/v2\/users\/2"}],"replies":[{"embeddable":true,"href":"https:\/\/mersinkadingazetesi.com\/index.php?rest_route=%2Fwp%2Fv2%2Fcomments&post=37985"}],"version-history":[{"count":1,"href":"https:\/\/mersinkadingazetesi.com\/index.php?rest_route=\/wp\/v2\/posts\/37985\/revisions"}],"predecessor-version":[{"id":37987,"href":"https:\/\/mersinkadingazetesi.com\/index.php?rest_route=\/wp\/v2\/posts\/37985\/revisions\/37987"}],"wp:featuredmedia":[{"embeddable":true,"href":"https:\/\/mersinkadingazetesi.com\/index.php?rest_route=\/wp\/v2\/media\/37986"}],"wp:attachment":[{"href":"https:\/\/mersinkadingazetesi.com\/index.php?rest_route=%2Fwp%2Fv2%2Fmedia&parent=37985"}],"wp:term":[{"taxonomy":"category","embeddable":true,"href":"https:\/\/mersinkadingazetesi.com\/index.php?rest_route=%2Fwp%2Fv2%2Fcategories&post=37985"},{"taxonomy":"post_tag","embeddable":true,"href":"https:\/\/mersinkadingazetesi.com\/index.php?rest_route=%2Fwp%2Fv2%2Ftags&post=37985"}],"curies":[{"name":"wp","href":"https:\/\/api.w.org\/{rel}","templated":true}]}}