{"id":37999,"date":"2024-12-19T10:27:41","date_gmt":"2024-12-19T07:27:41","guid":{"rendered":"https:\/\/mersinkadingazetesi.com\/?p=37999"},"modified":"2024-12-19T10:27:42","modified_gmt":"2024-12-19T07:27:42","slug":"perihan-koca-bir-de-sizin-sarayinizin-satafatinin-haberini-yaptirin-da-gorelim","status":"publish","type":"post","link":"https:\/\/mersinkadingazetesi.com\/?p=37999","title":{"rendered":"Perihan Koca: Bir de Sizin Saray\u0131n\u0131z\u0131n \u015eatafat\u0131n\u0131n Haberini Yapt\u0131r\u0131n da G\u00f6relim"},"content":{"rendered":"\n<p>DEM Parti Mersin Milletvekili Perihan Koca meclis genel kurulunda s\u00fcren 2025 B\u00fct\u00e7e Kanun Teklifi g\u00f6r\u00fc\u015fmelerinde konu\u015ftu. Konu\u015fmas\u0131nda Koca cumhurba\u015fkanl\u0131\u011f\u0131 b\u00fct\u00e7esi ile cumhurba\u015fkanl\u0131\u011f\u0131n\u0131n \u00f6rt\u00fcl\u00fc \u00f6denek harcamalar\u0131 ile kamu kurulu\u015flar\u0131n\u0131n yine denetim d\u0131\u015f\u0131nda kalan \u00f6zel harcama kalemlerini ele\u015ftirdi.<\/p>\n\n\n\n<p>Memleketin, i\u015f\u00e7isi, emeklisi, kad\u0131nlar\u0131, \u00e7olu\u011fu \u00e7ocu\u011fu, koca bir a\u00e7l\u0131k ordusu ger\u00e7ekli\u011fini ya\u015fad\u0131\u011f\u0131n\u0131 ve derin bir yoksulluk cehennemini ya\u015fad\u0131\u011f\u0131n\u0131 belirten Koca, iktidardakilerin keyiflerinin yerinde oldu\u011funu ve ya\u015fanan yoksullu\u011fun iktidar sahiplerinin umurunda olmad\u0131\u011f\u0131n\u0131 s\u00f6yledi.<\/p>\n\n\n\n<p>\u0130ktidar yanl\u0131s\u0131 medya organlar\u0131nda Suriye\u2019nin eski devlet ba\u015fkan\u0131 Be\u015f\u015far Esad\u2019\u0131n l\u00fcks saray ya\u015fant\u0131s\u0131n\u0131 haber yapt\u0131\u011f\u0131n\u0131 belirten Koca AKP s\u0131ralar\u0131na seslenerek \u201cDilerseniz, bir de sizin saray\u0131n\u0131z\u0131n \u015fatafat\u0131n\u0131n haberini yapt\u0131r\u0131n da g\u00f6relim. Halk\u0131m\u0131z k\u0131yaslas\u0131n bakal\u0131m, Esad&#8217;\u0131n \u015fatafat\u0131 m\u0131 daha b\u00fcy\u00fck yoksa sizin saray\u0131n\u0131z\u0131n \u015fatafat\u0131 m\u0131 daha b\u00fcy\u00fck?\u201d ifadelerini kulland\u0131.<\/p>\n\n\n\n<p><em>Konu\u015fman\u0131n de\u015fifre edilmi\u015f metni:<\/em><\/p>\n\n\n\n<p><em>DEM PART\u0130 GRUBU ADINA PER\u0130HAN KOCA DO\u011eAN (Mersin) &#8211; Te\u015fekk\u00fcr ediyorum Say\u0131n Ba\u015fkan.<\/em><\/p>\n\n\n\n<p>Genel Kurulu ve ekranlar\u0131 ba\u015f\u0131nda bizleri izleyen i\u015f\u00e7ileri, emek\u00e7ileri, gen\u00e7leri, kad\u0131nlar\u0131, \u00e7ocuklar\u0131, t\u00fcm de\u011ferli halk\u0131m\u0131z\u0131 T\u00fcrkiye B\u00fcy\u00fck Millet Meclisinden sayg\u0131yla sevgiyle selaml\u0131yorum. Ayn\u0131 zamanda, grev iradesini ku\u015fanan Metal i\u015f\u00e7ilerini, direnerek Ankara yollar\u0131n\u0131 a\u00e7an Polonez i\u015f\u00e7ilerini, direnen maden i\u015f\u00e7ilerini, KHK&#8217;li emek\u00e7ileri buradan \u00f6zel olarak selaml\u0131yorum. Ve \u00f6zel bir selam da Amed&#8217;den Ankara&#8217;ya &#8220;Demokratik \u00e7\u00f6z\u00fcm, demokratik \u00fclke.&#8221; diyerek y\u00fcr\u00fcyen Bar\u0131\u015f Annelerimize. Fa\u015fizme korku salan Bar\u0131\u015f Annelerimize T\u00fcrkiye B\u00fcy\u00fck Millet Meclisinden selam olsun.<\/p>\n\n\n\n<p>Evet, memleket yoksulluk ve a\u00e7l\u0131k cehennemi i\u00e7erisinde inim inim inlerken, \u00e7ocuklar ger\u00e7ek anlamda yata\u011fa a\u00e7 girerken, milyonlar &#8220;Ge\u00e7inemiyoruz.&#8221; feryatlar\u0131yla k\u0131vran\u0131rken biz burada memlekete bir gram hayr\u0131 bile dokunmayacak olan saray b\u00fct\u00e7esini konu\u015fuyoruz. Saray memuru iktidar vekillerinin el kald\u0131r\u0131p indirmesiyle asl\u0131nda halk\u0131n cebinden \u00e7al\u0131n\u0131p saraya, sermayeye, holdinglere nas\u0131l servet transferi yap\u0131laca\u011f\u0131n\u0131 oyluyoruz.<\/p>\n\n\n\n<p>Asl\u0131nda, tarih g\u00f6rene, duyana, bakana derslerle dolu ger\u00e7ekten, g\u00f6z\u00fcm\u00fcz\u00fcn \u00f6n\u00fcnde. Bug\u00fcnlerde<\/p>\n\n\n\n<p>17-25 yolsuzlu\u011funun y\u0131l d\u00f6n\u00fcm\u00fcndeyiz. Soygun, yolsuzluk, \u00e7\u00f6kme biliyoruz ki sadece 17-25 Aral\u0131\u011fa \u00f6zg\u00fc bir \u015fey de\u011fildi, oradaki ayakkab\u0131 kutular\u0131na has bir \u015fey de\u011fildi. Kanunlarla, torba yasalarla soygun, \u00e7\u00f6kme sistematik olarak s\u00fcrd\u00fcr\u00fcld\u00fc ve bug\u00fcn 2025 b\u00fct\u00e7esi g\u00f6r\u00fc\u015fmelerinde sistematik olarak s\u00fcrd\u00fcr\u00fclen bir soygun b\u00fct\u00e7esiyle daha kar\u015f\u0131 kar\u015f\u0131yay\u0131z. O y\u00fczden, \u00e7ar\u015f\u0131dan, pazardan, \u00e7\u00f6pten yemek art\u0131\u011f\u0131 toplayan yoksul milyonlar\u0131n de\u011fil de &#8220;E\u011fer bir g\u00fcn duyarsan\u0131z Recep Tayyip Erdo\u011fan \u00e7ok zengin olmu\u015f, bilin ki haram yemi\u015ftir.&#8221; diyen Recep Tayyip Erdo\u011fan&#8217;\u0131n, zenginler zengini Recep Tayyip Erdo\u011fan ve \u015f\u00fcrek\u00e2s\u0131n\u0131n b\u00fct\u00e7esini konu\u015fuyoruz bug\u00fcn burada.<\/p>\n\n\n\n<p>Bak\u0131n, de\u011ferli haz\u0131run, saraya \u00f6ng\u00f6r\u00fclen 2025 harcama kalemlerinin b\u00fct\u00e7esi ger\u00e7ekten \u00e7ok b\u00fcy\u00fck, \u00e7ok devasa. 2025 y\u0131l\u0131 mal ve hizmet al\u0131m giderleri i\u00e7in \u00f6ng\u00f6r\u00fclen harcamalar\u0131n b\u00fcy\u00fckl\u00fc\u011f\u00fc 10 milyar TL&#8217;ye yak\u0131n. 2025 b\u00fct\u00e7esiyle saray\u0131n bir g\u00fcnl\u00fck harcamas\u0131 3.700 emekli maa\u015f\u0131n\u0131 ge\u00e7ecek. Sarayda g\u00fcnl\u00fck 46 milyon lira harcanacak yani g\u00fcnde 2.705 asgari \u00fccret harcayacak saray, saatte 112 asgari \u00fccret harcayacak, dakikada 2 asgari \u00fccret harcayacak. Nereye harcanacak bu devasa paralar? Yine, saray\u0131n \u015fatafat\u0131na harcanacak, l\u00fcks\u00fcne harcanacak. Bak\u0131n, bug\u00fcnlerde yanda\u015f televizyonlar\u0131n\u0131z Esad&#8217;\u0131n saray\u0131n\u0131n l\u00fcks g\u00f6r\u00fcnt\u00fclerini servis edip onun propagandas\u0131n\u0131 yap\u0131yor. Biz diyoruz ki: Dilerseniz, bir de sizin saray\u0131n\u0131z\u0131n \u015fatafat\u0131n\u0131n haberini yapt\u0131r\u0131n da g\u00f6relim. Halk\u0131m\u0131z k\u0131yaslas\u0131n bakal\u0131m, Esad&#8217;\u0131n \u015fatafat\u0131 m\u0131 daha b\u00fcy\u00fck yoksa sizin saray\u0131n\u0131z\u0131n \u015fatafat\u0131 m\u0131 daha b\u00fcy\u00fck?<\/p>\n\n\n\n<p>LEYLA \u015eAH\u0130N USTA (Ankara) &#8211; Ya, yeter ya&#8230;<\/p>\n\n\n\n<p>PER\u0130HAN KOCA (Devamla) &#8211; Takdiri halka b\u0131rakal\u0131m Leyla \u015eahin Usta. (DEM PART\u0130 s\u0131ralar\u0131ndan alk\u0131\u015flar)<\/p>\n\n\n\n<p>LEYLA \u015eAH\u0130N USTA (Ankara) &#8211; Yok \u00f6yle bir \u015fey!<\/p>\n\n\n\n<p>PER\u0130HAN KOCA (Devamla) &#8211;<\/p>\n\n\n\n<p>Bak\u0131n, yine sizin \u00e7ok m\u00fcthi\u015f bir ezberiniz var, \u015f\u00f6yle bir ezberiniz var, \u015fatafat i\u00e7inde y\u00fczerken a\u011fz\u0131n\u0131z\u0131 a\u00e7t\u0131\u011f\u0131n\u0131z anda diyorsunuz ki: &#8220;Biz milletimizi, halk\u0131m\u0131z\u0131 enflasyona ezdirmedik, ezdirmeyece\u011fiz.&#8221; propagandalar\u0131 yap\u0131p masallar anlat\u0131yorsunuz ama buradan \u00f6zel olarak ifade edelim: Ezmek ne ki iktidar vekilleri, sizin bu halk\u0131n halka yapt\u0131klar\u0131n\u0131z\u0131n yan\u0131nda &#8220;ezmek&#8221; kavram\u0131 bile masum kal\u0131yor \u00e7\u00fcnk\u00fc siz bu halka lime lime ettiniz. Ama size bu da yetmiyor &#8220;\u00d6dedi\u011fimiz bedeller yetmez, biz size daha b\u00fcy\u00fck bir cehennemi, daha b\u00fcy\u00fck bir k\u0131yameti vadediyoruz.&#8221; diyorsunuz siz resmen bu milyonlara. Y\u00fcz binlerce \u00f6\u011frencinin hakk\u0131n\u0131 yok eden, kamu \u00e7al\u0131\u015fanlar\u0131n\u0131n ula\u015f\u0131m hakk\u0131n\u0131 gasbeden, atama bekleyen memur adaylar\u0131n\u0131n atamas\u0131n\u0131 engelleyen, halk\u0131n ba\u015fta sa\u011fl\u0131k ve e\u011fitim olmak \u00fczere kamu haklar\u0131n\u0131 gasbeden tasarruf tedbirleri soruyoruz neden saraya u\u011fram\u0131yor? Merak ediyoruz, neden bir bedel \u00f6denecekse bu bedeli hep yoksul, emek\u00e7i, milyonlar, emek\u00e7i halk\u0131m\u0131z \u00f6d\u00fcyor? Sizin saray i\u00e7in ay\u0131rd\u0131\u011f\u0131n\u0131z&nbsp;&nbsp;&nbsp; -yani sadece bir kalemden bahsediyorum tabii- 10 milyar TL halk\u0131n en az\u0131ndan acil problemlerini kar\u015f\u0131layabilir ama memura, emek\u00e7iye, emekliye gelince bunu \u00e7ok g\u00f6ren, \u00fc\u00e7 kuru\u015f zamm\u0131 bile \u00e7ok g\u00f6ren iktidar\u0131n\u0131z kendine gelince, i\u015f saraya gelince &#8220;Aman efendim, itibardan tasarruf olmaz.&#8221; diye masallar anlatmaya devam ediyor. \u0130\u015fte tam da bu y\u00fczden bu b\u00fct\u00e7e milyonlar\u0131 bir kuru ekme\u011fe, bir kuru so\u011fana muhta\u00e7 eden saray\u0131n b\u00fct\u00e7esidir. Mahzuni \u015eerif diyor ya hani: &#8220;Milletin s\u0131rt\u0131ndan doyan doyana\/ g\u00f6n\u00fcl bu oyuna nas\u0131l dayana\/ yi\u011fit muhta\u00e7 olmu\u015f kuru so\u011fana\/ bilmem s\u00f6ylesem mi s\u00f6ylemesem mi&#8221; diye, i\u015fte tam da bu hesab\u0131 ya\u015f\u0131yoruz. Elbette ki biz susmayaca\u011f\u0131z, elbette ki biz s\u00f6ylemeye devam edece\u011fiz. S\u00f6yleyece\u011fiz \u00e7\u00fcnk\u00fc bu b\u00fct\u00e7e, kuru so\u011fana muhta\u00e7 ettiklerinizin b\u00fct\u00e7esi de\u011fil, \u0131stakozcular\u0131n\u0131z\u0131n b\u00fct\u00e7esi. (DEM PART\u0130 s\u0131ralar\u0131ndan alk\u0131\u015flar) Bu b\u00fct\u00e7e, halk\u0131n g\u00f6z\u00fcne soka soka Mecliste mangal partisi yapan, biraz evvel g\u00f6rd\u00fc\u011f\u00fcm\u00fcz \u00fczere vergi muafiyetlerinden yararlanan iktidar vekillerinizin \u015firketlerinin b\u00fct\u00e7esi. Bu b\u00fct\u00e7e, l\u00fcks yatlar\u0131n, p\u0131r\u0131lt\u0131l\u0131 hayatlar\u0131n, \u015fatafatl\u0131 hayatlar\u0131n, ihaleleri kap\u0131p \u015fatafat i\u00e7erisinde ya\u015fayanlar\u0131n, banka hesaplar\u0131nda ka\u00e7 liras\u0131 oldu\u011funu bilmeyenlerin b\u00fct\u00e7esi. Size ve temsil etti\u011finiz s\u0131n\u0131fa, \u015fatafatl\u0131, \u0131\u015f\u0131lt\u0131l\u0131 salonlar i\u00e7erisinde bu memleketteki her \u015fey g\u00fcll\u00fck g\u00fclistanl\u0131k gibi gelebilir, her \u015fey yolunda gelebilir. Bu tuzu kuruluk i\u00e7inde ekonomimizin u\u00e7tu\u011funu falan d\u00fc\u015f\u00fcnebilirsiniz, zaten anlatt\u0131klar\u0131n\u0131zdan ger\u00e7ekten u\u00e7u\u015f u\u00e7u\u015f u\u00e7u\u015fuyorsunuz ama biz s\u00f6yleyelim, bu b\u00fct\u00e7e K\u00fcrt Mehmet&#8217;in, tekstil i\u015f\u00e7isi Ay\u015fe teyzenin, pazarc\u0131 Ahmet abinin yani milyonlar\u0131n b\u00fct\u00e7esi olmad\u0131\u011f\u0131 i\u00e7in hi\u00e7bir \u015fey bu memlekette yolunda de\u011fil. Siz, o saray\u0131n\u0131z\u0131n i\u00e7inden, ya\u015fad\u0131\u011f\u0131n\u0131z o fil di\u015fi kulelerden, d\u0131\u015far\u0131da kopan k\u0131yameti g\u00f6rm\u00fcyor olabilirsiniz ama memleket yang\u0131n yeri. Memleket, i\u015f\u00e7isi, emeklisi, kad\u0131nlar\u0131, \u00e7olu\u011fu \u00e7ocu\u011fu, koca bir a\u00e7l\u0131k ordusu ger\u00e7ekli\u011fini ya\u015fayan, derin bir yoksulluk cehennemini ya\u015fayan bir \u00fclke ama tabii, sizin keyfiniz yerinde oldu\u011fu i\u00e7in umrunuzda bile de\u011fil. Bak\u0131n, bir \u00f6rnek \u00fczerinden ifade etmek istiyorum: Asgari \u00fccretli bir tekstil i\u015f\u00e7isinin g\u00fcnl\u00fc\u011f\u00fc 600 TL&#8217;nin alt\u0131nda. T\u00fcrkiye&#8217;deki ortalama \u00e7al\u0131\u015fma saatlerini baz al\u0131rsak ortalama on saat \u00e7al\u0131\u015fan bir i\u015f\u00e7i, birka\u00e7 saatte \u00fcretece\u011fi bir tekstil \u00fcr\u00fcn\u00fcn\u00fcn de\u011feriyle bir ayl\u0131\u011f\u0131na e\u015fit de\u011fer yarat\u0131yor. Kalan \u00e7al\u0131\u015fma s\u00fcrelerinin yaratt\u0131\u011f\u0131 de\u011ferin tamam\u0131na tabii ki patron el koyuyor. Siz \u015fimdi, siz bu i\u015f\u00e7iden g\u00fcnde yani 600 lira bile kazanamayan bu i\u015f\u00e7iden ayn\u0131 zamanda hem KDV al\u0131yorsunuz hem \u00d6TV al\u0131yorsunuz hem gelir vergisi al\u0131yorsunuz. Bu i\u015f\u00e7i gibi milyonlarca i\u015f\u00e7iden, emek\u00e7iden toplad\u0131\u011f\u0131n\u0131z milyarlar\u0131 patronlara te\u015fvik olarak veriyorsunuz. \u0130\u015fte sizin kara d\u00fczeniniz tam olarak bu, sizin kara d\u00fczeniniz iktidar-patron el ele halk\u0131n \u00fcm\u00fc\u011f\u00fcn\u00fc s\u0131kma d\u00fczenidir.<\/p>\n\n\n\n<p>Bir de tabii, i\u015fin \u00f6rt\u00fcl\u00fc \u00f6denek, \u00f6zel harcama k\u0131s\u0131mlar\u0131 var. Hi\u00e7bir \u015fekilde denetlenmeyen, hesab\u0131 sorulmayan \u00f6rt\u00fcl\u00fc \u00f6denek harcamalar\u0131 bu y\u0131l 10 milyar liray\u0131 ge\u00e7mi\u015f durumda. \u00d6rt\u00fcl\u00fc \u00f6denek tabii ki ma\u015fallah \u00e7ok iyi i\u015fleyen bir sistem oldu\u011fu i\u00e7in bakanl\u0131klara benzer \u00f6zg\u00fcn harcamalar\u0131 ve \u00f6zg\u00fcrl\u00fckleri buradan al\u0131yorlar. Devletin bir\u00e7ok kademesi de denetimden ka\u00e7mak i\u00e7in \u00f6zel harcama hesaplar\u0131n\u0131 kullan\u0131yor. B\u00fct\u00e7e mevzuat\u0131ymi\u015f, aman efendim Anayasa&#8217;ym\u0131\u015f, kanunmu\u015f, denetimmi\u015f tabii, sizin i\u00e7in hak getire. Say\u0131\u015ftay raporlar\u0131nda bile bu uyan\u0131kl\u0131\u011f\u0131 g\u00f6r\u00fcyoruz. Mali tablolar eksik haz\u0131rlan\u0131yor mesela; mali tablolara yans\u0131t\u0131lmayan, raporlarda ge\u00e7meyen harcamalar yap\u0131l\u0131yor, ad\u0131na da &#8220;\u00f6zel harcamalar&#8221; deniliyor. 2024 y\u0131l\u0131nda bu 10 milyar liray\u0131 ge\u00e7mi\u015f, Somali&#8217;de mesela polislerin e\u011fitiminden \u0130slam \u0130\u015fbirli\u011fi Te\u015fkilat\u0131 \u0130SEDAK \u00fcyesi \u00fclkelere deste\u011fe, cazibe merkezlerine destek programlar\u0131na kadar bir s\u00fcr\u00fc \u00f6zel harcama yap\u0131lm\u0131\u015f. Halk yoksulluktan inim inim inlerken \u00f6rt\u00fcl\u00fc \u00f6denekler, \u00f6zel harcamalar ger\u00e7ek anlamda havada u\u00e7u\u015fturulmu\u015f ama emin olun ki bu b\u00f6yle gitmeyecek. Siz saltanat\u0131n\u0131z sonsuza kadar s\u00fcrecek san\u0131yorsunuz; halk\u0131, bizi s\u00f6m\u00fcrd\u00fck\u00e7e s\u00f6m\u00fcrece\u011fiz zannediyorsunuz ancak sizi grevlerine bile tahamm\u00fcl edemedi\u011finiz i\u015f\u00e7ilerin s\u0131n\u0131f \u00f6fkesi g\u00f6nderecek; \u00f6l\u00fcme terk edip, katliama terk edip g\u00fcnl\u00fck 38 kuru\u015fu reva g\u00f6rd\u00fc\u011f\u00fcn\u00fcz kad\u0131nlar g\u00f6nderecek; &#8220;&#8230;&#8221;(*) diyen kad\u0131nlar g\u00f6nderecek sizi; a\u00e7l\u0131ktan s\u0131n\u0131fta bayg\u0131nl\u0131k ge\u00e7iren \u00e7ocuklar g\u00f6nderecek; hayallerini, geleceklerini \u00e7ald\u0131\u011f\u0131n\u0131z k\u0131z \u00e7ocuklar\u0131, MESEM&#8217;lerde k\u00f6le gibi pazarlad\u0131\u011f\u0131n\u0131z \u00e7ocuklar\u0131n vebali g\u00f6nderecek; sizi 12 bin liral\u0131k maa\u015fla \u00f6l\u00fcme terk etti\u011finiz emeklilerin ah\u0131 g\u00f6nderecek; maliyetler y\u00fcz\u00fcnden \u00fcretim yapamayan \u00e7ift\u00e7iler g\u00f6nderecek sizi. Emin olun, bu b\u00f6yle gitmeyecek, bu d\u00fczen b\u00f6yle gitmeyecek. \u0130\u015fte, tam da bu y\u00fczden biz emek\u00e7i s\u0131n\u0131flar\u0131n \u00e7ekti\u011fi \u0131zd\u0131raplara hi\u00e7bir \u00e7are olmayacak, tenceresinde ta\u015f kaynatan insanlar\u0131n derdine derman olmayacak bu b\u00fct\u00e7eyi, saray b\u00fct\u00e7enizi reddediyoruz, &#8220;hay\u0131r&#8221; diyoruz \u00e7\u00fcnk\u00fc biz Hikmet K\u0131v\u0131lc\u0131ml\u0131&#8217;n\u0131n s\u00f6zleriyle, &#8220;Tarafs\u0131zl\u0131k bizim harc\u0131m\u0131z de\u011fildir. \u0130\u015f\u00e7i \u00e7ocu\u011fuyuz, olduk olas\u0131 ba\u015fta i\u015f\u00e7i s\u0131n\u0131f\u0131m\u0131zdan yana d\u00fc\u015f\u00fcn\u00fcp davranmay\u0131 \u00f6\u011frendik.&#8221; diyoruz.<\/p>\n","protected":false},"excerpt":{"rendered":"<p>DEM Parti Mersin Milletvekili Perihan Koca meclis genel kurulunda s\u00fcren 2025 B\u00fct\u00e7e Kanun Teklifi g\u00f6r\u00fc\u015fmelerinde konu\u015ftu. Konu\u015fmas\u0131nda Koca cumhurba\u015fkanl\u0131\u011f\u0131 b\u00fct\u00e7esi ile cumhurba\u015fkanl\u0131\u011f\u0131n\u0131n \u00f6rt\u00fcl\u00fc \u00f6denek harcamalar\u0131 ile kamu kurulu\u015flar\u0131n\u0131n yine denetim d\u0131\u015f\u0131nda kalan \u00f6zel harcama kalemlerini ele\u015ftirdi. Memleketin, i\u015f\u00e7isi, emeklisi, kad\u0131nlar\u0131, \u00e7olu\u011fu \u00e7ocu\u011fu, koca bir a\u00e7l\u0131k ordusu ger\u00e7ekli\u011fini ya\u015fad\u0131\u011f\u0131n\u0131 ve derin bir yoksulluk cehennemini ya\u015fad\u0131\u011f\u0131n\u0131 belirten [&hellip;]<\/p>\n","protected":false},"author":2,"featured_media":38000,"comment_status":"closed","ping_status":"closed","sticky":false,"template":"","format":"standard","meta":{"footnotes":""},"categories":[3],"tags":[],"class_list":["post-37999","post","type-post","status-publish","format-standard","has-post-thumbnail","hentry","category-manset"],"views":7,"_links":{"self":[{"href":"https:\/\/mersinkadingazetesi.com\/index.php?rest_route=\/wp\/v2\/posts\/37999"}],"collection":[{"href":"https:\/\/mersinkadingazetesi.com\/index.php?rest_route=\/wp\/v2\/posts"}],"about":[{"href":"https:\/\/mersinkadingazetesi.com\/index.php?rest_route=\/wp\/v2\/types\/post"}],"author":[{"embeddable":true,"href":"https:\/\/mersinkadingazetesi.com\/index.php?rest_route=\/wp\/v2\/users\/2"}],"replies":[{"embeddable":true,"href":"https:\/\/mersinkadingazetesi.com\/index.php?rest_route=%2Fwp%2Fv2%2Fcomments&post=37999"}],"version-history":[{"count":1,"href":"https:\/\/mersinkadingazetesi.com\/index.php?rest_route=\/wp\/v2\/posts\/37999\/revisions"}],"predecessor-version":[{"id":38001,"href":"https:\/\/mersinkadingazetesi.com\/index.php?rest_route=\/wp\/v2\/posts\/37999\/revisions\/38001"}],"wp:featuredmedia":[{"embeddable":true,"href":"https:\/\/mersinkadingazetesi.com\/index.php?rest_route=\/wp\/v2\/media\/38000"}],"wp:attachment":[{"href":"https:\/\/mersinkadingazetesi.com\/index.php?rest_route=%2Fwp%2Fv2%2Fmedia&parent=37999"}],"wp:term":[{"taxonomy":"category","embeddable":true,"href":"https:\/\/mersinkadingazetesi.com\/index.php?rest_route=%2Fwp%2Fv2%2Fcategories&post=37999"},{"taxonomy":"post_tag","embeddable":true,"href":"https:\/\/mersinkadingazetesi.com\/index.php?rest_route=%2Fwp%2Fv2%2Ftags&post=37999"}],"curies":[{"name":"wp","href":"https:\/\/api.w.org\/{rel}","templated":true}]}}