{"id":38017,"date":"2024-12-19T13:20:24","date_gmt":"2024-12-19T10:20:24","guid":{"rendered":"https:\/\/mersinkadingazetesi.com\/?p=38017"},"modified":"2024-12-19T13:20:25","modified_gmt":"2024-12-19T10:20:25","slug":"buyuksehirin-destekleriyle-uretici-kadin-stantlarinda-yilbasi-coskusu","status":"publish","type":"post","link":"https:\/\/mersinkadingazetesi.com\/?p=38017","title":{"rendered":"B\u00dcY\u00dcK\u015eEH\u0130R&#8217;\u0130N DESTEKLER\u0130YLE \u00dcRET\u0130C\u0130 KADIN STANTLARINDA YILBA\u015eI CO\u015eKUSU"},"content":{"rendered":"\n<p>Mersin B\u00fcy\u00fck\u015fehir Belediyesi, y\u0131lba\u015f\u0131 temal\u0131 \u00fcretici kad\u0131n stantlar\u0131 ile kad\u0131n giri\u015fimcileri desteklemeye devam ediyor. El eme\u011fi g\u00f6z nuru \u00fcr\u00fcnlerini kentin farkl\u0131 noktalar\u0131nda sergileyen kad\u0131nlar, ayn\u0131 zamanda sat\u0131\u015f yaparak kazan\u00e7 elde ediyor. Stantlarda; y\u0131lba\u015f\u0131 s\u00fcsleri, mumlar, tak\u0131lar ve dekoratif e\u015fya gibi bir\u00e7ok el yap\u0131m\u0131 \u00fcr\u00fcn yer al\u0131yor. Mersinlilere hediyelik ve dekoratif \u00fcr\u00fcnler sunan \u00fcretici kad\u0131nlar, y\u0131lba\u015f\u0131 co\u015fkusunu yans\u0131tan rengarenk \u00fcr\u00fcnleriyle ziyaret\u00e7ilere keyifli al\u0131\u015fveri\u015f deneyimi sunuyor.<\/p>\n\n\n\n<p>B\u00fcy\u00fck\u015fehir Belediyesi&#8217;nin, kad\u0131nlar\u0131n i\u015f g\u00fcc\u00fcne kat\u0131l\u0131m\u0131n\u0131 art\u0131rmak ve ekonomik f\u0131rsatlar\u0131n\u0131 iyile\u015ftirmek amac\u0131yla d\u00fczenledi\u011fi etkinlikler; \u00fcretici kad\u0131nlar\u0131n g\u00f6r\u00fcn\u00fcr olmas\u0131na yard\u0131mc\u0131 olurken, ziyaret\u00e7iler de stantlardan al\u0131\u015fveri\u015f yaparak kad\u0131n giri\u015fimcilere destek olabiliyor. Y\u0131lba\u015f\u0131 atmosferini ya\u015famak ve el yap\u0131m\u0131 \u00fcr\u00fcnleri incelemek isteyenler, Trafik Park&#8217;ta bulunan Kooperatif Marketi 30 Aral\u0131k&#8217;a kadar, Palm City AVM&#8217;deki \u00fcretici kad\u0131n stantlar\u0131n\u0131 ise 22 Aral\u0131k&#8217;a kadar ziyaret edebilir.<\/p>\n\n\n\n<p><strong>Sert: &#8220;Mersin B\u00fcy\u00fck\u015fehir, kad\u0131n elinden \u00fcretimi destekliyor&#8221;<\/strong><\/p>\n\n\n\n<p>Mersin B\u00fcy\u00fck\u015fehir Belediyesi Kad\u0131n ve Aile Hizmetleri&#8217;nde g\u00f6rev yapan Burcu Sert,&nbsp;<strong>&#8220;Kad\u0131nlara mali kaynak yaratmak i\u00e7in s\u00fcrd\u00fcrd\u00fc\u011f\u00fcm\u00fcz \u00e7al\u0131\u015fmalar, Trafik Park&#8217;ta y\u0131lba\u015f\u0131 konseptiyle devam etmekte. 30 Aral\u0131k ak\u015fam\u0131 saat 20.00&#8217;ye kadar \u00fcretici kad\u0131nlar evde \u00fcrettikleri \u00fcr\u00fcnleri sat\u0131\u015fa sunacaklar. T\u00fcm Mersinlileri kad\u0131n elinden \u00fcretime destek olmaya davet ediyorum. Bu sene y\u0131lba\u015f\u0131 hediyelerini, Trafik Park&#8217;taki \u00fcretici kad\u0131n stantlar\u0131n\u0131 ziyaret ederek temin edebilirler&#8221;<\/strong>&nbsp;diye konu\u015ftu. Y\u0131lba\u015f\u0131 konsepti kapsam\u0131nda 90 \u00fcretici kad\u0131n\u0131n stantlarda sat\u0131\u015f yapma \u015fans\u0131 yakalad\u0131\u011f\u0131n\u0131 s\u00f6yleyen Sert,&nbsp;<strong>&#8220;Evde \u00fcretim yapan kad\u0131nlar\u0131m\u0131z\u0131n sat\u0131\u015flar\u0131 \u00e7ok az kitleye ula\u015f\u0131yor. Burada yapt\u0131\u011f\u0131m\u0131z \u00fcretici kad\u0131n stantlar\u0131nda hem sosyalle\u015fme imkan\u0131 buluyorlar, hem de sat\u0131\u015flar\u0131na ve marka tan\u0131t\u0131m\u0131na \u00e7ok b\u00fcy\u00fck katk\u0131s\u0131 oluyor. \u00d6zellikle al\u0131\u015fveri\u015f merkezlerinde ve Trafik Park&#8217;taki sat\u0131\u015flar konusunda \u00e7ok fazla olumlu geri d\u00f6n\u00fc\u015f al\u0131yoruz&#8221;<\/strong>&nbsp;s\u00f6zlerine yer verdi.<\/p>\n\n\n\n<p>Mersinlilerin, kad\u0131nlar\u0131n ellerinden \u00e7\u0131kan \u00fcr\u00fcnlere ilgi g\u00f6sterdi\u011fini s\u00f6yleyen Sert,&nbsp;<strong>&#8220;\u00dcretici kad\u0131nlar\u0131n sat\u0131\u015f alanlar\u0131n\u0131n neresi oldu\u011funa dair sorular al\u0131yoruz. Bu geri d\u00f6n\u00fc\u015fler bizi mutlu ediyor. Mersin B\u00fcy\u00fck\u015fehir, kad\u0131n elinden \u00fcretimi destekliyor. Mersin&#8217;de \u00fcretici kad\u0131nlar el eme\u011fi \u00fcr\u00fcn \u00fcretti\u011fi i\u00e7in, her \u00fcr\u00fcnden bir iki tane var. O y\u00fczden bu e\u015fsiz \u00fcr\u00fcnleri t\u00fcm Mersinlilerin gelip, g\u00f6r\u00fcp ve almas\u0131n\u0131 tavsiye ediyoruz&#8221;<\/strong>&nbsp;diye \u00e7a\u011fr\u0131 yapt\u0131.<\/p>\n\n\n\n<p><strong>Erdo\u011fan: &#8220;Umar\u0131m 2025 \u00fcretici kad\u0131nlar\u0131n artt\u0131\u011f\u0131 ve desteklendi\u011fi bir y\u0131l olur&#8221;<\/strong><\/p>\n\n\n\n<p>Kad\u0131nlar\u0131n \u00fcretimde yer alabildi\u011fini g\u00f6stermek i\u00e7in \u00fcreticili\u011fe ba\u015flayan ve ayn\u0131 zamanda Kimya \u00d6\u011fretmeni olan Sevda Erdo\u011fan,&nbsp;<strong>&#8220;Amac\u0131m kad\u0131nlar\u0131n da kendi ba\u015flar\u0131na bir\u00e7ok \u015fey yapabileceklerini g\u00f6stermekti. O y\u00fczden bu y\u0131l ilk defa Trafik Park&#8217;ta bir stant a\u00e7t\u0131m&#8221;<\/strong>&nbsp;dedi. Kimyager olarak do\u011fal mum yap\u0131m\u0131yla ilgilendi\u011fini vurgulayan Erdo\u011fan, mumun yan\u0131 s\u0131ra bir dizi farkl\u0131 \u00fcr\u00fcnler de \u00fcretti\u011fini kaydetti. Trafik Park&#8217;ta kendi evinde gibi hissetti\u011fini s\u00f6yleyen Erdo\u011fan,&nbsp;<strong>&#8220;Burada olmak \u00e7ok keyifli. Stanttaki arkada\u015flar\u0131n hepsi pozitif. Buradaki insanlar ciddi anlamda kendi el emekleriyle bir \u015feyler yap\u0131yorlar. El eme\u011fi g\u00f6z nuru dedi\u011fimiz o kadar \u00e7ok \u00fcr\u00fcn var ki, o y\u00fczden herkesin buraya gelmesini \u00e7ok isteriz&#8221;<\/strong>&nbsp;dedi.<\/p>\n\n\n\n<p>Y\u0131lba\u015f\u0131 stantlar\u0131nda tak\u0131 satan Ebru Aykut Y\u0131ld\u0131r\u0131m,&nbsp;<strong>&#8220;\u00d6ncelikle ba\u015fkan\u0131m\u0131za ve belediyemize te\u015fekk\u00fcr etmek istiyorum. \u00dcretici kad\u0131nlar ger\u00e7ekten birbirinden g\u00fczel \u00fcr\u00fcnler \u00fcretiyor. T\u00fcm Mersinlileri buraya davet ediyorum&#8221;&nbsp;<\/strong>diye konu\u015ftu.<\/p>\n\n\n\n<p><strong>\u00dcretici kad\u0131n stantlar\u0131 AVM&#8217;lerde de yer al\u0131yor<\/strong><\/p>\n\n\n\n<p>Kentin bir di\u011fer noktas\u0131 olan Palm City AVM&#8217;de de yer alan rengarenk stantlarda y\u0131lba\u015f\u0131 temal\u0131 \u00fcr\u00fcnlerini sergileyen kad\u0131nlar, Mersinlilere el eme\u011fi g\u00f6z nuru hediyelik e\u015fyalar\u0131 sunuyor. El yap\u0131m\u0131 hediyeler ile en anlaml\u0131 ve e\u015fsiz hediyelerin bulundu\u011fu stantlar\u0131 gezen yurtta\u015flar, hayranl\u0131klar\u0131n\u0131 gizleyemiyor. Y\u0131lba\u015f\u0131 atmosferini ya\u015famak ve el yap\u0131m\u0131 \u00fcr\u00fcnleri incelemek isteyenler, Palm City AVM&#8217;deki \u00fcretici kad\u0131n stantlar\u0131n\u0131 22 Aral\u0131k&#8217;a kadar ziyaret edebilir.<\/p>\n\n\n\n<p><strong>Bek\u00e7i:<\/strong>&nbsp;<strong>&#8220;\u0130lk ba\u015fvurumda ilgilendiler ve stant a\u00e7t\u0131m&#8221;<\/strong><\/p>\n\n\n\n<p>6 ayd\u0131r mum \u00fcretimi yapan Nidaura Candles kurucusu Kimya M\u00fchendisi Nida Nur Bek\u00e7i,&nbsp;<strong>&#8220;2 y\u0131l i\u015f arama s\u00fcrecim oldu, ancak bulamad\u0131m. \u00dcretmeyi sevdi\u011fim i\u00e7in, en h\u0131zl\u0131 \u00fcretebilece\u011fim ve yarat\u0131c\u0131l\u0131\u011f\u0131m\u0131 konu\u015fturabilece\u011fim i\u015f olarak mumu se\u00e7tim. Yakla\u015f\u0131k 6 ayd\u0131r yap\u0131yorum. Bu ilk stant a\u00e7\u0131\u015f\u0131m&#8221;<\/strong>&nbsp;dedi. Bek\u00e7i, \u00fcretici kad\u0131n stantlar\u0131nda yer alman\u0131n tan\u0131nmak i\u00e7in \u00e7ok iyi bir f\u0131rsat oldu\u011funu belirterek,&nbsp;<strong>&#8220;G\u00fcnde en az 500-600 insan geliyor. Mum sevmeyen bile geliyor, bak\u0131yor, kokusundan etkileniyor. Ayn\u0131 zamanda workshop da almak istiyorlar. \u0130lk ba\u015fvurumda ilgilendiler ve stant a\u00e7t\u0131m. Bekledi\u011fimin de \u00fcst\u00fcnde ilerliyor.<\/strong>&nbsp;<strong>Bu stand\u0131 a\u00e7mam\u0131za vesilen olan Ba\u015fkan\u0131m\u0131z Vahap Se\u00e7er&#8217;e \u00e7ok te\u015fekk\u00fcr ediyorum. Herkesin yeni y\u0131l\u0131n\u0131 kutluyorum&#8221;&nbsp;<\/strong>diye konu\u015ftu.<\/p>\n\n\n\n<p><strong>Ussuz: &#8220;B\u00fcy\u00fcyoruz, geli\u015fiyoruz ve ekonomiye de katk\u0131 sa\u011fl\u0131yoruz&#8221;<\/strong><\/p>\n\n\n\n<p>Sistak\u0131 kurucusu Deniz Hande Ussuz, daha \u00f6nce de B\u00fcy\u00fck\u015fehir&#8217;in \u00fcretici kad\u0131n stantlar\u0131nda yer ald\u0131\u011f\u0131n\u0131 anlatarak,&nbsp;<strong>&#8220;Mersin B\u00fcy\u00fck\u015fehir Belediyesi&#8217;nin bize sa\u011flad\u0131\u011f\u0131 \u00fcretici kad\u0131n stantlar\u0131ndan yararlan\u0131yoruz. \u00c7ok h\u0131zl\u0131 ve iyi bir \u015fekilde devam ediyoruz. Bu bizim i\u00e7in \u00e7ok g\u00fczel bir \u015fey. B\u00fcy\u00fcyoruz, geli\u015fiyoruz ve ekonomiye de katk\u0131 sa\u011fl\u0131yoruz. B\u00fcy\u00fck\u015fehir&#8217;in destekleriyle bir hafta boyunca buraday\u0131z. Misafirlerimizi bekliyoruz. Herkese iyi bir sene diliyorum&#8221;&nbsp;<\/strong>dedi.<\/p>\n\n\n\n<p><strong>Sa\u011f: &#8220;B\u00fcy\u00fck\u015fehir Belediyemizin b\u00f6yle g\u00fczel etkinliklerini g\u00f6rmekten keyif al\u0131yoruz&#8221;<\/strong><\/p>\n\n\n\n<p>Stantlar\u0131 ziyaret edenlerden Bahar Sa\u011f ise,&nbsp;<strong>&#8220;B\u00fcy\u00fck\u015fehir Belediyemizin b\u00f6yle g\u00fczel etkinliklerini g\u00f6rmekten keyif al\u0131yoruz. Biz gezerken \u00e7ok keyif al\u0131yoruz. Ayr\u0131ca kad\u0131nlara da destek verdi\u011fimiz i\u00e7in \u00e7ok mutlu oluyoruz. \u0130n\u015fallah \u00fclkemiz i\u00e7in daha g\u00fczel g\u00fcnler g\u00f6r\u00fcr\u00fcz&#8221;&nbsp;<\/strong>ifadelerine yer verdi.&nbsp;<\/p>\n","protected":false},"excerpt":{"rendered":"<p>Mersin B\u00fcy\u00fck\u015fehir Belediyesi, y\u0131lba\u015f\u0131 temal\u0131 \u00fcretici kad\u0131n stantlar\u0131 ile kad\u0131n giri\u015fimcileri desteklemeye devam ediyor. El eme\u011fi g\u00f6z nuru \u00fcr\u00fcnlerini kentin farkl\u0131 noktalar\u0131nda sergileyen kad\u0131nlar, ayn\u0131 zamanda sat\u0131\u015f yaparak kazan\u00e7 elde ediyor. Stantlarda; y\u0131lba\u015f\u0131 s\u00fcsleri, mumlar, tak\u0131lar ve dekoratif e\u015fya gibi bir\u00e7ok el yap\u0131m\u0131 \u00fcr\u00fcn yer al\u0131yor. Mersinlilere hediyelik ve dekoratif \u00fcr\u00fcnler sunan \u00fcretici kad\u0131nlar, y\u0131lba\u015f\u0131 [&hellip;]<\/p>\n","protected":false},"author":2,"featured_media":38018,"comment_status":"closed","ping_status":"closed","sticky":false,"template":"","format":"standard","meta":{"footnotes":""},"categories":[1,3,5],"tags":[],"class_list":["post-38017","post","type-post","status-publish","format-standard","has-post-thumbnail","hentry","category-genel","category-manset","category-mersin"],"views":6,"_links":{"self":[{"href":"https:\/\/mersinkadingazetesi.com\/index.php?rest_route=\/wp\/v2\/posts\/38017"}],"collection":[{"href":"https:\/\/mersinkadingazetesi.com\/index.php?rest_route=\/wp\/v2\/posts"}],"about":[{"href":"https:\/\/mersinkadingazetesi.com\/index.php?rest_route=\/wp\/v2\/types\/post"}],"author":[{"embeddable":true,"href":"https:\/\/mersinkadingazetesi.com\/index.php?rest_route=\/wp\/v2\/users\/2"}],"replies":[{"embeddable":true,"href":"https:\/\/mersinkadingazetesi.com\/index.php?rest_route=%2Fwp%2Fv2%2Fcomments&post=38017"}],"version-history":[{"count":1,"href":"https:\/\/mersinkadingazetesi.com\/index.php?rest_route=\/wp\/v2\/posts\/38017\/revisions"}],"predecessor-version":[{"id":38019,"href":"https:\/\/mersinkadingazetesi.com\/index.php?rest_route=\/wp\/v2\/posts\/38017\/revisions\/38019"}],"wp:featuredmedia":[{"embeddable":true,"href":"https:\/\/mersinkadingazetesi.com\/index.php?rest_route=\/wp\/v2\/media\/38018"}],"wp:attachment":[{"href":"https:\/\/mersinkadingazetesi.com\/index.php?rest_route=%2Fwp%2Fv2%2Fmedia&parent=38017"}],"wp:term":[{"taxonomy":"category","embeddable":true,"href":"https:\/\/mersinkadingazetesi.com\/index.php?rest_route=%2Fwp%2Fv2%2Fcategories&post=38017"},{"taxonomy":"post_tag","embeddable":true,"href":"https:\/\/mersinkadingazetesi.com\/index.php?rest_route=%2Fwp%2Fv2%2Ftags&post=38017"}],"curies":[{"name":"wp","href":"https:\/\/api.w.org\/{rel}","templated":true}]}}