{"id":38026,"date":"2024-12-19T15:11:07","date_gmt":"2024-12-19T12:11:07","guid":{"rendered":"https:\/\/mersinkadingazetesi.com\/?p=38026"},"modified":"2024-12-19T15:11:08","modified_gmt":"2024-12-19T12:11:08","slug":"milletvekili-uysal-savunma-sanayisinde-yerlilik-oranimiz-yuzde-80lere-ulasti","status":"publish","type":"post","link":"https:\/\/mersinkadingazetesi.com\/?p=38026","title":{"rendered":"M\u0130LLETVEK\u0130L\u0130 UYSAL: SAVUNMA SANAY\u0130S\u0130NDE YERL\u0130L\u0130K ORANIMIZ Y\u00dcZDE 80\u2019LERE ULA\u015eTI"},"content":{"rendered":"\n<p>Milliyet\u00e7i Hareket Partisi Mersin Milletvekili ve MYK \u00dcyesi Dr. Levent Uysal, 2025 y\u0131l\u0131 merkezi y\u00f6netim b\u00fct\u00e7e kanun teklifinin 11. Maddesi \u00fczerine konu\u015ftu. Milletvekili Uysal <strong>\u201cT\u00fcrkiye d\u00fcn; piyade t\u00fcfe\u011fini dahi ithal ederken, bug\u00fcn \u0130HA ve S\u0130HA \u00fcretiminde k\u00fcresel liderler aras\u0131nda yer al\u0131yor.\u201d<\/strong> \u015feklinde konu\u015ftu.<\/p>\n\n\n\n<p>2025 y\u0131l\u0131 b\u00fct\u00e7e g\u00f6r\u00fc\u015fmeleri s\u00fcr\u00fcyor. Milliyet\u00e7i Hareket Partisi Mersin Milletvekili ve MYK \u00dcyesi Dr. Levent Uysal da 2025 y\u0131l\u0131 b\u00fct\u00e7e g\u00f6r\u00fc\u015fmelerinde s\u00f6z ald\u0131.<\/p>\n\n\n\n<p>Konu\u015fmas\u0131na 1974 K\u0131br\u0131s Bar\u0131\u015f Harekat\u0131\u2019na Mersin\u2019den giden Mersinli \u015eehit Top\u00e7u Pilot Y\u00fczba\u015f\u0131 \u0130lhan Akg\u00fcn\u2019\u00fc anarak ba\u015flayan Milletvekili Uysal o y\u0131llarda teknolojinin yetersizli\u011finden dolay\u0131 \u015fehitlerin aileleriyle ileti\u015fim kuramad\u0131\u011f\u0131n\u0131 ve bug\u00fcn gelinen noktada ise T\u00fcrkiye\u2019nin savunma alan\u0131nda b\u00fcy\u00fck yol katetti\u011fini s\u00f6yledi.<\/p>\n\n\n\n<p>Milletvekili Uysal <strong>\u201c1974 K\u0131br\u0131s Bar\u0131\u015f Harekat\u0131\u2019n\u0131 hat\u0131rlayacaks\u0131n\u0131z. Zira ben, Mersin\u2019de bu harek\u00e2t\u0131 yak\u0131ndan ya\u015fayan biri olarak hi\u00e7 ama hi\u00e7 unutmad\u0131m. Bu zaferi nas\u0131l imkans\u0131zl\u0131klar i\u00e7inde kazand\u0131\u011f\u0131m\u0131z\u0131; bug\u00fcn T\u00fcrk Silahl\u0131 Kuvvetleri\u2019nin nereden, nereye geldi\u011fine dikkat \u00e7ekmek istiyorum. Sadece bir telsizin dahi olmay\u0131\u015f\u0131 Mersinimizden, K\u0131br\u0131s\u2019a sava\u015fmaya giden Mersinli \u0130lhan\u2019\u0131n \u015fehit olmas\u0131na neden oldu. \u00c7\u00fcnk\u00fc komutan\u0131 ile konu\u015famad\u0131 ve emirleri alamad\u0131.\u201d<\/strong> \u015feklinde konu\u015ftu.<\/p>\n\n\n\n<p>K\u00fcrs\u00fcye elinde K\u0131br\u0131s \u015eehidi Mersinli \u0130lhan Akg\u00fcn\u2019\u00fcn o\u011flu Erhan Akg\u00fcn\u2019\u00fcn yapt\u0131\u011f\u0131 tahta telsizle \u00e7\u0131kan MHP Mersin Milletvekili Uysal o g\u00fcn tahtadan telsiz yapan \u00e7ocuklar\u0131n bug\u00fcn Aselsan\u2019da, Roketsan\u2019da, Tusa\u015f\u2019ta \u00e7al\u0131\u015ft\u0131\u011f\u0131n\u0131 belirterek <strong>\u201cBu elimde g\u00f6rd\u00fc\u011f\u00fcn\u00fcz tahta telsizi \u015fehit \u0130lhan\u2019\u0131n o\u011flu Erhan, babas\u0131yla konu\u015fabilmek i\u00e7in yapt\u0131. Ama ne yaz\u0131k ki ancak hayallerinde konu\u015fabildi. \u015eimdi l\u00fctfen d\u00fc\u015f\u00fcn\u00fcn; haberle\u015fme imkan\u0131ndan dahi yoksun, bir telsizi bile ithal etmekte zorlanan T\u00fcrkiye\u2026 Bug\u00fcnse, o g\u00fcn tahtadan telsiz yapan \u00e7ocuklar, \u015fimdi Aselsan\u2019da, Roketsan\u2019da, Tusa\u015f\u2019ta d\u00fcnyan\u0131n g\u0131ptayla bakt\u0131\u011f\u0131 m\u00fchendisler, teknikerler ve giri\u015fimciler oldu.\u201d<\/strong> ifadelerine yer verdi.<\/p>\n\n\n\n<p><strong>UYSAL: T\u00dcRK\u0130YE, SINIRLARININ G\u00dcVENL\u0130\u011e\u0130N\u0130 KORUYAB\u0130LEN B\u00d6LGESEL B\u0130R G\u00dc\u00c7 OLDU<\/strong><\/p>\n\n\n\n<p>Milli teknolojileri hamleleri sayesinde savunma sanayisinin y\u00fczde 20\u2019lerden y\u00fczde 80\u2019lere y\u00fckseldi\u011fini ifade eden Milletvekili Uysal, ge\u00e7en y\u0131l 185 \u00fclkeye 230\u2019dan fazla savunma \u00fcr\u00fcn\u00fc ihra\u00e7 edildi\u011fini ve savunma ihracat\u0131n\u0131n 5 milyar dolar\u0131 a\u015ft\u0131\u011f\u0131n\u0131 belirtti. Uysal <strong>\u201cBug\u00fcn g\u00fcndemimize ald\u0131\u011f\u0131m\u0131z 11. Madde, T\u00fcrk Silahl\u0131 Kuvvetleri ve g\u00fcvenlik birimlerimizin ihtiya\u00e7lar\u0131 do\u011frultusunda, modern silah, ara\u00e7, malzeme al\u0131mlar\u0131 ve savunma altyap\u0131 yat\u0131r\u0131mlar\u0131na y\u00f6nelik harcamalar\u0131 d\u00fczenlemektedir. Savunma sanayii, ba\u011f\u0131ms\u0131zl\u0131\u011f\u0131m\u0131z ve g\u00fcvenli\u011fimiz i\u00e7in hayati bir \u00f6neme sahiptir. Bug\u00fcn, milli teknoloji hamlesi sayesinde, savunma sanayimizde yerlilik oran\u0131n\u0131 y\u00fczde 20\u2019lerden y\u00fczde 80\u2019lere \u00e7\u0131kard\u0131k. Sadece ge\u00e7en y\u0131l 185 \u00fclkeye <a>230\u2019dan fazla savunma \u00fcr\u00fcn\u00fc ihra\u00e7<\/a> ettik. Savunma ihracat\u0131m\u0131z 5 milyar dolar\u0131 a\u015ft\u0131. T\u00fcrkiye k\u00fcresel silah ihracat\u0131nda 11\u2019inci s\u0131raya y\u00fckseldi. S\u0131n\u0131rlar\u0131m\u0131z\u0131n g\u00fcvenli\u011fini kendi imkanlar\u0131m\u0131zla koruyabilen b\u00f6lgesel bir g\u00fc\u00e7 olduk. Bu gurur tablosunun ard\u0131nda, gen\u00e7lerimizin, m\u00fchendislerimizin, teknisyenlerimizin, giri\u015fimcilerimizin al\u0131n teri ve eme\u011fi var. Hepsinden Allah raz\u0131 olsun, ayaklar\u0131na ta\u015f de\u011fmesin.\u201d<\/strong> a\u00e7\u0131klamas\u0131nda bulundu.<\/p>\n\n\n\n<p>T\u00fcrkiye\u2019nin kara, hava, deniz ve uzay platformlar\u0131nda kendi g\u00f6be\u011fini kendi kesebilen ve d\u00fcnyaya \u00f6rnek olan bir \u00fclke konumuna y\u00fckseldi\u011fini ifade eden Milletvekili Uysal <strong>\u201cBayraktar TB 2, TB 3, Ak\u0131nc\u0131, Anka, K\u0131z\u0131lelma T\u00fcrk\u2019\u00fcn imzas\u0131n\u0131 g\u00f6klere ta\u015f\u0131yor. Denizalt\u0131lar\u0131m\u0131zla, gemilerimizle, insans\u0131z deniz ara\u00e7lar\u0131m\u0131zla Mavi Vatan\u2019da, ismini Liderimiz Say\u0131n Devlet Bah\u00e7eli Beyefendi&#8217;nin verdi\u011fi milli u\u00e7a\u011f\u0131m\u0131z Kaan, G\u00f6kbey, H\u00fcrku\u015f ve H\u00fcrjet ile G\u00f6k Vatan\u2019da, T\u00fcrksat 6A ile uzayda, T\u00fcrk\u2019\u00fcn g\u00fcc\u00fcn\u00fc d\u00fcnyaya g\u00f6steriyoruz. Yapay zek\u00e2 destekli \u00e7elik kubbe ile hava savunmas\u0131nda yeni bir d\u00f6nemi ba\u015flatt\u0131k.\u201d<\/strong> ifadelerine yer verdi.<\/p>\n\n\n\n<p>Milliyet\u00e7i Hareket Partisi Mersin Milletvekili ve MYK \u00dcyesi Dr. Levent Uysal Meclis\u2019te g\u00f6r\u00fc\u015f ayr\u0131l\u0131klar\u0131 olabilece\u011fini ancak, birle\u015ftiren en kutsal de\u011ferin tek devlet, tek millet, tek bayrak ve tek vatan \u00fclk\u00fcs\u00fc oldu\u011funun alt\u0131n\u0131 \u00e7izdi.<\/p>\n\n\n\n<p>Uysal <strong>\u201cBiz burada farkl\u0131 g\u00f6r\u00fc\u015flere sahip olabiliriz ancak bu \u00e7at\u0131 alt\u0131nda birle\u015fti\u011fimiz kutsal bir de\u011fer var. Tek devlet, tek millet, tek bayrak, tek vatan \u00fclk\u00fcs\u00fc. Bu \u00fclk\u00fc; damarlar\u0131m\u0131zdaki asil kanda, binlerce y\u0131ll\u0131k tarihimizde ve y\u00fcre\u011fimizde ta\u015f\u0131d\u0131\u011f\u0131m\u0131z al bayrak sevgisinde sakl\u0131d\u0131r. Ge\u00e7mi\u015fte, bu millet nice zorluklar i\u00e7inde destanlar yazd\u0131. Kurtulu\u015f Sava\u015f\u0131&#8217;nda kahramanca sava\u015fan ecdad\u0131m\u0131zdan, ter\u00f6rle m\u00fccadele de can\u0131n\u0131 feda eden yi\u011fit evlatlar\u0131m\u0131za kadar bu topraklar, \u015fehitlerimizin kan\u0131yla yo\u011fruldu, gazilerimizin cesaretiyle korundu. \u0130\u015fte bu y\u00fczden; g\u00fc\u00e7l\u00fc ordu g\u00fc\u00e7l\u00fc devlet, g\u00fc\u00e7l\u00fc ordu huzurlu millet, g\u00fc\u00e7l\u00fc ordu dalgalanan bayrak demektir.\u201d<\/strong> dedi.<\/p>\n\n\n\n<p>Gazi Mustafa Kemal Atat\u00fcrk\u2019\u00fcn <strong><em>\u2018Her fabrika, bir kaledir\u2019<\/em><\/strong> s\u00f6z\u00fcn\u00fc hat\u0131rlatarak konu\u015fmas\u0131na devam eden Milliyet\u00e7i Hareket Partisi Mersin Milletvekili ve MYK \u00dcyesi Dr. Levent Uysal kaleleri \u00e7o\u011faltmak ad\u0131na her ge\u00e7en y\u0131l daha \u00e7ok \u00e7al\u0131\u015facaklar\u0131n\u0131 s\u00f6yleyerek <strong>\u201c\u2018Her fabrika, bir kaledir\u2019 dedi, Aziz Atat\u00fcrk. Onun i\u00e7in bizler, bu kaleleri \u00e7o\u011faltarak yaln\u0131zca s\u0131n\u0131rlar\u0131m\u0131z\u0131 de\u011fil, milletimizin onurunu, istikbalini ve \u00c7anakkale\u2019de kazand\u0131\u011f\u0131m\u0131z ruhu da koruyaca\u011f\u0131z. Milliyet\u00e7i Hareket Partisi olarak bizim vizyonumuz; T\u00fcrk ve T\u00fcrkiye Y\u00fczy\u0131l\u0131d\u0131r. Hedefimiz; her alanda tam ba\u011f\u0131ms\u0131zl\u0131kt\u0131r! G\u00fcc\u00fcm\u00fcz ise birlik ve beraberli\u011fimizdir. \u00c7\u00fcnk\u00fc biz birlikte g\u00fc\u00e7l\u00fcy\u00fcz. \u0130\u015fte bu y\u00fczden Mersinli \u0130lhan\u2019\u0131n torunlar\u0131 i\u00e7in Mersin\u2019imize yat\u0131r\u0131m noktas\u0131nda taleplerimizi payla\u015fmak isterim.\u201d <\/strong>a\u00e7\u0131klamas\u0131nda bulundu.<\/p>\n\n\n\n<p><strong>M\u0130LLETVEK\u0130L\u0130 UYSAL: B\u00d6LGESEL TE\u015eV\u0130K UYGULAMALARINDA MERS\u0130N, 6\u2019INCI B\u00d6LGE KAPSAMINA ALINMASINI TALEP ED\u0130YORUZ<\/strong><\/p>\n\n\n\n<p>Milliyet\u00e7i Hareket Partisi Mersin Milletvekili ve MYK \u00dcyesi Dr. Levent Uysal e\u011fitim ve teknolojide Mersin\u2019e yapay zeka ara\u015ft\u0131rma merkezi ile fen ve teknoloji lisesi kurulmas\u0131n\u0131, 2026 y\u0131l\u0131 Teknofest yar\u0131\u015fmas\u0131n\u0131n Mersin\u2019de yap\u0131lmas\u0131n\u0131, lojistik de ise lojistik k\u00f6y kurulmas\u0131, ihracata y\u00f6nelik yeni te\u015fviklerin verilmesi ve \u00c7ukurova Uluslararas\u0131 Havaliman\u0131 Kargo Terminali\u2019nin faaliyete ge\u00e7mesini, &nbsp;turizmde ise Tarsus-Kazanl\u0131 Turizm B\u00f6lgesi yat\u0131r\u0131mlar\u0131n\u0131n hayata ge\u00e7irilmesini, Mersin Uluslararas\u0131 Narenciye Festivalinin, K\u00fclt\u00fcr Yolu projesine dahil edilmesini, sanayi ve tar\u0131m da ise dijital tar\u0131m te\u015fviklerinin artt\u0131r\u0131lmas\u0131n\u0131, yeni bir teknopark ve tematik sanayi sitesi kurulmas\u0131, b\u00f6lgesel te\u015fvik uygulamalar\u0131nda Mersin\u2019in alt\u0131nc\u0131 b\u00f6lge kapsam\u0131na al\u0131nmas\u0131n\u0131 talep ederek 2025 y\u0131l\u0131 b\u00fct\u00e7esinin hay\u0131rl\u0131 olmas\u0131n\u0131 diledi<strong>.<\/strong><\/p>\n","protected":false},"excerpt":{"rendered":"<p>Milliyet\u00e7i Hareket Partisi Mersin Milletvekili ve MYK \u00dcyesi Dr. Levent Uysal, 2025 y\u0131l\u0131 merkezi y\u00f6netim b\u00fct\u00e7e kanun teklifinin 11. Maddesi \u00fczerine konu\u015ftu. Milletvekili Uysal \u201cT\u00fcrkiye d\u00fcn; piyade t\u00fcfe\u011fini dahi ithal ederken, bug\u00fcn \u0130HA ve S\u0130HA \u00fcretiminde k\u00fcresel liderler aras\u0131nda yer al\u0131yor.\u201d \u015feklinde konu\u015ftu. 2025 y\u0131l\u0131 b\u00fct\u00e7e g\u00f6r\u00fc\u015fmeleri s\u00fcr\u00fcyor. Milliyet\u00e7i Hareket Partisi Mersin Milletvekili ve MYK [&hellip;]<\/p>\n","protected":false},"author":2,"featured_media":38027,"comment_status":"closed","ping_status":"closed","sticky":false,"template":"","format":"standard","meta":{"footnotes":""},"categories":[3],"tags":[],"class_list":["post-38026","post","type-post","status-publish","format-standard","has-post-thumbnail","hentry","category-manset"],"views":4,"_links":{"self":[{"href":"https:\/\/mersinkadingazetesi.com\/index.php?rest_route=\/wp\/v2\/posts\/38026"}],"collection":[{"href":"https:\/\/mersinkadingazetesi.com\/index.php?rest_route=\/wp\/v2\/posts"}],"about":[{"href":"https:\/\/mersinkadingazetesi.com\/index.php?rest_route=\/wp\/v2\/types\/post"}],"author":[{"embeddable":true,"href":"https:\/\/mersinkadingazetesi.com\/index.php?rest_route=\/wp\/v2\/users\/2"}],"replies":[{"embeddable":true,"href":"https:\/\/mersinkadingazetesi.com\/index.php?rest_route=%2Fwp%2Fv2%2Fcomments&post=38026"}],"version-history":[{"count":1,"href":"https:\/\/mersinkadingazetesi.com\/index.php?rest_route=\/wp\/v2\/posts\/38026\/revisions"}],"predecessor-version":[{"id":38028,"href":"https:\/\/mersinkadingazetesi.com\/index.php?rest_route=\/wp\/v2\/posts\/38026\/revisions\/38028"}],"wp:featuredmedia":[{"embeddable":true,"href":"https:\/\/mersinkadingazetesi.com\/index.php?rest_route=\/wp\/v2\/media\/38027"}],"wp:attachment":[{"href":"https:\/\/mersinkadingazetesi.com\/index.php?rest_route=%2Fwp%2Fv2%2Fmedia&parent=38026"}],"wp:term":[{"taxonomy":"category","embeddable":true,"href":"https:\/\/mersinkadingazetesi.com\/index.php?rest_route=%2Fwp%2Fv2%2Fcategories&post=38026"},{"taxonomy":"post_tag","embeddable":true,"href":"https:\/\/mersinkadingazetesi.com\/index.php?rest_route=%2Fwp%2Fv2%2Ftags&post=38026"}],"curies":[{"name":"wp","href":"https:\/\/api.w.org\/{rel}","templated":true}]}}