{"id":38029,"date":"2024-12-20T11:34:56","date_gmt":"2024-12-20T08:34:56","guid":{"rendered":"https:\/\/mersinkadingazetesi.com\/?p=38029"},"modified":"2024-12-20T11:34:57","modified_gmt":"2024-12-20T08:34:57","slug":"chp-grup-baskanvekilinden-mersinde-birlik-mesaji","status":"publish","type":"post","link":"https:\/\/mersinkadingazetesi.com\/?p=38029","title":{"rendered":"CHP GRUP BA\u015eKANVEK\u0130L\u0130NDEN MERS\u0130N&#8217;DE B\u0130RL\u0130K MESAJI"},"content":{"rendered":"\n<p>Cumhuriyet Halk Partisi (CHP) Akdeniz \u0130l\u00e7e Ba\u015fkan\u0131 Semih Palamut, CHP Grup Ba\u015fkanvekili G\u00f6khan G\u00fcnayd\u0131n&#8217;\u0131n Mersin \u0130l Ba\u015fkanl\u0131\u011f\u0131&#8217;na ger\u00e7ekle\u015ftirdi\u011fi ziyarete ili\u015fkin a\u00e7\u0131klamalarda bulundu. Palamut, bu anlaml\u0131 ziyaretin parti i\u00e7indeki birlik ve dayan\u0131\u015fmay\u0131 g\u00fc\u00e7lendirdi\u011fini ifade ederek, il \u00f6rg\u00fct\u00fc ad\u0131na memnuniyetini dile getirdi.<\/p>\n\n\n\n<p>Palamut, sosyal medya \u00fczerinden yapt\u0131\u011f\u0131 payla\u015f\u0131mda, &#8220;Grup Ba\u015fkanvekilimiz Say\u0131n G\u00f6khan G\u00fcnayd\u0131n&#8217;\u0131n \u0130l Ba\u015fkanl\u0131\u011f\u0131m\u0131z\u0131 ziyareti bizleri onurland\u0131rd\u0131. Partimizin birli\u011fi ve dayan\u0131\u015fmas\u0131 i\u00e7in bu t\u00fcr bulu\u015fmalar \u00e7ok k\u0131ymetli. Mersin \u00f6rg\u00fct\u00fc olarak kendisine te\u015fekk\u00fcrlerimizi sunuyoruz.&#8221; ifadelerini kulland\u0131.<\/p>\n\n\n\n<p>YEREL SE\u00c7\u0130MLERE HAZIRLIK VE STRATEJ\u0130 TOPLANTISI<\/p>\n\n\n\n<p>Ziyaret s\u0131ras\u0131nda G\u00f6khan G\u00fcnayd\u0131n, Mersin \u0130l Ba\u015fkanl\u0131\u011f\u0131 ve il\u00e7e \u00f6rg\u00fct\u00fc y\u00f6neticileriyle bir araya geldi. Yerel se\u00e7im haz\u0131rl\u0131klar\u0131n\u0131n de\u011ferlendirildi\u011fi toplant\u0131da, partinin se\u00e7im stratejileri ele al\u0131nd\u0131. G\u00fcnayd\u0131n, partililere hitaben yapt\u0131\u011f\u0131 konu\u015fmada \u00f6rg\u00fct dayan\u0131\u015fmas\u0131n\u0131n \u00f6nemine vurgu yapt\u0131 ve halkla daha yak\u0131n temas kurman\u0131n gereklili\u011fini belirtti.<\/p>\n\n\n\n<p>AKDEN\u0130Z \u0130L\u00c7E BA\u015eKANI PALAMUT: &#8220;Z\u0130YARET MORAL VE G\u00dc\u00c7 VERD\u0130&#8221;<\/p>\n\n\n\n<p>CHP Akdeniz \u0130l\u00e7e Ba\u015fkan\u0131 Semih Palamut, ziyaretin il \u00f6rg\u00fct\u00fc ve partililer \u00fczerinde olumlu bir etki b\u0131rakt\u0131\u011f\u0131n\u0131 belirterek, &#8220;Bu t\u00fcr bulu\u015fmalar hem motivasyonumuzu artt\u0131r\u0131yor hem de yol haritam\u0131z\u0131 daha net \u00e7izmeye yard\u0131mc\u0131 oluyor. Grup Ba\u015fkanvekilimiz Say\u0131n G\u00f6khan G\u00fcnayd\u0131n&#8217;\u0131n \u00f6nerileri ve liderli\u011fi, se\u00e7im s\u00fcrecine haz\u0131rlan\u0131rken bizlere moral ve g\u00fc\u00e7 vermi\u015ftir.&#8221; dedi.<\/p>\n\n\n\n<p>CHP MERS\u0130N \u00d6RG\u00dcT\u00dc&#8217;NDE YO\u011eUN \u00c7ALI\u015eMA<\/p>\n\n\n\n<p>CHP Mersin \u0130l Ba\u015fkanl\u0131\u011f\u0131 ve Akdeniz \u0130l\u00e7e Ba\u015fkanl\u0131\u011f\u0131, \u00e7al\u0131\u015fmalar\u0131na h\u0131z kesmeden devam ediyor. G\u00fcnayd\u0131n&#8217;\u0131n ziyareti, partinin saha \u00e7al\u0131\u015fmalar\u0131 ve mahalle \u00f6rg\u00fctlenmesi konular\u0131nda yeni stratejilerin belirlenmesine vesile oldu.<\/p>\n","protected":false},"excerpt":{"rendered":"<p>Cumhuriyet Halk Partisi (CHP) Akdeniz \u0130l\u00e7e Ba\u015fkan\u0131 Semih Palamut, CHP Grup Ba\u015fkanvekili G\u00f6khan G\u00fcnayd\u0131n&#8217;\u0131n Mersin \u0130l Ba\u015fkanl\u0131\u011f\u0131&#8217;na ger\u00e7ekle\u015ftirdi\u011fi ziyarete ili\u015fkin a\u00e7\u0131klamalarda bulundu. Palamut, bu anlaml\u0131 ziyaretin parti i\u00e7indeki birlik ve dayan\u0131\u015fmay\u0131 g\u00fc\u00e7lendirdi\u011fini ifade ederek, il \u00f6rg\u00fct\u00fc ad\u0131na memnuniyetini dile getirdi. Palamut, sosyal medya \u00fczerinden yapt\u0131\u011f\u0131 payla\u015f\u0131mda, &#8220;Grup Ba\u015fkanvekilimiz Say\u0131n G\u00f6khan G\u00fcnayd\u0131n&#8217;\u0131n \u0130l Ba\u015fkanl\u0131\u011f\u0131m\u0131z\u0131 ziyareti bizleri [&hellip;]<\/p>\n","protected":false},"author":2,"featured_media":38030,"comment_status":"closed","ping_status":"closed","sticky":false,"template":"","format":"standard","meta":{"footnotes":""},"categories":[3],"tags":[],"class_list":["post-38029","post","type-post","status-publish","format-standard","has-post-thumbnail","hentry","category-manset"],"views":5,"_links":{"self":[{"href":"https:\/\/mersinkadingazetesi.com\/index.php?rest_route=\/wp\/v2\/posts\/38029"}],"collection":[{"href":"https:\/\/mersinkadingazetesi.com\/index.php?rest_route=\/wp\/v2\/posts"}],"about":[{"href":"https:\/\/mersinkadingazetesi.com\/index.php?rest_route=\/wp\/v2\/types\/post"}],"author":[{"embeddable":true,"href":"https:\/\/mersinkadingazetesi.com\/index.php?rest_route=\/wp\/v2\/users\/2"}],"replies":[{"embeddable":true,"href":"https:\/\/mersinkadingazetesi.com\/index.php?rest_route=%2Fwp%2Fv2%2Fcomments&post=38029"}],"version-history":[{"count":1,"href":"https:\/\/mersinkadingazetesi.com\/index.php?rest_route=\/wp\/v2\/posts\/38029\/revisions"}],"predecessor-version":[{"id":38031,"href":"https:\/\/mersinkadingazetesi.com\/index.php?rest_route=\/wp\/v2\/posts\/38029\/revisions\/38031"}],"wp:featuredmedia":[{"embeddable":true,"href":"https:\/\/mersinkadingazetesi.com\/index.php?rest_route=\/wp\/v2\/media\/38030"}],"wp:attachment":[{"href":"https:\/\/mersinkadingazetesi.com\/index.php?rest_route=%2Fwp%2Fv2%2Fmedia&parent=38029"}],"wp:term":[{"taxonomy":"category","embeddable":true,"href":"https:\/\/mersinkadingazetesi.com\/index.php?rest_route=%2Fwp%2Fv2%2Fcategories&post=38029"},{"taxonomy":"post_tag","embeddable":true,"href":"https:\/\/mersinkadingazetesi.com\/index.php?rest_route=%2Fwp%2Fv2%2Ftags&post=38029"}],"curies":[{"name":"wp","href":"https:\/\/api.w.org\/{rel}","templated":true}]}}