{"id":38050,"date":"2024-12-20T11:49:30","date_gmt":"2024-12-20T08:49:30","guid":{"rendered":"https:\/\/mersinkadingazetesi.com\/?p=38050"},"modified":"2024-12-20T11:49:31","modified_gmt":"2024-12-20T08:49:31","slug":"yenisehir-belediyesi-sureyya-agaoglunun-ismini-parkta-yasatacak","status":"publish","type":"post","link":"https:\/\/mersinkadingazetesi.com\/?p=38050","title":{"rendered":"Yeni\u015fehir Belediyesi S\u00fcreyya A\u011fao\u011flu\u2019nun ismini parkta ya\u015fatacak"},"content":{"rendered":"\n<p>Mersin Yeni\u015fehir Belediyesi, T\u00fcrkiye\u2019nin ilk kad\u0131n avukat\u0131 S\u00fcreyya A\u011fao\u011flu\u2019nun ad\u0131n\u0131 \u00c7iftlikk\u00f6y Mahallesi\u2019nde yeniledi\u011fi parka verdi. A\u011fao\u011flu\u2019nun kurucular\u0131 aras\u0131nda yer ald\u0131\u011f\u0131 T\u00fcrk \u00dcniversiteli Kad\u0131nlar Derne\u011finin kurulu\u015funun 75. y\u0131l\u0131nda parkta anma program\u0131 d\u00fczenlendi. Programda konu\u015fan Yeni\u015fehir Belediye Ba\u015fkan\u0131 Abdullah \u00d6zyi\u011fit, <strong>\u201cCumhuriyet, kad\u0131nlar\u0131n hayat\u0131n her alan\u0131nda var olabilece\u011fini g\u00f6stermi\u015ftir.&nbsp; Bug\u00fcn kad\u0131nlar\u0131n e\u011fitimden sanata, i\u015f hayat\u0131ndan siyasete kadar her alanda elde ettikleri ba\u015far\u0131lar, S\u00fcreyya A\u011fao\u011flu gibi \u00f6nc\u00fc kad\u0131nlar\u0131n m\u00fccadelesi sayesinde m\u00fcmk\u00fcn olmu\u015ftur.\u201d <\/strong>dedi<\/p>\n\n\n\n<p>Yeni\u015fehir Belediyesi taraf\u0131ndan \u00c7iftlikk\u00f6y Mahallesi\u2019nde ba\u015ftan a\u015fa\u011f\u0131 yenilenen parka T\u00fcrkiye\u2019nin ilk kad\u0131n avukat\u0131 S\u00fcreyya A\u011fao\u011flu\u2019nun ismi verildi. Yeni\u015fehir Belediyesi ve T\u00fcrk \u00dcniversiteli Kad\u0131nlar Derne\u011fi Mersin \u015eubesi parkta S\u00fcreyya A\u011fao\u011flu i\u00e7in anma program\u0131 d\u00fczenlendi. Programa Yeni\u015fehir Belediye Ba\u015fkan\u0131 Abdullah \u00d6zyi\u011fit\u2019in yan\u0131 s\u0131ra KKTC Mersin Konsolosu \u00d6zg\u00fcr Ezel, T\u00fcrk \u00dcniversiteli Kad\u0131nlar Derne\u011fi Mersin \u015eube Ba\u015fkan\u0131 \u015eerife Ar\u0131c\u0131 Y\u0131ld\u0131z, Mersin Barosu Ba\u015fkan Yard\u0131mc\u0131s\u0131 Kaz\u0131m Y\u00fcksel, belediye meclis \u00fcyeleri, mahalle muhtarlar\u0131 ve vatanda\u015flar kat\u0131ld\u0131.<\/p>\n\n\n\n<p><strong>\u201cCumhuriyet, kad\u0131nlar\u0131n toplumsal hayatta var olmas\u0131n\u0131n \u00f6n\u00fcndeki engelleri kald\u0131ran en b\u00fcy\u00fck devrimdir.\u201d<\/strong><\/p>\n\n\n\n<p>Anma program\u0131nda konu\u015fma yapan Yeni\u015fehir Belediye Ba\u015fkan\u0131 Abdullah \u00d6zyi\u011fit, Gazi Mustafa Kemal Atat\u00fcrk\u2019\u00fcn \u00f6nderli\u011finde kurulan Cumhuriyetle kad\u0131nlar\u0131n elde etti\u011fi kazan\u0131mlara dikkat \u00e7ekerek \u015funlar\u0131 s\u00f6yledi: <strong>\u201cCumhuriyetimizin ilk kad\u0131n avukat\u0131, cesaretiyle ve m\u00fccadelesiyle \u00f6nc\u00fc bir isim olan S\u00fcreyya A\u011fao\u011flu\u2019nun ad\u0131n\u0131 ya\u015fatt\u0131\u011f\u0131m\u0131z parkta bir araday\u0131z.&nbsp; Gazi Mustafa Kemal Atat\u00fcrk\u2019\u00fcn \u00f6nderli\u011finde kurulan Cumhuriyet, kad\u0131nlar\u0131n toplumsal hayatta var olmas\u0131n\u0131n \u00f6n\u00fcndeki engelleri kald\u0131ran en b\u00fcy\u00fck devrimdir.&nbsp; Bundan dolay\u0131d\u0131r ki T\u00fcrkiye&#8217;de kad\u0131nlara se\u00e7me ve se\u00e7ilme hakk\u0131n\u0131 veren yasal d\u00fczenleme 1934 y\u0131l\u0131nda y\u00fcr\u00fcrl\u00fc\u011fe girdi. T\u00fcrkiye\u2019de kad\u0131nlar se\u00e7me ve se\u00e7ilme hakk\u0131n\u0131 \u0130svi\u00e7reli kad\u0131nlardan 36, Frans\u0131z kad\u0131nlardan 11, Bel\u00e7ikal\u0131lardan 14 y\u0131l \u00f6nce elde ettiler. Cumhuriyetimizin kurucusu Mustafa Kemal Atat\u00fcrk, \u2018Ey kahraman T\u00fcrk kad\u0131n\u0131, sen yerde s\u00fcr\u00fcnmeye de\u011fil, omuzlar \u00fczerinde g\u00f6klere y\u00fckselmeye l\u00e2y\u0131ks\u0131n.\u2019 diyerek, kad\u0131nlar\u0131m\u0131z\u0131n toplumsal hayatta hak ettikleri yere ula\u015fmas\u0131 gerekti\u011fini vurgulam\u0131\u015ft\u0131r. S\u00fcreyya A\u011fao\u011flu, i\u015fte bu idealin \u0131\u015f\u0131\u011f\u0131nda yeti\u015fmi\u015f ve Cumhuriyetimizin a\u00e7t\u0131\u011f\u0131 yolda ilerleyerek T\u00fcrkiye\u2019nin ilk kad\u0131n avukat\u0131 olmu\u015ftur.\u201d<\/strong><\/p>\n\n\n\n<p><strong>\u201cBu park, \u00f6zg\u00fcrl\u00fc\u011f\u00fcn, e\u015fitli\u011fin ve dayan\u0131\u015fman\u0131n bir sembol\u00fc olsun.\u201d<\/strong><\/p>\n\n\n\n<p>\u00c7ocuklar\u0131n ve gen\u00e7lerin S\u00fcreyya A\u011fao\u011flu gibi kad\u0131nlar\u0131n m\u00fccadelesinden ilham almaya devam edeceklerini ifade eden Ba\u015fkan Abdullah \u00d6zyi\u011fit, <strong>\u201cYeni\u015fehir Belediyesi olarak, bu park\u0131n ismini S\u00fcreyya A\u011fao\u011flu olarak belirlerken \u015funu hedefledik: Bu park, \u00f6zg\u00fcrl\u00fc\u011f\u00fcn, e\u015fitli\u011fin ve dayan\u0131\u015fman\u0131n bir sembol\u00fc olsun. \u00c7ocuklar\u0131m\u0131z burada oynarken, gen\u00e7lerimiz burada bulu\u015furken, hepimiz onun ya\u015fam \u00f6yk\u00fcs\u00fcnden ilham alal\u0131m.&nbsp; Onun m\u00fccadelesi, bize Cumhuriyet de\u011ferlerinin ne kadar k\u0131ymetli oldu\u011funu bir kez daha hat\u0131rlats\u0131n. Cumhuriyet, kad\u0131nlar\u0131n hayat\u0131n her alan\u0131nda var olabilece\u011fini g\u00f6stermi\u015ftir.&nbsp; Bug\u00fcn kad\u0131nlar\u0131m\u0131z\u0131n e\u011fitimden sanata, i\u015f hayat\u0131ndan siyasete kadar her alanda elde ettikleri ba\u015far\u0131lar, S\u00fcreyya A\u011fao\u011flu gibi \u00f6nc\u00fc kad\u0131nlar\u0131m\u0131z sayesinde m\u00fcmk\u00fcn olmu\u015ftur. Bu vesileyle, S\u00fcreyya A\u011fao\u011flu\u2019nun da kurucular\u0131 aras\u0131nda yer ald\u0131\u011f\u0131 T\u00fcrk \u00dcniversiteli Kad\u0131nlar Derne\u011fine ve Mersin \u015eube Ba\u015fkan\u0131 \u015eerife Ar\u0131c\u0131 Y\u0131ld\u0131z ile y\u00f6netim kurulu \u00fcyelerine desteklerinden dolay\u0131 te\u015fekk\u00fcr etmek istiyorum. Bug\u00fcn ayn\u0131 zamanda derne\u011fin kurulu\u015funun 75. y\u0131l d\u00f6n\u00fcm\u00fc.&nbsp; Bu 75 y\u0131l, kad\u0131nlar\u0131n e\u011fitimde, mesleki hayatta ve toplumsal alanda daha g\u00fc\u00e7l\u00fc bir \u015fekilde var olabilmesi i\u00e7in harcanm\u0131\u015f b\u00fcy\u00fck bir eme\u011fin ve fedak\u00e2rl\u0131\u011f\u0131n hik\u00e2yesidir.&nbsp; Emek veren t\u00fcm kad\u0131nlar\u0131 tebrik ediyorum.\u201d<\/strong> \u015feklinde konu\u015ftu.<\/p>\n\n\n\n<p>T\u00fcrk \u00dcniversiteli Kad\u0131nlar Derne\u011fi Mersin \u015eube Ba\u015fkan\u0131 \u015eerife Ar\u0131c\u0131 Y\u0131ld\u0131z ise yapt\u0131\u011f\u0131 konu\u015fmada Yeni\u015fehir Belediye Ba\u015fkan\u0131 Abdullah \u00d6zyi\u011fit\u2019e te\u015fekk\u00fcr ederek, kad\u0131nlar olarak S\u00fcreyya A\u011fao\u011flu\u2019nun miras\u0131n\u0131 ya\u015fatmak i\u00e7in m\u00fccadeleye devam edeceklerini s\u00f6yledi. Y\u0131ld\u0131z, Ba\u015fkan \u00d6zyi\u011fit\u2019e desteklerinden dolay\u0131 plaket takdim etti.<\/p>\n","protected":false},"excerpt":{"rendered":"<p>Mersin Yeni\u015fehir Belediyesi, T\u00fcrkiye\u2019nin ilk kad\u0131n avukat\u0131 S\u00fcreyya A\u011fao\u011flu\u2019nun ad\u0131n\u0131 \u00c7iftlikk\u00f6y Mahallesi\u2019nde yeniledi\u011fi parka verdi. A\u011fao\u011flu\u2019nun kurucular\u0131 aras\u0131nda yer ald\u0131\u011f\u0131 T\u00fcrk \u00dcniversiteli Kad\u0131nlar Derne\u011finin kurulu\u015funun 75. y\u0131l\u0131nda parkta anma program\u0131 d\u00fczenlendi. Programda konu\u015fan Yeni\u015fehir Belediye Ba\u015fkan\u0131 Abdullah \u00d6zyi\u011fit, \u201cCumhuriyet, kad\u0131nlar\u0131n hayat\u0131n her alan\u0131nda var olabilece\u011fini g\u00f6stermi\u015ftir.&nbsp; Bug\u00fcn kad\u0131nlar\u0131n e\u011fitimden sanata, i\u015f hayat\u0131ndan siyasete kadar her [&hellip;]<\/p>\n","protected":false},"author":2,"featured_media":38051,"comment_status":"closed","ping_status":"closed","sticky":false,"template":"","format":"standard","meta":{"footnotes":""},"categories":[34,1,2,3,5],"tags":[],"class_list":["post-38050","post","type-post","status-publish","format-standard","has-post-thumbnail","hentry","category-flas-haber","category-genel","category-gundem","category-manset","category-mersin"],"views":8,"_links":{"self":[{"href":"https:\/\/mersinkadingazetesi.com\/index.php?rest_route=\/wp\/v2\/posts\/38050"}],"collection":[{"href":"https:\/\/mersinkadingazetesi.com\/index.php?rest_route=\/wp\/v2\/posts"}],"about":[{"href":"https:\/\/mersinkadingazetesi.com\/index.php?rest_route=\/wp\/v2\/types\/post"}],"author":[{"embeddable":true,"href":"https:\/\/mersinkadingazetesi.com\/index.php?rest_route=\/wp\/v2\/users\/2"}],"replies":[{"embeddable":true,"href":"https:\/\/mersinkadingazetesi.com\/index.php?rest_route=%2Fwp%2Fv2%2Fcomments&post=38050"}],"version-history":[{"count":1,"href":"https:\/\/mersinkadingazetesi.com\/index.php?rest_route=\/wp\/v2\/posts\/38050\/revisions"}],"predecessor-version":[{"id":38052,"href":"https:\/\/mersinkadingazetesi.com\/index.php?rest_route=\/wp\/v2\/posts\/38050\/revisions\/38052"}],"wp:featuredmedia":[{"embeddable":true,"href":"https:\/\/mersinkadingazetesi.com\/index.php?rest_route=\/wp\/v2\/media\/38051"}],"wp:attachment":[{"href":"https:\/\/mersinkadingazetesi.com\/index.php?rest_route=%2Fwp%2Fv2%2Fmedia&parent=38050"}],"wp:term":[{"taxonomy":"category","embeddable":true,"href":"https:\/\/mersinkadingazetesi.com\/index.php?rest_route=%2Fwp%2Fv2%2Fcategories&post=38050"},{"taxonomy":"post_tag","embeddable":true,"href":"https:\/\/mersinkadingazetesi.com\/index.php?rest_route=%2Fwp%2Fv2%2Ftags&post=38050"}],"curies":[{"name":"wp","href":"https:\/\/api.w.org\/{rel}","templated":true}]}}