{"id":38059,"date":"2024-12-22T10:19:45","date_gmt":"2024-12-22T07:19:45","guid":{"rendered":"https:\/\/mersinkadingazetesi.com\/?p=38059"},"modified":"2024-12-22T10:19:45","modified_gmt":"2024-12-22T07:19:45","slug":"ormancilara-silah-egitimi-verildi","status":"publish","type":"post","link":"https:\/\/mersinkadingazetesi.com\/?p=38059","title":{"rendered":"Ormanc\u0131lara Silah E\u011fitimi Verildi"},"content":{"rendered":"\n<p>293 Say\u0131l\u0131 Ormanlar\u0131n Kanun D\u0131\u015f\u0131 M\u00fcdahalelerden Korunmas\u0131 Esaslar\u0131 Y\u00f6netmeli\u011fi gere\u011fi, Orman Genel M\u00fcd\u00fcrl\u00fc\u011f\u00fcm\u00fcz\u00fcn emirleri do\u011frultusunda B\u00f6lge M\u00fcd\u00fcrl\u00fc\u011f\u00fcm\u00fczde ormanlar\u0131n muhafazas\u0131nda aktif g\u00f6revli olan personele silah e\u011fitimi verildi.<\/p>\n\n\n\n<p><a><\/a> Mersin Polis E\u011fitim Merkezi (POMEM) At\u0131\u015f Poligonunda yap\u0131lan e\u011fitime \u015eube M\u00fcd\u00fcrleri, \u0130\u015fletme M\u00fcd\u00fcrleri, \u0130\u015fletme \u015eefleri, \u015eube M\u00fchendisleri, Orman Muhafaza Memurlar\u0131 ile di\u011fer silahla te\u00e7hiz edilecek personel kat\u0131ld\u0131.<\/p>\n\n\n\n<p>&nbsp; 19-20 Aral\u0131k 2024 tarihleri aras\u0131nda Mersin Polis E\u011fitim Merkezi taraf\u0131ndan iki a\u015famal\u0131 olarak verilen e\u011fitimde teorik olarak, tabancalar\u0131n tan\u0131t\u0131m\u0131, \u00f6zellikleri, yasal mevzuat, tabanca s\u00f6kme ve takma uygulamalar\u0131 verildikten sonra temel at\u0131\u015f e\u011fitimi yap\u0131lm\u0131\u015ft\u0131r.<\/p>\n\n\n\n<p>Verilen e\u011fitimle \u00f6zellikle ate\u015fli silahlar\u0131n sebep olaca\u011f\u0131 kullan\u0131m hatas\u0131 kaynakl\u0131 olas\u0131 kazalar\u0131n \u00f6n\u00fcne ge\u00e7ilerek yaralanma veya daha \u00fcz\u00fcc\u00fc olaylar\u0131n ya\u015fanmas\u0131n\u0131n engellenmesi hedeflendi.<\/p>\n","protected":false},"excerpt":{"rendered":"<p>293 Say\u0131l\u0131 Ormanlar\u0131n Kanun D\u0131\u015f\u0131 M\u00fcdahalelerden Korunmas\u0131 Esaslar\u0131 Y\u00f6netmeli\u011fi gere\u011fi, Orman Genel M\u00fcd\u00fcrl\u00fc\u011f\u00fcm\u00fcz\u00fcn emirleri do\u011frultusunda B\u00f6lge M\u00fcd\u00fcrl\u00fc\u011f\u00fcm\u00fczde ormanlar\u0131n muhafazas\u0131nda aktif g\u00f6revli olan personele silah e\u011fitimi verildi. Mersin Polis E\u011fitim Merkezi (POMEM) At\u0131\u015f Poligonunda yap\u0131lan e\u011fitime \u015eube M\u00fcd\u00fcrleri, \u0130\u015fletme M\u00fcd\u00fcrleri, \u0130\u015fletme \u015eefleri, \u015eube M\u00fchendisleri, Orman Muhafaza Memurlar\u0131 ile di\u011fer silahla te\u00e7hiz edilecek personel kat\u0131ld\u0131. &nbsp; 19-20 [&hellip;]<\/p>\n","protected":false},"author":2,"featured_media":38060,"comment_status":"closed","ping_status":"closed","sticky":false,"template":"","format":"standard","meta":{"footnotes":""},"categories":[3],"tags":[],"class_list":["post-38059","post","type-post","status-publish","format-standard","has-post-thumbnail","hentry","category-manset"],"views":6,"_links":{"self":[{"href":"https:\/\/mersinkadingazetesi.com\/index.php?rest_route=\/wp\/v2\/posts\/38059"}],"collection":[{"href":"https:\/\/mersinkadingazetesi.com\/index.php?rest_route=\/wp\/v2\/posts"}],"about":[{"href":"https:\/\/mersinkadingazetesi.com\/index.php?rest_route=\/wp\/v2\/types\/post"}],"author":[{"embeddable":true,"href":"https:\/\/mersinkadingazetesi.com\/index.php?rest_route=\/wp\/v2\/users\/2"}],"replies":[{"embeddable":true,"href":"https:\/\/mersinkadingazetesi.com\/index.php?rest_route=%2Fwp%2Fv2%2Fcomments&post=38059"}],"version-history":[{"count":1,"href":"https:\/\/mersinkadingazetesi.com\/index.php?rest_route=\/wp\/v2\/posts\/38059\/revisions"}],"predecessor-version":[{"id":38061,"href":"https:\/\/mersinkadingazetesi.com\/index.php?rest_route=\/wp\/v2\/posts\/38059\/revisions\/38061"}],"wp:featuredmedia":[{"embeddable":true,"href":"https:\/\/mersinkadingazetesi.com\/index.php?rest_route=\/wp\/v2\/media\/38060"}],"wp:attachment":[{"href":"https:\/\/mersinkadingazetesi.com\/index.php?rest_route=%2Fwp%2Fv2%2Fmedia&parent=38059"}],"wp:term":[{"taxonomy":"category","embeddable":true,"href":"https:\/\/mersinkadingazetesi.com\/index.php?rest_route=%2Fwp%2Fv2%2Fcategories&post=38059"},{"taxonomy":"post_tag","embeddable":true,"href":"https:\/\/mersinkadingazetesi.com\/index.php?rest_route=%2Fwp%2Fv2%2Ftags&post=38059"}],"curies":[{"name":"wp","href":"https:\/\/api.w.org\/{rel}","templated":true}]}}