{"id":38062,"date":"2024-12-22T10:21:27","date_gmt":"2024-12-22T07:21:27","guid":{"rendered":"https:\/\/mersinkadingazetesi.com\/?p=38062"},"modified":"2024-12-22T10:21:28","modified_gmt":"2024-12-22T07:21:28","slug":"orman-yanginlari-konusunda-gelecegin-kahramanlarina-egitim","status":"publish","type":"post","link":"https:\/\/mersinkadingazetesi.com\/?p=38062","title":{"rendered":"Orman Yang\u0131nlar\u0131 Konusunda Gelece\u011fin Kahramanlar\u0131na E\u011fitim"},"content":{"rendered":"\n<p>Mersin Orman B\u00f6lge M\u00fcd\u00fcrl\u00fc\u011f\u00fc Orman Yang\u0131nlar\u0131yla M\u00fccadele \u015eube M\u00fcd\u00fcr\u00fc Mehmet Alper, Akdeniz B\u00f6lge Komutanl\u0131\u011f\u0131 \u0130lk\u00f6\u011fretim Okulu\u2019nda \u00f6\u011frenim g\u00f6ren 100 \u00f6\u011frenciyle bir araya geldi.<\/p>\n\n\n\n<p>Toplant\u0131da \u00f6\u011frencilere orman yang\u0131nlar\u0131n\u0131n \u00f6nlenmesi, yang\u0131n s\u0131ras\u0131nda yap\u0131lmas\u0131 gerekenler ve do\u011faya olan etkileri hakk\u0131nda bilgiler verildi. Mehmet Alper, ormanlar\u0131n ekosisteme sundu\u011fu oksijen \u00fcretimi, su d\u00f6ng\u00fcs\u00fcn\u00fc d\u00fczenleme, iklimi dengeleme gibi hayati faydalar\u0131n\u0131n yan\u0131 s\u0131ra, g\u00fcnl\u00fck ya\u015fam\u0131m\u0131zdaki k\u0131ymetini de vurgulad\u0131. Ka\u011f\u0131ttan mobilyaya, g\u0131da \u00fcr\u00fcnlerinden ila\u00e7 hammaddelerine kadar bir\u00e7ok orman \u00fcr\u00fcn\u00fcn\u00fcn hayat\u0131m\u0131z\u0131n vazge\u00e7ilmez bir par\u00e7as\u0131 oldu\u011funu belirtti.<\/p>\n\n\n\n<p>Program kapsam\u0131nda, \u00f6\u011frencilerin sorular\u0131 yan\u0131tland\u0131 ve fark\u0131ndal\u0131k art\u0131r\u0131c\u0131 etkinlikler d\u00fczenlendi. Toplant\u0131 sonunda \u00f6\u011frencilere bilgilendirici bro\u015f\u00fcrler da\u011f\u0131t\u0131ld\u0131 ve do\u011fay\u0131 koruma konusunda aktif rol almalar\u0131 i\u00e7in te\u015fvik edildiler.<\/p>\n\n\n\n<p>Ormanlar\u0131n korunmas\u0131 ve orman yang\u0131nlar\u0131n\u0131n \u00f6nlenmesi konusunda gelece\u011fin nesillerine rehberlik etmekten gurur duyuyoruz ve bu t\u00fcr e\u011fitimlerle toplumsal bilinci art\u0131rmay\u0131 kararl\u0131l\u0131kla s\u00fcrd\u00fcrece\u011fiz.<\/p>\n","protected":false},"excerpt":{"rendered":"<p>Mersin Orman B\u00f6lge M\u00fcd\u00fcrl\u00fc\u011f\u00fc Orman Yang\u0131nlar\u0131yla M\u00fccadele \u015eube M\u00fcd\u00fcr\u00fc Mehmet Alper, Akdeniz B\u00f6lge Komutanl\u0131\u011f\u0131 \u0130lk\u00f6\u011fretim Okulu\u2019nda \u00f6\u011frenim g\u00f6ren 100 \u00f6\u011frenciyle bir araya geldi. Toplant\u0131da \u00f6\u011frencilere orman yang\u0131nlar\u0131n\u0131n \u00f6nlenmesi, yang\u0131n s\u0131ras\u0131nda yap\u0131lmas\u0131 gerekenler ve do\u011faya olan etkileri hakk\u0131nda bilgiler verildi. Mehmet Alper, ormanlar\u0131n ekosisteme sundu\u011fu oksijen \u00fcretimi, su d\u00f6ng\u00fcs\u00fcn\u00fc d\u00fczenleme, iklimi dengeleme gibi hayati faydalar\u0131n\u0131n yan\u0131 [&hellip;]<\/p>\n","protected":false},"author":2,"featured_media":38063,"comment_status":"closed","ping_status":"closed","sticky":false,"template":"","format":"standard","meta":{"footnotes":""},"categories":[3],"tags":[],"class_list":["post-38062","post","type-post","status-publish","format-standard","has-post-thumbnail","hentry","category-manset"],"views":4,"_links":{"self":[{"href":"https:\/\/mersinkadingazetesi.com\/index.php?rest_route=\/wp\/v2\/posts\/38062"}],"collection":[{"href":"https:\/\/mersinkadingazetesi.com\/index.php?rest_route=\/wp\/v2\/posts"}],"about":[{"href":"https:\/\/mersinkadingazetesi.com\/index.php?rest_route=\/wp\/v2\/types\/post"}],"author":[{"embeddable":true,"href":"https:\/\/mersinkadingazetesi.com\/index.php?rest_route=\/wp\/v2\/users\/2"}],"replies":[{"embeddable":true,"href":"https:\/\/mersinkadingazetesi.com\/index.php?rest_route=%2Fwp%2Fv2%2Fcomments&post=38062"}],"version-history":[{"count":1,"href":"https:\/\/mersinkadingazetesi.com\/index.php?rest_route=\/wp\/v2\/posts\/38062\/revisions"}],"predecessor-version":[{"id":38064,"href":"https:\/\/mersinkadingazetesi.com\/index.php?rest_route=\/wp\/v2\/posts\/38062\/revisions\/38064"}],"wp:featuredmedia":[{"embeddable":true,"href":"https:\/\/mersinkadingazetesi.com\/index.php?rest_route=\/wp\/v2\/media\/38063"}],"wp:attachment":[{"href":"https:\/\/mersinkadingazetesi.com\/index.php?rest_route=%2Fwp%2Fv2%2Fmedia&parent=38062"}],"wp:term":[{"taxonomy":"category","embeddable":true,"href":"https:\/\/mersinkadingazetesi.com\/index.php?rest_route=%2Fwp%2Fv2%2Fcategories&post=38062"},{"taxonomy":"post_tag","embeddable":true,"href":"https:\/\/mersinkadingazetesi.com\/index.php?rest_route=%2Fwp%2Fv2%2Ftags&post=38062"}],"curies":[{"name":"wp","href":"https:\/\/api.w.org\/{rel}","templated":true}]}}