{"id":38065,"date":"2024-12-22T10:23:57","date_gmt":"2024-12-22T07:23:57","guid":{"rendered":"https:\/\/mersinkadingazetesi.com\/?p=38065"},"modified":"2024-12-22T10:23:57","modified_gmt":"2024-12-22T07:23:57","slug":"buyuksehirin-trafik-park-kadin-ve-cocuk-atolyesindeki-el-isi-kurslari-yogun-ilgi-goruyor","status":"publish","type":"post","link":"https:\/\/mersinkadingazetesi.com\/?p=38065","title":{"rendered":"B\u00dcY\u00dcK\u015eEH\u0130R&#8217;\u0130N TRAF\u0130K PARK KADIN VE \u00c7OCUK AT\u00d6LYES\u0130&#8217;NDEK\u0130 EL \u0130\u015e\u0130 KURSLARI YO\u011eUN \u0130LG\u0130 G\u00d6R\u00dcYOR"},"content":{"rendered":"\n<p>Mersin B\u00fcy\u00fck\u015fehir Belediyesi Kad\u0131n ve Aile Hizmetleri Dairesi b\u00fcnyesinde yer alan Trafik Park Kad\u0131n ve \u00c7ocuk At\u00f6lyesi, kad\u0131nlar\u0131n el becerilerini geli\u015ftirebilece\u011fi yeni bir kurs \u00e7al\u0131\u015fmas\u0131na ev sahipli\u011fi yap\u0131yor. El i\u015fi kursunda kad\u0131nlar r\u00f6lyef, sepet ve \u00e7anta gibi bir\u00e7ok \u00fcr\u00fcn yaparak hem el sanatlar\u0131 becerilerini geli\u015ftirme f\u0131rsat\u0131 buluyor, hem de sosyalle\u015fiyor.<\/p>\n\n\n\n<p>B\u00fcy\u00fck\u015fehir Belediyesi&#8217;nin farkl\u0131 alanlardaki kurs \u00e7al\u0131\u015fmalar\u0131; kat\u0131l\u0131mc\u0131lar\u0131n yarat\u0131c\u0131 y\u00f6nlerini ke\u015ffetmelerine yard\u0131mc\u0131 olurken, ayn\u0131 zamanda \u00fcrettikleri el yap\u0131m\u0131 \u00fcr\u00fcnleri satma ve ekonomilerine katk\u0131 sa\u011flama imkan\u0131 da tan\u0131yor. Sanatla i\u00e7 i\u00e7e bir ortamda kad\u0131nlar\u0131 sosyalle\u015fmeye te\u015fvik eden kurslar\u0131 terapi diye adland\u0131ran kursiyerler, hem psikolojik a\u00e7\u0131dan rahatl\u0131yor hem aile b\u00fct\u00e7elerine katk\u0131 sa\u011fl\u0131yor.<\/p>\n\n\n\n<p>Hafta i\u00e7i Sal\u0131 ve Per\u015fembe g\u00fcnleri 13.00-16.00 saatleri aras\u0131nda devam eden kursta kursiyerler her biri farkl\u0131 tekniklerle yap\u0131lan r\u00f6lyef, sepet ve \u00e7antalarla yarat\u0131c\u0131l\u0131klar\u0131n\u0131 ortaya \u00e7\u0131kar\u0131rken, yap\u0131lan el i\u015flerini de B\u00fcy\u00fck\u015fehir&#8217;in \u00fcretici kad\u0131n stantlar\u0131na sergileme ve satma imkan\u0131na sahip oluyor.<\/p>\n\n\n\n<p><strong>Kankan: &#8220;Kursumuza kad\u0131nlar\u0131n ilgisi \u00e7ok b\u00fcy\u00fck&#8221;<\/strong><\/p>\n\n\n\n<p>Trafik Park Kad\u0131n ve \u00c7ocuk At\u00f6lyesi&#8217;nde g\u00f6n\u00fcll\u00fc olarak El i\u015fi \u00d6\u011fretmenli\u011fi yapan T\u00fclay Kankan, kurslar hakk\u0131nda bilgi vererek,&nbsp;<strong>&#8220;Kursumuzda ka\u011f\u0131t r\u00f6lyef, bambu sepetler, \u00e7antalar yap\u0131yoruz. Kursumuza kad\u0131nlar\u0131n ilgisi \u00e7ok b\u00fcy\u00fck. B\u00f6ylece sosyalle\u015fiyorlar, bir \u015feyler \u00f6\u011freniyorlar ve \u00fcreterek el becerilerini geli\u015ftiriyorlar. Kendilerini geli\u015ftirdik\u00e7e de sat\u0131\u015f yap\u0131yorlar. Ger\u00e7ekten ciddi anlamda sat\u0131\u015f yapan \u00f6\u011frencilerim var. Bu \u015fekilde aile b\u00fct\u00e7elerine de katk\u0131da bulunuyorlar&#8221;&nbsp;<\/strong>diye konu\u015ftu.<\/p>\n\n\n\n<p><strong>Kad\u0131nlar kurs sayesinde hem sosyalle\u015fiyor, hem de gelir elde ediyor<\/strong><\/p>\n\n\n\n<p>Kursiyerlerden Rukiye Evren, el i\u015fi kursunda \u00e7ok g\u00fczel \u00fcr\u00fcnler yapt\u0131klar\u0131n\u0131 anlatarak,&nbsp;<strong>&#8220;Var olan yetene\u011fimin belki de fark\u0131nda de\u011fildim, kurs sayesinde a\u00e7\u0131\u011fa \u00e7\u0131kt\u0131. Ka\u011f\u0131t ipin bile ne oldu\u011funu bilmiyordum, ama \u015fimdi ger\u00e7ekten g\u00fczel \u00fcr\u00fcnler elde ettim. \u00c7antan\u0131n her t\u00fcrl\u00fcs\u00fcn\u00fc, \u015fapka yapt\u0131m. \u00c7evreme g\u00fczel \u015feyler hediye edebiliyorum.<\/strong>&nbsp;<strong>Bu \u00f6zellikle el i\u015fi yapman\u0131n \u00f6tesinde bir terapi.<\/strong>&nbsp;<strong>Kurs saati geldi\u011fi zaman hemen geliyorum. Burada kendimi buluyorum&#8221;&nbsp;<\/strong>dedi.<\/p>\n\n\n\n<p>T\u00fclin Kaya kursta vakitlerinin \u00e7ok g\u00fczel ge\u00e7ti\u011fini ve her zaman devam etmesini istediklerini ifade ederek,&nbsp;<strong>&#8220;\u00c7anta olsun, r\u00f6lyef olsun hep burada \u00f6\u011frendik. Bizim i\u00e7in ger\u00e7ekten g\u00fczel bir \u015fey. De\u015farj oluyoruz. \u015eapkalar ve de\u011fi\u015fik \u00e7antalar yapt\u0131k. Herkes her \u015feyi yap\u0131yor. Buraya gelmek bizim i\u00e7in \u00e7ok \u00f6nemli. Maddi a\u00e7\u0131dan da gelir elde ediyoruz&#8221;&nbsp;<\/strong>ifadelerini kulland\u0131.<\/p>\n\n\n\n<p>Kursta sosyalle\u015ftiklerini belirten bir ba\u015fka kursiyer G\u00fclderen Y\u0131lmaz ise,&nbsp;<strong>&#8220;Burada kendimizi geli\u015ftiriyor, vakit ge\u00e7iriyor ve s\u0131k\u0131lm\u0131yoruz. Hemen hemen her kursa gittim. \u015eimdi de buraya geliyorum. \u015eapka, \u00e7anta \u00f6rd\u00fcm. \u015eimdi de bambudan ekmeklik yapmay\u0131 d\u00fc\u015f\u00fcn\u00fcyorum. B\u00fcy\u00fck\u015fehir Belediyesi&#8217;nin \u00fcretici kad\u0131n stantlar\u0131nda yer al\u0131p \u00fcr\u00fcnlerimi satmay\u0131 planl\u0131yorum&#8221;<\/strong>&nbsp;diye konu\u015ftu.<\/p>\n","protected":false},"excerpt":{"rendered":"<p>Mersin B\u00fcy\u00fck\u015fehir Belediyesi Kad\u0131n ve Aile Hizmetleri Dairesi b\u00fcnyesinde yer alan Trafik Park Kad\u0131n ve \u00c7ocuk At\u00f6lyesi, kad\u0131nlar\u0131n el becerilerini geli\u015ftirebilece\u011fi yeni bir kurs \u00e7al\u0131\u015fmas\u0131na ev sahipli\u011fi yap\u0131yor. El i\u015fi kursunda kad\u0131nlar r\u00f6lyef, sepet ve \u00e7anta gibi bir\u00e7ok \u00fcr\u00fcn yaparak hem el sanatlar\u0131 becerilerini geli\u015ftirme f\u0131rsat\u0131 buluyor, hem de sosyalle\u015fiyor. B\u00fcy\u00fck\u015fehir Belediyesi&#8217;nin farkl\u0131 alanlardaki kurs [&hellip;]<\/p>\n","protected":false},"author":2,"featured_media":38066,"comment_status":"closed","ping_status":"closed","sticky":false,"template":"","format":"standard","meta":{"footnotes":""},"categories":[34,3],"tags":[],"class_list":["post-38065","post","type-post","status-publish","format-standard","has-post-thumbnail","hentry","category-flas-haber","category-manset"],"views":9,"_links":{"self":[{"href":"https:\/\/mersinkadingazetesi.com\/index.php?rest_route=\/wp\/v2\/posts\/38065"}],"collection":[{"href":"https:\/\/mersinkadingazetesi.com\/index.php?rest_route=\/wp\/v2\/posts"}],"about":[{"href":"https:\/\/mersinkadingazetesi.com\/index.php?rest_route=\/wp\/v2\/types\/post"}],"author":[{"embeddable":true,"href":"https:\/\/mersinkadingazetesi.com\/index.php?rest_route=\/wp\/v2\/users\/2"}],"replies":[{"embeddable":true,"href":"https:\/\/mersinkadingazetesi.com\/index.php?rest_route=%2Fwp%2Fv2%2Fcomments&post=38065"}],"version-history":[{"count":1,"href":"https:\/\/mersinkadingazetesi.com\/index.php?rest_route=\/wp\/v2\/posts\/38065\/revisions"}],"predecessor-version":[{"id":38067,"href":"https:\/\/mersinkadingazetesi.com\/index.php?rest_route=\/wp\/v2\/posts\/38065\/revisions\/38067"}],"wp:featuredmedia":[{"embeddable":true,"href":"https:\/\/mersinkadingazetesi.com\/index.php?rest_route=\/wp\/v2\/media\/38066"}],"wp:attachment":[{"href":"https:\/\/mersinkadingazetesi.com\/index.php?rest_route=%2Fwp%2Fv2%2Fmedia&parent=38065"}],"wp:term":[{"taxonomy":"category","embeddable":true,"href":"https:\/\/mersinkadingazetesi.com\/index.php?rest_route=%2Fwp%2Fv2%2Fcategories&post=38065"},{"taxonomy":"post_tag","embeddable":true,"href":"https:\/\/mersinkadingazetesi.com\/index.php?rest_route=%2Fwp%2Fv2%2Ftags&post=38065"}],"curies":[{"name":"wp","href":"https:\/\/api.w.org\/{rel}","templated":true}]}}