{"id":38068,"date":"2024-12-22T10:26:07","date_gmt":"2024-12-22T07:26:07","guid":{"rendered":"https:\/\/mersinkadingazetesi.com\/?p=38068"},"modified":"2024-12-22T10:26:07","modified_gmt":"2024-12-22T07:26:07","slug":"kariyer-merkezi-is-dunyasinin-gelecegi-icin-calismalarini-surduruyor","status":"publish","type":"post","link":"https:\/\/mersinkadingazetesi.com\/?p=38068","title":{"rendered":"KAR\u0130YER MERKEZ\u0130 \u0130\u015e D\u00dcNYASININ GELECE\u011e\u0130 \u0130\u00c7\u0130N \u00c7ALI\u015eMALARINI S\u00dcRD\u00dcR\u00dcYOR"},"content":{"rendered":"\n<p>Mersin B\u00fcy\u00fck\u015fehir Belediye Ba\u015fkan\u0131 Vahap Se\u00e7er&#8217;in g\u00f6reve gelir gelmez hayata ge\u00e7irdi\u011fi vizyon projelerden Kariyer Merkezi ba\u015far\u0131l\u0131 projelerine devam ediyor. \u0130\u015f d\u00fcnyas\u0131n\u0131n ihtiya\u00e7lar\u0131na uygun programlar\u0131 tasarlamak ve kurumlar aras\u0131 i\u015f birli\u011fine dayal\u0131 projeleri hayata ge\u00e7irmek amac\u0131yla 2019 d\u00f6neminin sonunda kurulan&nbsp;<strong><em>&#8216;\u0130\u015fg\u00fcc\u00fc Piyasas\u0131 Koordinasyon Kurulu&#8217;<\/em><\/strong>topland\u0131.<\/p>\n\n\n\n<p>\u0130\u015fg\u00fcc\u00fc Piyasas\u0131 Koordinasyon Kurulu Toplant\u0131s\u0131na kamu kurumlar\u0131, \u00fcniversiteler, odalar\/birlikler ve ilgili sivil toplum kurulu\u015flar\u0131ndan geni\u015f kat\u0131l\u0131m sa\u011fland\u0131.<\/p>\n\n\n\n<p><strong>G\u00fcnde\u015f: &#8220;Hem gen\u00e7lere hem de i\u015f d\u00fcnyas\u0131na haz\u0131r veriler sunacak projeler geliyor&#8221;<\/strong><\/p>\n\n\n\n<p>Mersin B\u00fcy\u00fck\u015fehir Belediyesi Ba\u015fkan Dan\u0131\u015fman\u0131 Bedrettin G\u00fcnde\u015f yapt\u0131\u011f\u0131 a\u00e7\u0131l\u0131\u015f konu\u015fmas\u0131nda Kariyer Merkezi&#8217;nin i\u015f d\u00fcnyas\u0131yla yapt\u0131\u011f\u0131 i\u015f birliklerin ve \u00fcretilen projelerin Mersin&#8217;e katk\u0131 sa\u011flad\u0131\u011f\u0131n\u0131n alt\u0131n\u0131 \u00e7izdi. \u0130\u015f d\u00fcnyas\u0131 a\u00e7\u0131s\u0131ndan Kariyer Merkezi&#8217;nin gelecekte neler yapaca\u011f\u0131n\u0131 anlatmas\u0131n\u0131n olumlu sonu\u00e7lar do\u011furaca\u011f\u0131n\u0131 kaydeden G\u00fcnde\u015f,&nbsp;<strong>&#8220;\u0130\u015f d\u00fcnyas\u0131, STK&#8217;lar, meslek \u00f6rg\u00fctleri, onlar\u0131n liderleri kalifiye eleman bulunamamas\u0131 konusunda \u00e7ok mustarip. \u0130\u015f d\u00fcnyas\u0131 ile kendini i\u015f ya\u015fam\u0131na katmak isteyen gen\u00e7lerin bulu\u015fma noktas\u0131nda neler yap\u0131labilir noktas\u0131nda bir haz\u0131rl\u0131k yap\u0131l\u0131yor, bu da olumlu sonu\u00e7lar veriyor. Mersin B\u00fcy\u00fck\u015fehir Belediyesi Kariyer Merkezi&#8217;nin \u00f6n\u00fcm\u00fczdeki d\u00f6nemde \u00f6zellikle Kamp\u00fcs Mersin projesinde hem i\u015f d\u00fcnyas\u0131n\u0131 a\u011f\u0131rlamalar\u0131 hem gen\u00e7lerin kendilerini sa\u011fl\u0131kl\u0131 bir \u015fekilde ifade edebilmelerini sa\u011flamalar\u0131 a\u00e7\u0131s\u0131ndan hem de at\u00f6lye \u00e7al\u0131\u015fmalar\u0131yla \u00e7ok daha verimli sonu\u00e7lar elde edebilecekleri g\u00fczel bir \u00e7al\u0131\u015fma olacak&#8221;&nbsp;<\/strong>s\u00f6zlerine yer verdi.&nbsp;&nbsp;<\/p>\n\n\n\n<p>Kente yap\u0131lan yat\u0131r\u0131mlar sayesinde Mersin&#8217;in Marmara havzas\u0131 konumuna da y\u00fckselece\u011fini belirten G\u00fcnde\u015f,&nbsp;<strong>&#8220;8 g\u00fcnde muzu Ukrayna&#8217;ya g\u00f6nderen bir \u00fcretici 8 saatte g\u00f6nderebilecek. Bu da tar\u0131ma dayal\u0131 sanayinin geli\u015fmesini, sertifikasyona ge\u00e7i\u015fi beraberinde getirecek. Ayn\u0131 zamanda i\u015f olanaklar\u0131n\u0131n artmas\u0131n\u0131 getirecek ve buraya yat\u0131r\u0131m yapan sekt\u00f6rlerin de en az\u0131ndan ara eleman a\u00e7\u0131s\u0131ndan elinde haz\u0131r bir veri bankas\u0131 sunulmu\u015f olacak&#8221;<\/strong>&nbsp;\u015feklinde konu\u015ftu.<\/p>\n\n\n\n<p><strong>Kariyer Merkezi i\u015f d\u00fcnyas\u0131n\u0131 gelece\u011fe ta\u015f\u0131yor<\/strong><\/p>\n\n\n\n<p>A\u00e7\u0131l\u0131\u015f konu\u015fmalar\u0131ndan sonra Mersin B\u00fcy\u00fck\u015fehir Belediyesi Kariyer Merkezi M\u00fcd\u00fcr\u00fc Serkan&nbsp;\u00d6zada&nbsp;2024 d\u00f6neminde yap\u0131lan \u00e7al\u0131\u015fmalar, Kariyer Merkezi istatistikleri ve 2025 d\u00f6nemi projeleri konusunda bir sunum ger\u00e7ekle\u015ftirdi. \u00d6zada; 48 binden fazla kay\u0131tl\u0131 adaydan y\u00fczde 70&#8217;ine rehberlik, dan\u0131\u015fmanl\u0131k ve y\u00f6nlendirme hizmetleri kapsam\u0131nda geri d\u00f6n\u00fc\u015f sa\u011flad\u0131klar\u0131n\u0131 belirtti. \u00d6zada, 450 m\u00fclakat sim\u00fclasyonu program\u0131 kapsam\u0131nda 18 bin 400 ki\u015finin m\u00fclakat deneyimi kazan\u0131rken; i\u015f arayanlara, \u00f6\u011frencilere ve i\u015fverenlere y\u00f6nelik e\u011fitim ve etkinliklerle bug\u00fcne kadar 20 binden fazla ki\u015fiye ula\u015f\u0131ld\u0131\u011f\u0131n\u0131n alt\u0131n\u0131 \u00e7izdi.<\/p>\n\n\n\n<p><strong>300&#8217;den fazla meslekte \u00e7al\u0131\u015fma yap\u0131ld\u0131<\/strong><\/p>\n\n\n\n<p>Kariyer Merkezi olarak 400&#8217;den fazla farkl\u0131 firma ile 300&#8217;den farkl\u0131 meslekte a\u00e7\u0131k i\u015f talepleri \u00fczerinde \u00e7al\u0131\u015fma yapt\u0131klar\u0131n\u0131 aktaran \u00d6zada; tekniker, teknisyen, kaynak\u00e7\u0131, elektrik\u00e7i gibi ara elaman, m\u00fchendis, finans muhasebe, sat\u0131\u015f ve pazarlama, \u015fof\u00f6r, beden i\u015f\u00e7isi, idari destek eleman\u0131, g\u00fcvenlik g\u00f6revlisi ve turizm sekt\u00f6r\u00fcne y\u00f6nelik mesleklerde ihtiya\u00e7lar\u0131n \u00f6ne \u00e7\u0131kt\u0131\u011f\u0131n\u0131 belirtti.<\/p>\n\n\n\n<p><strong>2025 d\u00f6nemi projeleri haz\u0131r<\/strong><\/p>\n\n\n\n<p>Kurumlar aras\u0131 i\u015f birli\u011fine dayal\u0131 ba\u015far\u0131l\u0131 projeleri hayata ge\u00e7irdiklerini belirten \u00d6zada, 2025 d\u00f6neminde de&nbsp;<strong><em>&#8216;Kariyer Portal\u0131&#8217;<\/em><\/strong><em>,&nbsp;<strong>&#8216;Dijital Gen\u00e7ler Geliyor&#8217;<\/strong>,&nbsp;<strong>&#8216;STK&#8217;lar Kamp\u00fcste&#8217;<\/strong>,&nbsp;<strong>&#8216;Garaj Mersin&#8217;<\/strong>&nbsp;<\/em>ve<em>&nbsp;<strong>&#8216;Kamp\u00fcs Mersin&#8217;<\/strong><\/em>&nbsp;projelerini \u00f6ncelediklerini s\u00f6yledi. \u00d6zada, \u00f6zellikle sivil toplum kurulu\u015flar\u0131n\u0131n ve i\u015f d\u00fcnyas\u0131n\u0131n e\u011fitim ve toplant\u0131 ihtiya\u00e7lar\u0131na y\u00f6nelik Kamp\u00fcs Mersin ve gen\u00e7lerin giri\u015fimcilik ruhunu destekleyecek, kariyer planlamas\u0131 yapabilece\u011fi Garaj Mersin projelerinin T\u00fcrkiye&#8217;de model olaca\u011f\u0131n\u0131n alt\u0131n\u0131 \u00e7izdi.<\/p>\n\n\n\n<p>Kariyer Merkezi olarak ilk hedeflerinin sahan\u0131n talebine uygun ve kaliteli hizmetleri hayata ge\u00e7irmek oldu\u011funu s\u00f6yleyen \u00d6zada,&nbsp;<strong>&#8220;10 tane kurumla ba\u015flad\u0131\u011f\u0131m\u0131z s\u00fcre\u00e7te 2024 sonu itibariyle 51 tane kurum ve kurulu\u015fa ula\u015ft\u0131k. Burada olabildi\u011fi kadar i\u015f d\u00fcnyas\u0131n\u0131 temsil eden kamu kurulu\u015flar\u0131, odalar, birlikler, \u00fcniversiteler ve ilgili sivil toplum kurulu\u015flar\u0131n\u0131 bir araya getirerek ortak projelere imza atan bir kurul anlay\u0131\u015f\u0131yla bu platformu kurduk. \u00c7ok fazla i\u015fbirli\u011fi yapt\u0131k ve \u00f6n\u00fcm\u00fczdeki s\u00fcre\u00e7te Garaj Mersin ve Kamp\u00fcs Mersin ad\u0131 alt\u0131nda \u00e7ok \u00f6nemli iki tane projemiz hayata ge\u00e7ecek. \u0130sti\u015farelerimiz b\u00f6yle grup toplant\u0131lar veya birebir toplant\u0131larda devam edecek. Elimizden geldi\u011fi kadar Mersin i\u015f d\u00fcnyas\u0131na, i\u015f arayanlara, gen\u00e7lere, \u00fcniversitelilere, yeni mezunlara, i\u015fverenlere, STK&#8217;lara hizmet eden bir Kariyer Merkezi anlay\u0131\u015f\u0131yla \u00e7al\u0131\u015fmalar\u0131m\u0131z\u0131 s\u00fcrd\u00fcr\u00fcyoruz&#8221;&nbsp;<\/strong>ifadelerine yer verdi.<\/p>\n\n\n\n<p><strong>\u0130\u015f D\u00fcnyas\u0131ndan tam destek<\/strong><\/p>\n\n\n\n<p>Ger\u00e7ekle\u015ftirilen sunumlardan sonra serbest k\u00fcrs\u00fc uygulamas\u0131 ile i\u015f d\u00fcnyas\u0131n\u0131 temsil eden kurum ve kurulu\u015flar\u0131n yetkilileri ve sivil toplum liderleri memnuniyetlerini dile getirirken, \u00f6n\u00fcm\u00fczdeki s\u00fcre\u00e7te hayata ge\u00e7ecek projelere tam destek sunacaklar\u0131n\u0131 belirttiler.<\/p>\n\n\n\n<p><strong>G\u00fclery\u00fcz: &#8220;\u00d6\u011frencilerini i\u015f hayat\u0131na haz\u0131rlayan projeleri \u00e7ok k\u0131ymetli buluyoruz&#8221;<\/strong><\/p>\n\n\n\n<p>Kariyer Merkezi ile projeler noktas\u0131nda s\u0131k s\u0131k i\u015fbirli\u011fi yapt\u0131klar\u0131n\u0131 kaydeden Toros \u00dcniversite \u00d6\u011fretim \u00dcyesi Selin Dr. Sara\u00e7 G\u00fclery\u00fcz,&nbsp;<strong>&#8220;\u00d6\u011frenciler bu \u00e7etin yar\u0131\u015f i\u00e7erisinde kendini nereye konumland\u0131raca\u011f\u0131n\u0131 \u00e7ok bilemiyor. Biz burada hem aday mezunlar\u0131m\u0131z\u0131 hem de i\u015f sekt\u00f6r\u00fcn\u00fc bir araya getirerek sekt\u00f6r\u00fcn ne gibi talepleri oldu\u011funu hem de \u00f6\u011frencilerin bu duruma kendini nas\u0131l haz\u0131rlamas\u0131 gerekti\u011fi noktas\u0131nda bulu\u015fturmu\u015f oluyoruz. \u00c7ok ge\u00e7 olmadan herkes konumunu alm\u0131\u015f oluyor. Bu anlamda bu \u00e7abalar\u0131 \u00e7ok k\u0131ymetli buluyoruz&#8221;&nbsp;<\/strong>dedi.<\/p>\n\n\n\n<p><strong>Ku\u015f: &#8220;\u00c7ok g\u00fczel bir \u015fehrimiz var ve y\u00f6netimimiz var&#8221;<\/strong><\/p>\n\n\n\n<p>Toplant\u0131lar\u0131n her zaman kente de\u011fer katarak ilerledi\u011fini kaydeden TURAB Genel Ba\u015fkan\u0131 Fahri Ku\u015f,&nbsp;<strong>&#8220;Vahap Ba\u015fkan\u0131n vizyoner \u00e7al\u0131\u015fmalar\u0131, \u00e7ok g\u00fczel projelere imza atmalar\u0131, gelece\u011fe y\u00f6nelik her zaman bir ad\u0131m \u00f6nde olmalar\u0131 beni memnun ediyor ve her zaman birlikte oldu\u011fumuzu da ifade etmek isterim. Bizden ne istenirse her zaman yan\u0131nday\u0131z&#8221;<\/strong>&nbsp;dedi. Kentin g\u00fczelle\u015fmesi sayesinde alan\u0131nda profesyonel olan ki\u015filerin de kente gelmek isteyece\u011fini kaydeden Ku\u015f,&nbsp;<strong>&#8220;Mavi ve beyaz yakal\u0131lar hem \u00e7al\u0131\u015fmak hem g\u00fczel maa\u015f almak hem de bir sosyal \u00e7evrede ya\u015famak istiyorlard\u0131. Vahap Ba\u015fkana bu y\u00fczden \u00e7ok te\u015fekk\u00fcr ediyorum. G\u00fczel bir \u015fehir olma yolunda \u00e7ok g\u00fczel a\u015famalar kaydetti. \u00c7ok g\u00fczel bir \u015fehrimiz var, \u00e7ok g\u00fczel bir y\u00f6netimimiz var. \u015eehre ekonomiye i\u015fe katk\u0131 sunacak herkesin her s\u00f6z\u00fcn, her d\u00fc\u015f\u00fcncenin yan\u0131nday\u0131z. Elimizden geleni de yapar\u0131z&#8221;<\/strong>&nbsp;s\u00f6zlerine yer verdi.<\/p>\n\n\n\n<p><strong>K\u0131l\u0131\u00e7: &#8220;T\u00fcrkiye&#8217;de olmayan Mersin&#8217;de yap\u0131l\u0131yor&#8221;<\/strong><\/p>\n\n\n\n<p>Emek veren herkesi kutlayarak s\u00f6zlerine ba\u015flayan Uluslararas\u0131 Sanayiciler ve \u0130\u015f \u0130nsanlar\u0131 Derne\u011fi Genel Ba\u015fkan\u0131 Nevaf K\u0131l\u0131\u00e7,&nbsp;<strong>&#8220;T\u00fcrkiye&#8217;de olmayan Mersin&#8217;de yap\u0131l\u0131yor; Mersin&#8217;de g\u00fczel bir lobi olu\u015fuyor. Mersin&#8217;de \u00f6zellikle Kariyer Merkezi son birka\u00e7 y\u0131ld\u0131r \u00e7ok g\u00fczel \u00e7al\u0131\u015fmalara imza att\u0131, g\u00fczel projelere imza at\u0131yor. Ba\u015fkan zaten Mersin i\u00e7in gece g\u00fcnd\u00fcz \u00e7al\u0131\u015f\u0131yor, kendisini tebrik ediyoruz. Bundan sonraki s\u00fcre\u00e7te Mersin&#8217;e yat\u0131r\u0131mc\u0131 getirme konusunda Mersin&#8217;deki i\u015f d\u00fcnyas\u0131n\u0131 di\u011fer \u00fclkelere g\u00f6t\u00fcrme ve Mersin&#8217;in tan\u0131t\u0131m\u0131n\u0131 d\u00f6rt k\u0131tada yapma konusunda bizim desteklerimiz olacak. Mersin hepimizin, Mersin ger\u00e7ekten T\u00fcrkiye&#8217;nin en g\u00fczel \u015fehri&#8221;<\/strong>&nbsp;diyerek, kentin kalk\u0131nmas\u0131 i\u00e7in ad\u0131m atan Ba\u015fkan Se\u00e7er&#8217;i ve ekibini kutlad\u0131.<\/p>\n","protected":false},"excerpt":{"rendered":"<p>Mersin B\u00fcy\u00fck\u015fehir Belediye Ba\u015fkan\u0131 Vahap Se\u00e7er&#8217;in g\u00f6reve gelir gelmez hayata ge\u00e7irdi\u011fi vizyon projelerden Kariyer Merkezi ba\u015far\u0131l\u0131 projelerine devam ediyor. \u0130\u015f d\u00fcnyas\u0131n\u0131n ihtiya\u00e7lar\u0131na uygun programlar\u0131 tasarlamak ve kurumlar aras\u0131 i\u015f birli\u011fine dayal\u0131 projeleri hayata ge\u00e7irmek amac\u0131yla 2019 d\u00f6neminin sonunda kurulan&nbsp;&#8216;\u0130\u015fg\u00fcc\u00fc Piyasas\u0131 Koordinasyon Kurulu&#8217;topland\u0131. \u0130\u015fg\u00fcc\u00fc Piyasas\u0131 Koordinasyon Kurulu Toplant\u0131s\u0131na kamu kurumlar\u0131, \u00fcniversiteler, odalar\/birlikler ve ilgili sivil toplum [&hellip;]<\/p>\n","protected":false},"author":2,"featured_media":38069,"comment_status":"closed","ping_status":"closed","sticky":false,"template":"","format":"standard","meta":{"footnotes":""},"categories":[2,3,5],"tags":[],"class_list":["post-38068","post","type-post","status-publish","format-standard","has-post-thumbnail","hentry","category-gundem","category-manset","category-mersin"],"views":7,"_links":{"self":[{"href":"https:\/\/mersinkadingazetesi.com\/index.php?rest_route=\/wp\/v2\/posts\/38068"}],"collection":[{"href":"https:\/\/mersinkadingazetesi.com\/index.php?rest_route=\/wp\/v2\/posts"}],"about":[{"href":"https:\/\/mersinkadingazetesi.com\/index.php?rest_route=\/wp\/v2\/types\/post"}],"author":[{"embeddable":true,"href":"https:\/\/mersinkadingazetesi.com\/index.php?rest_route=\/wp\/v2\/users\/2"}],"replies":[{"embeddable":true,"href":"https:\/\/mersinkadingazetesi.com\/index.php?rest_route=%2Fwp%2Fv2%2Fcomments&post=38068"}],"version-history":[{"count":1,"href":"https:\/\/mersinkadingazetesi.com\/index.php?rest_route=\/wp\/v2\/posts\/38068\/revisions"}],"predecessor-version":[{"id":38070,"href":"https:\/\/mersinkadingazetesi.com\/index.php?rest_route=\/wp\/v2\/posts\/38068\/revisions\/38070"}],"wp:featuredmedia":[{"embeddable":true,"href":"https:\/\/mersinkadingazetesi.com\/index.php?rest_route=\/wp\/v2\/media\/38069"}],"wp:attachment":[{"href":"https:\/\/mersinkadingazetesi.com\/index.php?rest_route=%2Fwp%2Fv2%2Fmedia&parent=38068"}],"wp:term":[{"taxonomy":"category","embeddable":true,"href":"https:\/\/mersinkadingazetesi.com\/index.php?rest_route=%2Fwp%2Fv2%2Fcategories&post=38068"},{"taxonomy":"post_tag","embeddable":true,"href":"https:\/\/mersinkadingazetesi.com\/index.php?rest_route=%2Fwp%2Fv2%2Ftags&post=38068"}],"curies":[{"name":"wp","href":"https:\/\/api.w.org\/{rel}","templated":true}]}}