{"id":38071,"date":"2024-12-22T10:27:15","date_gmt":"2024-12-22T07:27:15","guid":{"rendered":"https:\/\/mersinkadingazetesi.com\/?p=38071"},"modified":"2024-12-22T10:27:16","modified_gmt":"2024-12-22T07:27:16","slug":"deva-partili-ekmenden-ak-parti-milletvekillerine-faiz-butcesine-hayir-deyin","status":"publish","type":"post","link":"https:\/\/mersinkadingazetesi.com\/?p=38071","title":{"rendered":"DEVA Partili Ekmen\u2019den AK Parti milletvekillerine: Faiz b\u00fct\u00e7esine \u2018Hay\u0131r\u2018 deyin!\u00a0"},"content":{"rendered":"\n<p><strong>DEVA Partisi Genel Ba\u015fkan Yard\u0131mc\u0131s\u0131 Mehmet Emin Ekmen, 2025 b\u00fct\u00e7e g<\/strong><strong>\u00f6<\/strong><strong>r\u00fc\u015fmelerinin son g\u00fcn\u00fcnde AK Parti milletvekillerine faize&nbsp;<\/strong><strong>\u00f6<\/strong><strong>denecek 1 trilyon 850 milyar liray\u0131&nbsp;<\/strong><strong>hat<\/strong><strong>\u0131rlatarak, hay\u0131r oyu verilmesi \u00e7a\u011fr\u0131s\u0131nda bulundu. TBMM Genel Kurulunda konu\u015fan Ekmen, Cumhurba\u015fkan\u0131 Erdo\u011fan\u2019\u0131n faize kar\u015f\u0131 \u00e7\u0131kmas\u0131na ra\u011fmen 1 trilyon 850 milyar faizin b\u00fct\u00e7ede yer ald\u0131\u011f\u0131n\u0131<\/strong><strong>n alt<\/strong><strong>\u0131n\u0131 \u00e7izerek,&nbsp;<\/strong><strong>\u201c<\/strong><strong>AK Partili milletvekilleri hem Say\u0131n Cumhurba\u015fkan\u0131\u2019n\u0131<\/strong><strong>&nbsp;hem&nbsp;<\/strong><strong>Nas\u2019\u0131 hem de Bakara 279. ayetini hat\u0131<\/strong><strong>rlas<\/strong><strong>\u0131nlar ve bu b\u00fct\u00e7eye hay\u0131r desinler. Bakara S\u00fcresi 279&#8217;uncu ayette e\u011fer faizcilikten vazge\u00e7mezseniz art\u0131k Allah ve Resul&#8217;\u00fcne kar\u015f\u0131 sava\u015f a\u00e7t\u0131\u011f\u0131n\u0131z\u0131, onlar\u0131n da size sava\u015f a\u00e7t\u0131\u011f\u0131n\u0131 bilin\u201d dedi.&nbsp;<\/strong><\/p>\n\n\n\n<p>DEVA Partisi Genel Ba\u015fkan Yard\u0131mc\u0131s\u0131 ve Mersin Milletvekili Mehmet Emin Ekmen, 2025 Y\u0131l\u0131 Merkezi Y\u00f6netim B\u00fct\u00e7e Kanunu Teklifi\u2019nin son g\u00fcn\u00fcnde AK Parti milletvekillerine b\u00fct\u00e7edeki faiz&nbsp;\u00f6demeleri \u00fczerinden uyar\u0131da bulundu. TBMM Genel Kurulunda s\u00f6z alan Ekmen,&nbsp;\u201chaf\u0131zay\u0131 be\u015fer nisyan ile maluld\u00fcr\u201d s\u00f6z\u00fcn\u00fc an\u0131msatarak, AK Parti milletvekillerine Cumhurba\u015fkan\u0131n\u0131n nas s\u00f6ylemi ve u\u00e7uk faiz giderleriyle ele\u015ftirilerde bulundu.&nbsp;<\/p>\n\n\n\n<p><strong>AK PART\u0130L\u0130<\/strong><strong>LERE ERDO<\/strong><strong>\u011eAN<\/strong><strong>\u2019<\/strong><strong>IN FA\u0130Z A\u00c7IKLAMALARINI HATIRLATTI<\/strong><\/p>\n\n\n\n<p>Cumhurba\u015fkan\u0131 Recep Tayyip Erdo\u011fan\u2019\u0131n&nbsp;\u201cBu can bu tende olduk\u00e7a iddiayla s\u00f6yl\u00fcyorum faiz sebeptir, enflasyon neticedir\u201d s\u00f6zlerini AK Parti milletvekillerine hat\u0131rlatan Ekmen, Cumhurba\u015fkan\u0131 Erdo\u011fan\u2019\u0131n Allah&#8217;\u0131n emirlerini a\u00e7\u0131klayarak faize kar\u015f\u0131 \u00e7\u0131kmas\u0131na ra\u011fmen b\u00fct\u00e7edeki faiz giderlerine ayr\u0131lan miktara dikkati \u00e7ekerek, AK Parti milletvekillerine s\u00f6z konusu b\u00fct\u00e7eye&nbsp;\u201chay\u0131r oyu\u201d vermesi \u00e7a\u011fr\u0131s\u0131nda bulundu.<\/p>\n\n\n\n<p><strong>BAKARA 279<\/strong><strong>\u2019<\/strong><strong>UNCU AYET\u0130 HATIRLAYIN: FA\u0130ZC\u0130L\u0130<\/strong><strong>KTEN VAZGE<\/strong><strong>\u00c7\u0130N<\/strong><\/p>\n\n\n\n<p>B\u00fct\u00e7edeki astronomik faiz rakamlar\u0131n\u0131 aktaran Ekmen,&nbsp;\u201cB\u00fct\u00e7eyi haz\u0131rlayanlar Say\u0131n Cumhurba\u015fkan\u0131n\u0131 dinlemeyerek(!) i\u00e7inde 1 trilyon 850 milyar faiz olan bu b\u00fct\u00e7eyi Meclise getirmi\u015f olabilirler ama AK Parti&#8217;li milletvekilleri hem Say\u0131n Cumhurba\u015fkan\u0131n\u0131 hem de Bakara 279&#8217;uncu ayetini hat\u0131rlas\u0131nlar ve bu b\u00fct\u00e7eye hay\u0131r desinler. Bakara S\u00fcresi 279&#8217;uncu ayette e\u011fer faizcilikten vazge\u00e7mezseniz art\u0131k Allah ve Resul&#8217;\u00fcne kar\u015f\u0131 sava\u015f a\u00e7t\u0131\u011f\u0131n\u0131z\u0131, onlar\u0131n da size sava\u015f a\u00e7t\u0131\u011f\u0131n\u0131 bilin\u201d diyerek b\u00fct\u00e7eye hay\u0131r oyu verece\u011fini ifade etti.<\/p>\n","protected":false},"excerpt":{"rendered":"<p>DEVA Partisi Genel Ba\u015fkan Yard\u0131mc\u0131s\u0131 Mehmet Emin Ekmen, 2025 b\u00fct\u00e7e g\u00f6r\u00fc\u015fmelerinin son g\u00fcn\u00fcnde AK Parti milletvekillerine faize&nbsp;\u00f6denecek 1 trilyon 850 milyar liray\u0131&nbsp;hat\u0131rlatarak, hay\u0131r oyu verilmesi \u00e7a\u011fr\u0131s\u0131nda bulundu. TBMM Genel Kurulunda konu\u015fan Ekmen, Cumhurba\u015fkan\u0131 Erdo\u011fan\u2019\u0131n faize kar\u015f\u0131 \u00e7\u0131kmas\u0131na ra\u011fmen 1 trilyon 850 milyar faizin b\u00fct\u00e7ede yer ald\u0131\u011f\u0131n\u0131n alt\u0131n\u0131 \u00e7izerek,&nbsp;\u201cAK Partili milletvekilleri hem Say\u0131n Cumhurba\u015fkan\u0131\u2019n\u0131&nbsp;hem&nbsp;Nas\u2019\u0131 hem de [&hellip;]<\/p>\n","protected":false},"author":2,"featured_media":38072,"comment_status":"closed","ping_status":"closed","sticky":false,"template":"","format":"standard","meta":{"footnotes":""},"categories":[3,5],"tags":[],"class_list":["post-38071","post","type-post","status-publish","format-standard","has-post-thumbnail","hentry","category-manset","category-mersin"],"views":2,"_links":{"self":[{"href":"https:\/\/mersinkadingazetesi.com\/index.php?rest_route=\/wp\/v2\/posts\/38071"}],"collection":[{"href":"https:\/\/mersinkadingazetesi.com\/index.php?rest_route=\/wp\/v2\/posts"}],"about":[{"href":"https:\/\/mersinkadingazetesi.com\/index.php?rest_route=\/wp\/v2\/types\/post"}],"author":[{"embeddable":true,"href":"https:\/\/mersinkadingazetesi.com\/index.php?rest_route=\/wp\/v2\/users\/2"}],"replies":[{"embeddable":true,"href":"https:\/\/mersinkadingazetesi.com\/index.php?rest_route=%2Fwp%2Fv2%2Fcomments&post=38071"}],"version-history":[{"count":1,"href":"https:\/\/mersinkadingazetesi.com\/index.php?rest_route=\/wp\/v2\/posts\/38071\/revisions"}],"predecessor-version":[{"id":38073,"href":"https:\/\/mersinkadingazetesi.com\/index.php?rest_route=\/wp\/v2\/posts\/38071\/revisions\/38073"}],"wp:featuredmedia":[{"embeddable":true,"href":"https:\/\/mersinkadingazetesi.com\/index.php?rest_route=\/wp\/v2\/media\/38072"}],"wp:attachment":[{"href":"https:\/\/mersinkadingazetesi.com\/index.php?rest_route=%2Fwp%2Fv2%2Fmedia&parent=38071"}],"wp:term":[{"taxonomy":"category","embeddable":true,"href":"https:\/\/mersinkadingazetesi.com\/index.php?rest_route=%2Fwp%2Fv2%2Fcategories&post=38071"},{"taxonomy":"post_tag","embeddable":true,"href":"https:\/\/mersinkadingazetesi.com\/index.php?rest_route=%2Fwp%2Fv2%2Ftags&post=38071"}],"curies":[{"name":"wp","href":"https:\/\/api.w.org\/{rel}","templated":true}]}}