{"id":38074,"date":"2024-12-22T10:28:57","date_gmt":"2024-12-22T07:28:57","guid":{"rendered":"https:\/\/mersinkadingazetesi.com\/?p=38074"},"modified":"2024-12-22T10:28:58","modified_gmt":"2024-12-22T07:28:58","slug":"baskan-secer-kardesini-son-yolculuguna-ugurladi","status":"publish","type":"post","link":"https:\/\/mersinkadingazetesi.com\/?p=38074","title":{"rendered":"BA\u015eKAN SE\u00c7ER, KARDE\u015e\u0130N\u0130 SON YOLCULU\u011eUNA U\u011eURLADI"},"content":{"rendered":"\n<p>Mersin B\u00fcy\u00fck\u015fehir Belediye Ba\u015fkan\u0131 Vahap Se\u00e7er&#8217;in ya\u015fam\u0131n\u0131 yitiren karde\u015fi U\u011furcan Se\u00e7er, Tarsus G\u00fcney Mezarl\u0131\u011f\u0131&#8217;nda k\u0131l\u0131nan cenaze namaz\u0131n\u0131n ard\u0131ndan son yolculu\u011funa u\u011furland\u0131.<\/p>\n\n\n\n<p>E\u015fi Meral Se\u00e7er ile birlikte cenazeye kat\u0131lan Ba\u015fkan Se\u00e7er&#8217;i ac\u0131 g\u00fcn\u00fcnde, Cumhuriyet Halk Partisi \u00f6nceki d\u00f6nem Genel Ba\u015fkan\u0131 Kemal K\u0131l\u0131\u00e7daro\u011flu, Adana B\u00fcy\u00fck\u015fehir Belediye Ba\u015fkan\u0131 Zeydan Karalar, CHP Mersin \u0130l Ba\u015fkan\u0131 Koral \u00d6m\u00fcr, siyasi partilerin il ve il\u00e7e ba\u015fkanlar\u0131, Gazeteci \u0130smail K\u00fc\u00e7\u00fckkaya, mevcut ve ge\u00e7mi\u015f d\u00f6nem milletvekilleri, il\u00e7e belediye ba\u015fkanlar\u0131, kamu kurumlar\u0131n\u0131n y\u00f6neticileri, i\u015f ve siyaset d\u00fcnyas\u0131n\u0131n temsilcileri, \u00e7al\u0131\u015fma arkada\u015flar\u0131, aile \u00fcyeleri ve Mersinliler yaln\u0131z b\u0131rakmad\u0131.<\/p>\n\n\n\n<p>Merhum U\u011furcan Se\u00e7er&#8217;in cenazesi, \u00f6\u011fle namaz\u0131na m\u00fcteakiben k\u0131l\u0131nan cenaze namaz\u0131n\u0131n ard\u0131ndan dualar e\u015fli\u011finde topra\u011fa verildi.<\/p>\n\n\n\n<p>Tarsus G\u00fcney Mezarl\u0131\u011f\u0131&#8217;n\u0131n ard\u0131ndan Mersin B\u00fcy\u00fck\u015fehir Belediyesi Kongre ve Sergi Saray\u0131&#8217;na ge\u00e7en Ba\u015fkan Se\u00e7er, burada taziyeleri kabul etti.<\/p>\n","protected":false},"excerpt":{"rendered":"<p>Mersin B\u00fcy\u00fck\u015fehir Belediye Ba\u015fkan\u0131 Vahap Se\u00e7er&#8217;in ya\u015fam\u0131n\u0131 yitiren karde\u015fi U\u011furcan Se\u00e7er, Tarsus G\u00fcney Mezarl\u0131\u011f\u0131&#8217;nda k\u0131l\u0131nan cenaze namaz\u0131n\u0131n ard\u0131ndan son yolculu\u011funa u\u011furland\u0131. E\u015fi Meral Se\u00e7er ile birlikte cenazeye kat\u0131lan Ba\u015fkan Se\u00e7er&#8217;i ac\u0131 g\u00fcn\u00fcnde, Cumhuriyet Halk Partisi \u00f6nceki d\u00f6nem Genel Ba\u015fkan\u0131 Kemal K\u0131l\u0131\u00e7daro\u011flu, Adana B\u00fcy\u00fck\u015fehir Belediye Ba\u015fkan\u0131 Zeydan Karalar, CHP Mersin \u0130l Ba\u015fkan\u0131 Koral \u00d6m\u00fcr, siyasi partilerin [&hellip;]<\/p>\n","protected":false},"author":2,"featured_media":38075,"comment_status":"closed","ping_status":"closed","sticky":false,"template":"","format":"standard","meta":{"footnotes":""},"categories":[34,3],"tags":[],"class_list":["post-38074","post","type-post","status-publish","format-standard","has-post-thumbnail","hentry","category-flas-haber","category-manset"],"views":5,"_links":{"self":[{"href":"https:\/\/mersinkadingazetesi.com\/index.php?rest_route=\/wp\/v2\/posts\/38074"}],"collection":[{"href":"https:\/\/mersinkadingazetesi.com\/index.php?rest_route=\/wp\/v2\/posts"}],"about":[{"href":"https:\/\/mersinkadingazetesi.com\/index.php?rest_route=\/wp\/v2\/types\/post"}],"author":[{"embeddable":true,"href":"https:\/\/mersinkadingazetesi.com\/index.php?rest_route=\/wp\/v2\/users\/2"}],"replies":[{"embeddable":true,"href":"https:\/\/mersinkadingazetesi.com\/index.php?rest_route=%2Fwp%2Fv2%2Fcomments&post=38074"}],"version-history":[{"count":1,"href":"https:\/\/mersinkadingazetesi.com\/index.php?rest_route=\/wp\/v2\/posts\/38074\/revisions"}],"predecessor-version":[{"id":38076,"href":"https:\/\/mersinkadingazetesi.com\/index.php?rest_route=\/wp\/v2\/posts\/38074\/revisions\/38076"}],"wp:featuredmedia":[{"embeddable":true,"href":"https:\/\/mersinkadingazetesi.com\/index.php?rest_route=\/wp\/v2\/media\/38075"}],"wp:attachment":[{"href":"https:\/\/mersinkadingazetesi.com\/index.php?rest_route=%2Fwp%2Fv2%2Fmedia&parent=38074"}],"wp:term":[{"taxonomy":"category","embeddable":true,"href":"https:\/\/mersinkadingazetesi.com\/index.php?rest_route=%2Fwp%2Fv2%2Fcategories&post=38074"},{"taxonomy":"post_tag","embeddable":true,"href":"https:\/\/mersinkadingazetesi.com\/index.php?rest_route=%2Fwp%2Fv2%2Ftags&post=38074"}],"curies":[{"name":"wp","href":"https:\/\/api.w.org\/{rel}","templated":true}]}}