{"id":38089,"date":"2024-12-23T11:54:48","date_gmt":"2024-12-23T08:54:48","guid":{"rendered":"https:\/\/mersinkadingazetesi.com\/?p=38089"},"modified":"2024-12-23T11:54:49","modified_gmt":"2024-12-23T08:54:49","slug":"buyuksehirin-sosyal-politikalar-ofisi-belediyelere-mentor-oluyor","status":"publish","type":"post","link":"https:\/\/mersinkadingazetesi.com\/?p=38089","title":{"rendered":"B\u00dcY\u00dcK\u015eEH\u0130R&#8217;\u0130N SOSYAL POL\u0130T\u0130KALAR OF\u0130S\u0130, BELED\u0130YELERE MENT\u00d6R OLUYOR"},"content":{"rendered":"\n<p>Mersin B\u00fcy\u00fck\u015fehir Belediyesi&#8217;nin&nbsp;<em><strong>&#8216;Herkesin Kimsesi&#8217;<\/strong><\/em>&nbsp;slogan\u0131yla Ekim ay\u0131nda hayata ge\u00e7irdi\u011fi&nbsp;<strong>&#8216;Mersin Sosyal Politikalar Ofisi&#8217;<\/strong>, T\u00fcrkiye&#8217;nin farkl\u0131 illerindeki belediyelere ment\u00f6r olmaya devam ediyor. Do\u011fumdan \u00f6l\u00fcme kadar giden t\u00fcm s\u00fcre\u00e7ler i\u00e7in hizmet \u00fcreten ve T\u00fcrkiye&#8217;ye \u00f6rnek olan Sosyal Politikalar Ofisi&#8217;nin son misafirleri, \u0130zmir Bayrakl\u0131 Belediyesi yetkilileri oldu. Ekip, B\u00fcy\u00fck\u015fehir Belediyesi&#8217;nin sosyal politikalar alan\u0131nda hizmet veren di\u011fer birimlerini de gezdi.<\/p>\n\n\n\n<p><strong>Mersin&#8217;in t\u00fcm kesimlerine yay\u0131lan hizmetler takdirle kar\u015f\u0131land\u0131<\/strong><\/p>\n\n\n\n<p>Ziyaretin birinci g\u00fcn\u00fcnde ilk olarak Sosyal Politikalar Ofisi&#8217;ni gezerek Ofis&#8217;in kurulma amac\u0131, kurulu\u015f s\u00fcreci ve g\u00fcncel hizmetlerini dinleyen yetkililer, ard\u0131ndan Alzheimer hastalar\u0131na hizmet veren G\u00fcl\u00fcmse Alzheimer Ya\u015fam Merkezi&#8217;ni gezdi. Otizm Aile Dan\u0131\u015fma Merkezi, MERC\u0130 \u00d6\u011frenci Dan\u0131\u015fma Merkezi, MERCEK Mesleki E\u011fitim Merkezi ile s\u00fcren gezi, MERCAN 100. Y\u0131l \u0130klim ve \u00c7evre Bilim Merkezi ile son buldu. Ziyaretin ikinci g\u00fcn\u00fc ise; A\u015fhane, Engelsiz Ya\u015fam Merkezi, Halkkent Sosyal Ya\u015fam Merkezi, Adres Okuma Salonu ve Mersin Kad\u0131n Giri\u015fimi \u00dcretim ve \u0130\u015fletme Kooperatifi&#8217;nin gezilmesi ile devam etti. Birimleri gezen ve bilgi alan Bayrakl\u0131 Belediyesi yetkilileri, verilen hizmetlerle ilgili be\u011fenilerini dile getirirken, Mersin&#8217;in t\u00fcm kesimlerine yay\u0131lan hizmet kapsam\u0131n\u0131 takdirle kar\u015f\u0131lad\u0131.<\/p>\n\n\n\n<p><strong>Heyet, Mersin&#8217;deki ba\u015far\u0131n\u0131n olduk\u00e7a \u00e7arp\u0131c\u0131 oldu\u011funu dile getirdi<\/strong><\/p>\n\n\n\n<p>Ziyaretlerin ikinci g\u00fcn\u00fc ise A\u015fhane&#8217;nin ziyaret edilmesi ile ba\u015flad\u0131. B\u00fcy\u00fck\u015fehir&#8217;in ihtiya\u00e7 sahibi yurtta\u015flara yemek hizmeti sundu\u011fu tesisi g\u00f6ren heyet, buradan Engelsiz Ya\u015fam Merkezi&#8217;ne ge\u00e7ti. Heyet; Fitness Salonu, Mola Evi, Uygulama Evi ve \u00e7e\u015fitli at\u00f6lyelerin bulundu\u011fu \u00f6zel gereksinimli bireylerin hem g\u00fcnl\u00fck hayat pratiklerini geli\u015ftiren, hem de sosyalle\u015fmelerini sa\u011flayan merkezin kentte \u00f6nemli bir ihtiyac\u0131 kar\u015f\u0131lad\u0131\u011f\u0131n\u0131 dile getirdi.<\/p>\n\n\n\n<p>Taziye Evi, Okuma Salonu, \u00c7ocuk Geli\u015fim Merkezi, Emekli Evi, E\u011fitim ve \u00d6\u011fretimi Destekleme Kurs Merkezi ile Halkkent MERCEK Meslek Edindirme ve E\u011fitim Merkezi&#8217;nin bir arada oldu\u011fu ve her ya\u015f\u0131n hizmet alabilece\u011fi sosyal bir tesis g\u00f6revi g\u00f6ren Halkkent Sosyal Ya\u015fam Merkezi&#8217;ni gezen heyet, merkeze hayranl\u0131k duydu. B\u00fcy\u00fck\u015fehir&#8217;in, gen\u00e7lerin g\u00f6n\u00fcl rahatl\u0131\u011f\u0131yla ders \u00e7al\u0131\u015fabilmesi ve okuma yapabilmesi amac\u0131yla a\u00e7t\u0131\u011f\u0131 Adres Okuma Salonu&#8217;nu da g\u00f6ren heyet, gezilerini Mersin Kad\u0131n Giri\u015fimi \u00dcretim ve \u0130\u015fletme Kooperatifi&#8217;ni gezerek noktalad\u0131. B\u00fcy\u00fck\u015fehir&#8217;in geni\u015f bir yelpazede her kesimi kucaklayan ve kapsay\u0131c\u0131 hizmetlerini yerinde g\u00f6rme f\u0131rsat\u0131 bulan heyet; Ba\u015fkan Vahap Se\u00e7er ile birlikte sosyal politikalara \u00e7ok fazla a\u011f\u0131rl\u0131k verildi\u011fini kaydederek, Mersin&#8217;deki ba\u015far\u0131n\u0131n olduk\u00e7a \u00e7arp\u0131c\u0131 oldu\u011funu dile getirdi.<\/p>\n\n\n\n<p><strong>Bahat: &#8220;Ziyarette, gerekli i\u015f birliklerini ba\u015flatmak \u00fczerine g\u00f6r\u00fc\u015f birli\u011fine vard\u0131k&#8221;<\/strong><\/p>\n\n\n\n<p>Sosyal Politikalar Ofisi Program Y\u00fcr\u00fct\u00fcc\u00fcs\u00fc Melek Bahat, B\u00fcy\u00fck\u015fehir&#8217;in sosyal politikalar kapsam\u0131nda hayata ge\u00e7irdikleri hizmetleri yerinde g\u00f6rebilmeleri amac\u0131yla, son olarak \u0130zmir Bayrakl\u0131 Belediyesi&#8217;nden bir heyeti a\u011f\u0131rlad\u0131klar\u0131n\u0131 ifade etti. Bahat,&nbsp;<strong>&#8220;Heyetle birlikte, sosyal hizmetler kapsam\u0131nda hayata ge\u00e7irdi\u011fimiz pek \u00e7ok merkezi ziyaret ettik. Engelli bireylerden ya\u015f alm\u0131\u015flara, kad\u0131n kooperatiflerimizden sosyal ya\u015fam merkezlerimize var\u0131ncaya kadar, 2 g\u00fcnl\u00fck ziyarette pek \u00e7ok merkezi ziyaret etmi\u015f olduk. Ofisimiz hakk\u0131nda bilgi verdik ve gerekli i\u015f birliklerini ba\u015flatmak \u00fczerine de g\u00f6r\u00fc\u015f birli\u011fine vard\u0131k&#8221;<\/strong>&nbsp;dedi.<\/p>\n\n\n\n<p><strong>Tepe: &#8220;Mersin B\u00fcy\u00fck\u015fehir&#8217;in t\u00fcm hizmetleri \u00e7ok g\u00fczel&#8221;<\/strong><\/p>\n\n\n\n<p>\u0130zmir Bayrakl\u0131 Belediyesi Sosyal Yard\u0131m \u0130\u015fleri M\u00fcd\u00fcr\u00fc \u00d6zg\u00fcl G\u00fcll\u00fctepe, Mersin B\u00fcy\u00fck\u015fehir Belediyesi&#8217;nin hizmetlerini ve birimlerini \u00e7ok be\u011fendi\u011fini ifade ederek,&nbsp;<strong>&#8220;\u00c7ok etkilendi\u011fimiz g\u00fczel hizmetleriniz var. Bizim de yapmay\u0131 istedi\u011fimiz baz\u0131 hizmetler vard\u0131. Genel olarak yapt\u0131\u011f\u0131m\u0131z belediye ara\u015ft\u0131rmalar\u0131nda, Mersin B\u00fcy\u00fck\u015fehir Belediyesi&#8217;nin yapt\u0131\u011f\u0131 hizmetlerin \u00e7ok daha g\u00fczel oldu\u011fu ve bu hizmetlerin yerinde g\u00f6r\u00fclmesi gerekti\u011fi y\u00f6n\u00fcnde bir d\u00fc\u015f\u00fcnce geli\u015ftirdik ve bir ziyarete karar verdik. \u00c7ok memnun kald\u0131k&#8221;<\/strong>&nbsp;dedi.<\/p>\n\n\n\n<p>Mersin B\u00fcy\u00fck\u015fehir \u00e7al\u0131\u015fanlar\u0131n\u0131n da i\u015flerini \u00e7ok iyi sahiplendi\u011fini, bunun da \u00f6nemli oldu\u011funu vurgulayan Tepe,&nbsp;<strong>&#8220;Gezdi\u011fimiz t\u00fcm birimlerdeki arkada\u015flar \u00e7ok g\u00fczel enerjiye sahipler. Yapt\u0131klar\u0131 i\u015fleri sahipleniyorlar, \u00e7ok mutlular ve bunu da \u00e7ok g\u00fczel yans\u0131t\u0131yorlar. Bence bu, belediyecilikte \u00e7ok k\u0131ymetli. Herhangi bir vatanda\u015f\u0131n gelip o enerjiyi almas\u0131 \u00f6nemli. Bu, belediyecilikte azalan bir durum. Bu bizim i\u00e7in \u00e7ok ilgi \u00e7ekiciydi&#8221;<\/strong>&nbsp;diye belirtti.<\/p>\n\n\n\n<p><strong>&#8220;Do\u011fumdan \u00f6l\u00fcme kadar her a\u015fama i\u00e7in hizmet geli\u015ftirilmi\u015f&#8221;<\/strong><\/p>\n\n\n\n<p>Tepe, hizmet binalar\u0131n\u0131n da g\u00fczel oldu\u011funu s\u00f6zlerine ekleyerek,&nbsp;<strong>&#8220;T\u00fcm hizmetleriniz \u00e7ok g\u00fczel. Sosyal ya\u015fam alanlar\u0131n\u0131z kolayla\u015ft\u0131r\u0131c\u0131. Bu alanlar\u0131n ula\u015f\u0131labilir yerlerde olmas\u0131 \u00e7ok g\u00fczel. Do\u011fumdan, ya\u015fl\u0131l\u0131\u011fa hatta \u00f6l\u00fcme kadar; her a\u015fama i\u00e7in hizmetlerin geli\u015ftirilmi\u015f olmas\u0131 ve bunun eri\u015filebilir olmas\u0131 \u00e7ok g\u00fczeldi. Emekleriniz \u00e7ok k\u0131ymetli. Gezip g\u00f6rd\u00fc\u011f\u00fcm i\u00e7in mutluyum. Dilerim bizler de yapabiliriz&#8221;<\/strong>&nbsp;diye konu\u015ftu.<\/p>\n\n\n\n<p><strong>Eren: &#8220;B\u00fcy\u00fck\u015fehir, sosyal belediyecilik uygulamalar\u0131n\u0131 \u00e7ok iyi sa\u011flam\u0131\u015f&#8221;<\/strong><\/p>\n\n\n\n<p>Bayrakl\u0131 Belediyesi&#8217;nden Sosyolog \u00d6zlem Eren, Mersin&#8217;de yap\u0131lan hizmetlerin olduk\u00e7a kapsay\u0131c\u0131 ve \u00e7ok sistemli bir \u015fekilde ilerledi\u011fini kaydederek, B\u00fcy\u00fck\u015fehir&#8217;in her biriminin birbirine entegre bir \u015fekilde \u00e7al\u0131\u015ft\u0131\u011f\u0131n\u0131 dile getirdi. B\u00fcy\u00fck\u015fehir&#8217;in \u00e7ok ba\u015far\u0131l\u0131 bir belediye oldu\u011funu s\u00f6yleyen Eren,&nbsp;<strong>&#8220;Ben 2 g\u00fcnd\u00fcr geziyorum ve sosyal belediyecilik burada \u00e7ok iyi sa\u011flanm\u0131\u015f. En ba\u015fta Sosyal Politikalar Ofisi&#8217;ni gezmeye ba\u015flad\u0131k ve burada her \u015fey bir hayal etmekle ba\u015flam\u0131\u015f gibi. Bir anne \u00e7ocu\u011fu ile d\u0131\u015far\u0131 \u00e7\u0131kt\u0131\u011f\u0131nda \u00e7ocu\u011funu \u00c7ocuk Geli\u015fim Merkezi&#8217;ne b\u0131rak\u0131rken, ev han\u0131m\u0131 olan bir anne kurslar ile e\u011fitim alabilir, engelli bir \u00e7ocu\u011fu varsa Engelsiz Ya\u015fam Merkezi&#8217;ne getirebilir, i\u015fsiz ve \u00e7al\u0131\u015fm\u0131yorsa kooperatif arac\u0131l\u0131\u011f\u0131 veya benzer kurs \u00e7al\u0131\u015fmalar\u0131yla eve ekmek g\u00f6t\u00fcrebilir. Otizm Dan\u0131\u015fma Merkezi, Emekli Evleri, Alzheimer Merkezi gibi birimler d\u00fc\u015f\u00fcn\u00fclm\u00fc\u015f ve \u00e7e\u015fitli merkezler a\u00e7\u0131lm\u0131\u015f. B\u00fcy\u00fck ya\u015fam alanlar\u0131 olu\u015fturulmu\u015f. Biz \u00e7ok be\u011fendik ve b\u00fct\u00fcn bu \u00f6rnekleri not ald\u0131k. \u0130l\u00e7emizde, minimal de olsa benzeri uygulamalar\u0131 biz de hayata ge\u00e7irmek istiyoruz&#8221;<\/strong>&nbsp;ifadelerini kulland\u0131.<\/p>\n","protected":false},"excerpt":{"rendered":"<p>Mersin B\u00fcy\u00fck\u015fehir Belediyesi&#8217;nin&nbsp;&#8216;Herkesin Kimsesi&#8217;&nbsp;slogan\u0131yla Ekim ay\u0131nda hayata ge\u00e7irdi\u011fi&nbsp;&#8216;Mersin Sosyal Politikalar Ofisi&#8217;, T\u00fcrkiye&#8217;nin farkl\u0131 illerindeki belediyelere ment\u00f6r olmaya devam ediyor. Do\u011fumdan \u00f6l\u00fcme kadar giden t\u00fcm s\u00fcre\u00e7ler i\u00e7in hizmet \u00fcreten ve T\u00fcrkiye&#8217;ye \u00f6rnek olan Sosyal Politikalar Ofisi&#8217;nin son misafirleri, \u0130zmir Bayrakl\u0131 Belediyesi yetkilileri oldu. Ekip, B\u00fcy\u00fck\u015fehir Belediyesi&#8217;nin sosyal politikalar alan\u0131nda hizmet veren di\u011fer birimlerini de gezdi. Mersin&#8217;in [&hellip;]<\/p>\n","protected":false},"author":2,"featured_media":38090,"comment_status":"closed","ping_status":"closed","sticky":false,"template":"","format":"standard","meta":{"footnotes":""},"categories":[3],"tags":[],"class_list":["post-38089","post","type-post","status-publish","format-standard","has-post-thumbnail","hentry","category-manset"],"views":5,"_links":{"self":[{"href":"https:\/\/mersinkadingazetesi.com\/index.php?rest_route=\/wp\/v2\/posts\/38089"}],"collection":[{"href":"https:\/\/mersinkadingazetesi.com\/index.php?rest_route=\/wp\/v2\/posts"}],"about":[{"href":"https:\/\/mersinkadingazetesi.com\/index.php?rest_route=\/wp\/v2\/types\/post"}],"author":[{"embeddable":true,"href":"https:\/\/mersinkadingazetesi.com\/index.php?rest_route=\/wp\/v2\/users\/2"}],"replies":[{"embeddable":true,"href":"https:\/\/mersinkadingazetesi.com\/index.php?rest_route=%2Fwp%2Fv2%2Fcomments&post=38089"}],"version-history":[{"count":1,"href":"https:\/\/mersinkadingazetesi.com\/index.php?rest_route=\/wp\/v2\/posts\/38089\/revisions"}],"predecessor-version":[{"id":38091,"href":"https:\/\/mersinkadingazetesi.com\/index.php?rest_route=\/wp\/v2\/posts\/38089\/revisions\/38091"}],"wp:featuredmedia":[{"embeddable":true,"href":"https:\/\/mersinkadingazetesi.com\/index.php?rest_route=\/wp\/v2\/media\/38090"}],"wp:attachment":[{"href":"https:\/\/mersinkadingazetesi.com\/index.php?rest_route=%2Fwp%2Fv2%2Fmedia&parent=38089"}],"wp:term":[{"taxonomy":"category","embeddable":true,"href":"https:\/\/mersinkadingazetesi.com\/index.php?rest_route=%2Fwp%2Fv2%2Fcategories&post=38089"},{"taxonomy":"post_tag","embeddable":true,"href":"https:\/\/mersinkadingazetesi.com\/index.php?rest_route=%2Fwp%2Fv2%2Ftags&post=38089"}],"curies":[{"name":"wp","href":"https:\/\/api.w.org\/{rel}","templated":true}]}}