{"id":38095,"date":"2024-12-23T11:56:17","date_gmt":"2024-12-23T08:56:17","guid":{"rendered":"https:\/\/mersinkadingazetesi.com\/?p=38095"},"modified":"2024-12-23T11:56:18","modified_gmt":"2024-12-23T08:56:18","slug":"piktes-projesi-sosyal-uyum-gosterisi-icin-halk-oyunlari-ve-koro-ekibimiz-ankara-yolcusu","status":"publish","type":"post","link":"https:\/\/mersinkadingazetesi.com\/?p=38095","title":{"rendered":"PIKTES PROJES\u0130 SOSYAL UYUM G\u00d6STER\u0130S\u0130 \u0130\u00c7\u0130N HALK OYUNLARI VE KORO EK\u0130B\u0130M\u0130Z ANKARA YOLCUSU\u00a0"},"content":{"rendered":"\n<p>\u0130l Mill\u00ee E\u011fitim M\u00fcd\u00fcr\u00fc Fazilet Durmu\u015f, PIKTES projesi kapsam\u0131nda Ankara Hac\u0131 Bayram Veli \u00dcniversitesi Itri Kongre ve K\u00fclt\u00fcr Merkezi&#8217;nde ger\u00e7ekle\u015fecek olan mill\u00ee elemelere kat\u0131lmak \u00fczere yola \u00e7\u0131kan, \u015eevket Pozcu Anadolu Lisesi koro ekibi ve Mezitli Merkez Ortaokulu Halk Oyunlar\u0131 ekibi \u00f6\u011frencilerimiz ile g\u00f6revli \u00f6\u011fretmenlerimizi u\u011furlad\u0131.<\/p>\n\n\n\n<p>\u0130l Mill\u00ee E\u011fitim M\u00fcd\u00fcr\u00fc Fazilet Durmu\u015f, u\u011furlama s\u0131ras\u0131nda&nbsp; \u00f6\u011frencilerin azmini ve \u00e7al\u0131\u015fmalar\u0131n\u0131 takdir ederek: &#8220;Sizlerle gurur duyuyoruz. Ankara&#8217;daki T\u00fcrkiye finalinde Mersin&#8217;imizi en g\u00fczel \u015fekilde temsil edece\u011finize inan\u0131yorum. Hepinize ba\u015far\u0131lar diliyorum.&#8221; ifadelerini kulland\u0131.<\/p>\n\n\n\n<p>Fazilet Durmu\u015f, \u00f6\u011frenci ve \u00f6\u011fretmenlerle hat\u0131ra foto\u011fraf\u0131 \u00e7ekildi. Ard\u0131ndan ekipler, b\u00fcy\u00fck bir co\u015fkuyla yola \u00e7\u0131kt\u0131.<\/p>\n\n\n\n<p>\u015eevket Pozcu Anadolu Lisesi Koro Ekibi ve Mezitli Merkez Ortaokulu Halk Oyunlar\u0131 Ekibi, 23 Aral\u0131k 2024 tarihinde Ankara Hac\u0131 Bayram Veli \u00dcniversitesi Itri Kongre ve K\u00fclt\u00fcr Merkezi&#8217;nde d\u00fczenlenecek T\u00fcrkiye finalinde Mersin&#8217;i temsil ederek \u015fehrimizin gururu olacak.<\/p>\n\n\n\n<p>\u00d6\u011frencilerimize ba\u015far\u0131lar diler, yollar\u0131n\u0131n a\u00e7\u0131k olmas\u0131n\u0131 dileriz. Mersin, gen\u00e7 yeteneklerimizle bir kez daha T\u00fcrkiye&#8217;ye \u00f6rnek olmaya haz\u0131rlan\u0131yor!<\/p>\n\n\n\n<p><a href=\"https:\/\/mersin.meb.gov.tr\/meb_iys_dosyalar\/2024_12\/19124618_whatsappimage20241219at12.38.19.jpg\" target=\"_blank\" rel=\"noreferrer noopener\"><\/a><\/p>\n","protected":false},"excerpt":{"rendered":"<p>\u0130l Mill\u00ee E\u011fitim M\u00fcd\u00fcr\u00fc Fazilet Durmu\u015f, PIKTES projesi kapsam\u0131nda Ankara Hac\u0131 Bayram Veli \u00dcniversitesi Itri Kongre ve K\u00fclt\u00fcr Merkezi&#8217;nde ger\u00e7ekle\u015fecek olan mill\u00ee elemelere kat\u0131lmak \u00fczere yola \u00e7\u0131kan, \u015eevket Pozcu Anadolu Lisesi koro ekibi ve Mezitli Merkez Ortaokulu Halk Oyunlar\u0131 ekibi \u00f6\u011frencilerimiz ile g\u00f6revli \u00f6\u011fretmenlerimizi u\u011furlad\u0131. \u0130l Mill\u00ee E\u011fitim M\u00fcd\u00fcr\u00fc Fazilet Durmu\u015f, u\u011furlama s\u0131ras\u0131nda&nbsp; \u00f6\u011frencilerin azmini [&hellip;]<\/p>\n","protected":false},"author":2,"featured_media":38096,"comment_status":"closed","ping_status":"closed","sticky":false,"template":"","format":"standard","meta":{"footnotes":""},"categories":[3],"tags":[],"class_list":["post-38095","post","type-post","status-publish","format-standard","has-post-thumbnail","hentry","category-manset"],"views":19,"_links":{"self":[{"href":"https:\/\/mersinkadingazetesi.com\/index.php?rest_route=\/wp\/v2\/posts\/38095"}],"collection":[{"href":"https:\/\/mersinkadingazetesi.com\/index.php?rest_route=\/wp\/v2\/posts"}],"about":[{"href":"https:\/\/mersinkadingazetesi.com\/index.php?rest_route=\/wp\/v2\/types\/post"}],"author":[{"embeddable":true,"href":"https:\/\/mersinkadingazetesi.com\/index.php?rest_route=\/wp\/v2\/users\/2"}],"replies":[{"embeddable":true,"href":"https:\/\/mersinkadingazetesi.com\/index.php?rest_route=%2Fwp%2Fv2%2Fcomments&post=38095"}],"version-history":[{"count":1,"href":"https:\/\/mersinkadingazetesi.com\/index.php?rest_route=\/wp\/v2\/posts\/38095\/revisions"}],"predecessor-version":[{"id":38097,"href":"https:\/\/mersinkadingazetesi.com\/index.php?rest_route=\/wp\/v2\/posts\/38095\/revisions\/38097"}],"wp:featuredmedia":[{"embeddable":true,"href":"https:\/\/mersinkadingazetesi.com\/index.php?rest_route=\/wp\/v2\/media\/38096"}],"wp:attachment":[{"href":"https:\/\/mersinkadingazetesi.com\/index.php?rest_route=%2Fwp%2Fv2%2Fmedia&parent=38095"}],"wp:term":[{"taxonomy":"category","embeddable":true,"href":"https:\/\/mersinkadingazetesi.com\/index.php?rest_route=%2Fwp%2Fv2%2Fcategories&post=38095"},{"taxonomy":"post_tag","embeddable":true,"href":"https:\/\/mersinkadingazetesi.com\/index.php?rest_route=%2Fwp%2Fv2%2Ftags&post=38095"}],"curies":[{"name":"wp","href":"https:\/\/api.w.org\/{rel}","templated":true}]}}