{"id":38104,"date":"2024-12-23T11:59:31","date_gmt":"2024-12-23T08:59:31","guid":{"rendered":"https:\/\/mersinkadingazetesi.com\/?p=38104"},"modified":"2024-12-23T11:59:31","modified_gmt":"2024-12-23T08:59:31","slug":"toroslar-alevi-kultur-dernegi-k-maras-katliamini-unutmadi","status":"publish","type":"post","link":"https:\/\/mersinkadingazetesi.com\/?p=38104","title":{"rendered":"TOROSLAR ALEV\u0130 K\u00dcLT\u00dcR DERNE\u011e\u0130, K.MARA\u015e KATL\u0130AMINI UNUTMADI!"},"content":{"rendered":"\n<p>22 Aral\u0131k Pazar g\u00fcn\u00fc Cemevi\u2019nde Dernek \u00fcyeleriyle topluca yap\u0131lan kahvalt\u0131 sonunda 46. y\u0131l\u0131 dolan Kahraman Mara\u015f katliam\u0131n\u0131n \u015fehitleri an\u0131ld\u0131. Derne\u011fin \u00e7ok say\u0131da \u00fcyesi, Atat\u00fcrk, vatan \u015fehitleri ve K. Mara\u015f\u2019ta katledilenler i\u00e7in sayg\u0131 duru\u015fundan sonra Dernek Ba\u015fkan\u0131 H\u00fcseyin De\u011ferli 46 y\u0131l sonra o katliam\u0131n y\u00fcreklerde hala s\u00fcren yang\u0131n\u0131n\u0131 ve bu g\u00fcne b\u0131rakt\u0131\u011f\u0131 ac\u0131 dolu miras\u0131n tarihi derslerini anlatt\u0131.<\/p>\n\n\n\n<p>De\u011ferli canlar: 1978 y\u0131l\u0131 Aral\u0131k ay\u0131n\u0131n 19. G\u00fcn\u00fcnde ba\u015flay\u0131p bir tafta s\u00fcren K. Mara\u015f olaylar\u0131 daha do\u011frusu tertiplerinde resmi rakamlara g\u00f6re 120 ama ger\u00e7ekte 500 civar\u0131nda olan insan\u0131n katledilip bir\u00e7ok evin ve i\u015fyerinin yak\u0131l\u0131p ara\u00e7lar\u0131n tahrip edildi\u011fi o g\u00fcn unutulamaz. Peki, o olaylar\u0131 ve katliamlar\u0131 kim ve ne i\u00e7in yapm\u0131\u015ft\u0131r? K. Mara\u015f katliam\u0131n\u0131 kimin hesab\u0131na yap\u0131ld\u0131\u011f\u0131 sorusu kritiktir. \u015e\u00f6yle bir geriye bakt\u0131\u011f\u0131m\u0131zda, 1980 y\u0131l\u0131ndan beri ulus (milli) devletleri par\u00e7alamak i\u00e7in mezhep ve milliyet farklar\u0131n\u0131 k\u0131\u015fk\u0131rtan Amerikan emperyalizmi ve onun darbeci \u00f6rg\u00fct\u00fc NATO\u2019nun oldu\u011funu g\u00f6r\u00fcyoruz.Aylard\u0131r ve g\u00fcn\u00fcm\u00fczde, Gazze\u2019de L\u00fcbnan\u2019da \u00e7oluk \u00e7ocuk demeden bombalarla soyk\u0131r\u0131m yapanlar \u015fimdide Suriye\u2019de ya\u015fayan M\u00fcsl\u00fcman Alevileri katledip vah\u015fet yap\u0131yorlar. \u015eimdi bunlar kimden talimat ald\u0131larsa 46 y\u0131l \u00f6nce de K. Mara\u015f, \u00c7orum, Sivas ve Ba\u015fba\u011flar cinayetlerini i\u015fleyenlerde ayn\u0131 yerden talimat alm\u0131\u015flard\u0131r. Bu emrin patronu Amerika ve \u0130srail\u2019dir. \u00c7\u00fcnk\u00fc uygarl\u0131klar be\u015fi\u011fi ve ho\u015fg\u00f6r\u00fc co\u011frafyas\u0131 Asya \u00fclkelerinde mezhep \u00e7at\u0131\u015fmalar\u0131n\u0131 yarat\u0131p katliamlarla milli devletleri kaosa s\u00fcr\u00fckleyerek par\u00e7alamak isteyen yine bu emperyalistlerdir.<\/p>\n\n\n\n<p>Amerika\u2019n\u0131n casusluk \u00f6rg\u00fct\u00fc CIA ve \u0130srail\u2019in gizli servisi MOSSAD y\u0131k\u0131c\u0131 her eylemin provokat\u00f6r\u00fc olmu\u015flard\u0131r. Kanl\u0131 sabotajlar\u0131n da ustas\u0131 olan bu te\u015fkilatlar, bazen sahte sol bazen milliyet\u00e7i, bazen asker veya siyasileri Ortado\u011fu ve \u00fclkemizde kulland\u0131lar. Zaten Orta\u00e7a\u011f\u0131n yobaz ve gerici yarat\u0131klar\u0131 her zaman emperyalizmin hizmetinde olmu\u015flard\u0131r. De\u011ferli canlar: G\u00f6r\u00fcl\u00fcyor ki \u00fclkemiz etraf\u0131ndaki bu olaylar yak\u0131nda bitmeyece\u011fi gibi \u00fcst\u00fcm\u00fcze do\u011fru gelmektedir. O halde bizlerin alaca\u011f\u0131 tedbirler olmal\u0131d\u0131r. Bunun yolu, hangi inan\u00e7, mezhep veya etnik kesimden olursak olal\u0131m bu kadim Anadolu topraklar\u0131nda o, \u015fu, bu demeden ve Atat\u00fcrk\u2019\u00fcn tarifiyle \u201cT\u00fcrkiye Cumhuriyeti&#8217;ni kuran halka T\u00fcrk milleti denir.\u201d Vecizesinden hareketle 85 milyon insan\u0131m\u0131zla Laik Cumhuriyet k\u00fclt\u00fcr\u00fc etraf\u0131ndaki e\u015fit yurtta\u015flar\u0131 olarak birlik i\u00e7inde olmal\u0131y\u0131z. Aksi halde \u201cmaazallah\u201d Irak, Libya, Suriye ak\u0131betini ya\u015far\u0131z.\u0130nanc\u0131m\u0131z\u0131 ve k\u00fclt\u00fcr\u00fcm\u00fcz\u00fc ya\u015fad\u0131\u011f\u0131m\u0131z Atat\u00fcrk\u2019\u00fcn kurdu\u011fu T\u00fcrkiye Cumhuriyeti, bizim kutsal vatan\u0131m\u0131zd\u0131r ve gidecek ba\u015fka yerimiz yoktur. O halde, yalan, fitne, fesat gibi k\u0131\u015fk\u0131rtmalara son derece uyan\u0131k olmal\u0131 ve kar\u015f\u0131 tav\u0131r almal\u0131y\u0131z. Bu \u00fclkede ya\u015fayan ve Cumhuriyetin hayat tarz\u0131na uygun sadakat ile yurtta\u015fl\u0131k bilinciyle \u201celimize, dilimize belimize\u201d yani yurdumuza, k\u00fclt\u00fcr\u00fcm\u00fcze, soyumuza ve milli de\u011ferlerimize sahip \u00e7\u0131kaca\u011f\u0131z.H\u00fclasa; Kahraman Mara\u015f \u015fehitlerimizin manevi miras\u0131na inanc\u0131m\u0131z ve k\u00fclt\u00fcr\u00fcm\u00fcz\u00fcn gere\u011fi olan 72 millete ayn\u0131 nazarla bakmal\u0131y\u0131z. Derne\u011fimizin siz \u00fcyelerine de bir \u00e7a\u011fr\u0131m\u0131z var. Y\u00f6netimde g\u00f6revli arkada\u015flar kar\u015f\u0131l\u0131ks\u0131z ve g\u00f6n\u00fcll\u00fc buraya hizmet ediyorlar. \u00dcyelerimizde bu kurumsal \u00e7at\u0131ya emek, imkan ve yetenekleriyle destek vermelidirler. Ayr\u0131ca \u00fcyelik disipliniyle davranarak derne\u011fimize yeni \u00fcyeler kazand\u0131rarak b\u00fcnyemizi kuvvetlendirmeliyiz.Dernek Ba\u015fkan\u0131 H\u00fcseyin De\u011ferlinin bu konu\u015fmas\u0131ndan sonra saz e\u015fli\u011finde deyi\u015fler, \u015fiirler ve maniler okunarak etkinli\u011fe son verildi.<\/p>\n","protected":false},"excerpt":{"rendered":"<p>22 Aral\u0131k Pazar g\u00fcn\u00fc Cemevi\u2019nde Dernek \u00fcyeleriyle topluca yap\u0131lan kahvalt\u0131 sonunda 46. y\u0131l\u0131 dolan Kahraman Mara\u015f katliam\u0131n\u0131n \u015fehitleri an\u0131ld\u0131. Derne\u011fin \u00e7ok say\u0131da \u00fcyesi, Atat\u00fcrk, vatan \u015fehitleri ve K. Mara\u015f\u2019ta katledilenler i\u00e7in sayg\u0131 duru\u015fundan sonra Dernek Ba\u015fkan\u0131 H\u00fcseyin De\u011ferli 46 y\u0131l sonra o katliam\u0131n y\u00fcreklerde hala s\u00fcren yang\u0131n\u0131n\u0131 ve bu g\u00fcne b\u0131rakt\u0131\u011f\u0131 ac\u0131 dolu miras\u0131n tarihi [&hellip;]<\/p>\n","protected":false},"author":2,"featured_media":38106,"comment_status":"closed","ping_status":"closed","sticky":false,"template":"","format":"standard","meta":{"footnotes":""},"categories":[3],"tags":[],"class_list":["post-38104","post","type-post","status-publish","format-standard","has-post-thumbnail","hentry","category-manset"],"views":4,"_links":{"self":[{"href":"https:\/\/mersinkadingazetesi.com\/index.php?rest_route=\/wp\/v2\/posts\/38104"}],"collection":[{"href":"https:\/\/mersinkadingazetesi.com\/index.php?rest_route=\/wp\/v2\/posts"}],"about":[{"href":"https:\/\/mersinkadingazetesi.com\/index.php?rest_route=\/wp\/v2\/types\/post"}],"author":[{"embeddable":true,"href":"https:\/\/mersinkadingazetesi.com\/index.php?rest_route=\/wp\/v2\/users\/2"}],"replies":[{"embeddable":true,"href":"https:\/\/mersinkadingazetesi.com\/index.php?rest_route=%2Fwp%2Fv2%2Fcomments&post=38104"}],"version-history":[{"count":1,"href":"https:\/\/mersinkadingazetesi.com\/index.php?rest_route=\/wp\/v2\/posts\/38104\/revisions"}],"predecessor-version":[{"id":38107,"href":"https:\/\/mersinkadingazetesi.com\/index.php?rest_route=\/wp\/v2\/posts\/38104\/revisions\/38107"}],"wp:featuredmedia":[{"embeddable":true,"href":"https:\/\/mersinkadingazetesi.com\/index.php?rest_route=\/wp\/v2\/media\/38106"}],"wp:attachment":[{"href":"https:\/\/mersinkadingazetesi.com\/index.php?rest_route=%2Fwp%2Fv2%2Fmedia&parent=38104"}],"wp:term":[{"taxonomy":"category","embeddable":true,"href":"https:\/\/mersinkadingazetesi.com\/index.php?rest_route=%2Fwp%2Fv2%2Fcategories&post=38104"},{"taxonomy":"post_tag","embeddable":true,"href":"https:\/\/mersinkadingazetesi.com\/index.php?rest_route=%2Fwp%2Fv2%2Ftags&post=38104"}],"curies":[{"name":"wp","href":"https:\/\/api.w.org\/{rel}","templated":true}]}}