{"id":38119,"date":"2024-12-23T15:41:56","date_gmt":"2024-12-23T12:41:56","guid":{"rendered":"https:\/\/mersinkadingazetesi.com\/?p=38119"},"modified":"2024-12-23T15:41:57","modified_gmt":"2024-12-23T12:41:57","slug":"toroslar-belediyesinin-uretici-kadin-stantlari-bu-kez-yilbasi-icin-kuruldu","status":"publish","type":"post","link":"https:\/\/mersinkadingazetesi.com\/?p=38119","title":{"rendered":"TOROSLAR BELED\u0130YES\u0130N\u0130N \u00dcRET\u0130C\u0130 KADIN STANTLARI BU KEZ YILBA\u015eI \u0130\u00c7\u0130N KURULDU"},"content":{"rendered":"\n<p><strong>Toroslar Belediyesi, &#8220;Y\u0131lba\u015f\u0131 Pazar\u0131&#8221; temal\u0131 \u00fcretici kad\u0131n stantlar\u0131 ile il\u00e7edeki kad\u0131n \u00fcreticileri destekliyor.<\/strong><\/p>\n\n\n\n<p>Hediyelik e\u015fya, el sanatlar\u0131 ve y\u00f6resel lezzetlerin sunuldu\u011fu stantlar, b\u00fcy\u00fck be\u011feni topluyor. \u00c7ocuklar i\u00e7in d\u00fczenlenen \u00f6zel aktivitelerin de yer ald\u0131\u011f\u0131 etkinlik ile kad\u0131n eme\u011fine vurgu yap\u0131l\u0131yor.<\/p>\n\n\n\n<p>Toroslar Belediyesi Kad\u0131n ve Aile Hizmetleri M\u00fcd\u00fcrl\u00fc\u011f\u00fc&#8217;n\u00fcn koordinesinde, hafta sonu H\u00fcseyin Okan Merzeci Mahallesi&#8217;ndeki Toroslar Amfi Tiyatro&#8217;da bulu\u015fan kad\u0131n \u00fcreticiler, 24-27 Aral\u0131k tarihleri aras\u0131nda da \u00c7a\u011fda\u015fkent Mahalle Muhtarl\u0131\u011f\u0131 yan\u0131nda bulunan Toroslar Kent Konseyi binas\u0131 \u00f6n\u00fcnde el eme\u011fi g\u00f6z nuru \u00fcr\u00fcnlerini sergileyerek sat\u0131\u015f yapacaklar.<\/p>\n\n\n\n<p><strong>Ba\u015fkan Y\u0131ld\u0131z: &#8220;\u00dcretim Yapan Kad\u0131nlar\u0131n Her Zaman Yan\u0131nda Olaca\u011f\u0131z&#8221;<\/strong><\/p>\n\n\n\n<p>Toroslar Belediye Ba\u015fkan\u0131 Abdurrahman Y\u0131ld\u0131z, el eme\u011finin de\u011ferli oldu\u011fu bilinciyle \u00fcreten kad\u0131nlar\u0131 her zaman desteklemeye devam edeceklerini belirterek, &#8220;\u00d6zenle \u00fcretilen birbirinden de\u011ferli \u00fcr\u00fcnleri g\u00f6rmek ve kad\u0131nlar\u0131n eme\u011fine destek olmak i\u00e7in t\u00fcm vatanda\u015flar\u0131m\u0131z\u0131 stantlar\u0131m\u0131za bekliyoruz. Bizim tek amac\u0131m\u0131z kad\u0131nlar\u0131n daha da g\u00fc\u00e7lenmesi ve ekonomik olarak kazan\u00e7 elde etmeleridir&#8221; dedi.<\/p>\n\n\n\n<p>\u00dcretici kad\u0131n stantlar\u0131nda kad\u0131n dayan\u0131\u015fmas\u0131n\u0131n en g\u00fczel \u00f6rne\u011finin sergilendi\u011fini de kaydeden Ba\u015fkan Y\u0131ld\u0131z, \u00fcretim yaparak aile ekonomisine katk\u0131 sa\u011flayan t\u00fcm kad\u0131nlar\u0131 tebrik etti.<\/p>\n\n\n\n<p>Ba\u015fkan Y\u0131ld\u0131z&#8217;a verdi\u011fi destekten dolay\u0131 te\u015fekk\u00fcrlerini ileten kad\u0131n \u00fcreticiler ise, hayata ge\u00e7en bu projenin kendileri i\u00e7in b\u00fcy\u00fck bir ad\u0131m oldu\u011funu ifade ettiler.<\/p>\n","protected":false},"excerpt":{"rendered":"<p>Toroslar Belediyesi, &#8220;Y\u0131lba\u015f\u0131 Pazar\u0131&#8221; temal\u0131 \u00fcretici kad\u0131n stantlar\u0131 ile il\u00e7edeki kad\u0131n \u00fcreticileri destekliyor. Hediyelik e\u015fya, el sanatlar\u0131 ve y\u00f6resel lezzetlerin sunuldu\u011fu stantlar, b\u00fcy\u00fck be\u011feni topluyor. \u00c7ocuklar i\u00e7in d\u00fczenlenen \u00f6zel aktivitelerin de yer ald\u0131\u011f\u0131 etkinlik ile kad\u0131n eme\u011fine vurgu yap\u0131l\u0131yor. Toroslar Belediyesi Kad\u0131n ve Aile Hizmetleri M\u00fcd\u00fcrl\u00fc\u011f\u00fc&#8217;n\u00fcn koordinesinde, hafta sonu H\u00fcseyin Okan Merzeci Mahallesi&#8217;ndeki Toroslar Amfi [&hellip;]<\/p>\n","protected":false},"author":2,"featured_media":38120,"comment_status":"closed","ping_status":"closed","sticky":false,"template":"","format":"standard","meta":{"footnotes":""},"categories":[3],"tags":[],"class_list":["post-38119","post","type-post","status-publish","format-standard","has-post-thumbnail","hentry","category-manset"],"views":6,"_links":{"self":[{"href":"https:\/\/mersinkadingazetesi.com\/index.php?rest_route=\/wp\/v2\/posts\/38119"}],"collection":[{"href":"https:\/\/mersinkadingazetesi.com\/index.php?rest_route=\/wp\/v2\/posts"}],"about":[{"href":"https:\/\/mersinkadingazetesi.com\/index.php?rest_route=\/wp\/v2\/types\/post"}],"author":[{"embeddable":true,"href":"https:\/\/mersinkadingazetesi.com\/index.php?rest_route=\/wp\/v2\/users\/2"}],"replies":[{"embeddable":true,"href":"https:\/\/mersinkadingazetesi.com\/index.php?rest_route=%2Fwp%2Fv2%2Fcomments&post=38119"}],"version-history":[{"count":1,"href":"https:\/\/mersinkadingazetesi.com\/index.php?rest_route=\/wp\/v2\/posts\/38119\/revisions"}],"predecessor-version":[{"id":38121,"href":"https:\/\/mersinkadingazetesi.com\/index.php?rest_route=\/wp\/v2\/posts\/38119\/revisions\/38121"}],"wp:featuredmedia":[{"embeddable":true,"href":"https:\/\/mersinkadingazetesi.com\/index.php?rest_route=\/wp\/v2\/media\/38120"}],"wp:attachment":[{"href":"https:\/\/mersinkadingazetesi.com\/index.php?rest_route=%2Fwp%2Fv2%2Fmedia&parent=38119"}],"wp:term":[{"taxonomy":"category","embeddable":true,"href":"https:\/\/mersinkadingazetesi.com\/index.php?rest_route=%2Fwp%2Fv2%2Fcategories&post=38119"},{"taxonomy":"post_tag","embeddable":true,"href":"https:\/\/mersinkadingazetesi.com\/index.php?rest_route=%2Fwp%2Fv2%2Ftags&post=38119"}],"curies":[{"name":"wp","href":"https:\/\/api.w.org\/{rel}","templated":true}]}}