{"id":38122,"date":"2024-12-23T15:52:53","date_gmt":"2024-12-23T12:52:53","guid":{"rendered":"https:\/\/mersinkadingazetesi.com\/?p=38122"},"modified":"2024-12-23T15:52:54","modified_gmt":"2024-12-23T12:52:54","slug":"altindere-hukuk-burosu-ve-altindere-sirketler-grubu-25-yilini-gorkemli-bir-etkinlikle-kutladi","status":"publish","type":"post","link":"https:\/\/mersinkadingazetesi.com\/?p=38122","title":{"rendered":"Alt\u0131ndere Hukuk B\u00fcrosu ve Alt\u0131ndere \u015eirketler Grubu 25. Y\u0131l\u0131n\u0131 G\u00f6rkemli Bir Etkinlikle Kutlad\u0131"},"content":{"rendered":"\n<p>Alt\u0131ndere Hukuk B\u00fcrosu ve Alt\u0131ndere \u015eirketler Grubu, 25 y\u0131ll\u0131k ba\u015far\u0131 dolu yolculu\u011funu ve yakla\u015fan yeni y\u0131l\u0131 g\u00f6rkemli bir etkinlikle kutlad\u0131. Mersin Divan Otel\u2019de d\u00fczenlenen gece, Alt\u0131ndere ailesi, i\u015f d\u00fcnyas\u0131n\u0131n \u00f6nemli isimleri ve \u00e7ok say\u0131da se\u00e7kin davetlinin kat\u0131l\u0131m\u0131yla ger\u00e7ekle\u015fti.<\/p>\n\n\n\n<p>Etkinlik konu\u015fan Alt\u0131ndere Hukuk ve Alt\u0131ndere \u015eirketler Grubu Kurucusu Avukat Murat Alt\u0131ndere, konu\u015fmas\u0131nda \u015fu s\u00f6zlere yer verdi:<br>\u201cBu gece, yaln\u0131zca bir y\u0131l d\u00f6n\u00fcm\u00fcn\u00fc kutlam\u0131yoruz. Ayn\u0131 zamanda bir \u00e7eyrek as\u0131rl\u0131k birikimi, ba\u015far\u0131y\u0131 ve topluma olan katk\u0131y\u0131 da onurland\u0131r\u0131yoruz. Bu ba\u015far\u0131 hik\u00e2yesinin temelinde kararl\u0131l\u0131k, disiplin ve topluma de\u011fer katma misyonu yat\u0131yor. Ancak bu ba\u015far\u0131lar, yaln\u0131zca bireysel \u00e7abalar\u0131n de\u011fil, uyum i\u00e7inde \u00e7al\u0131\u015fan g\u00fc\u00e7l\u00fc bir ekibin eseridir. Hepinize bu yolculukta yan\u0131m\u0131zda oldu\u011funuz i\u00e7in te\u015fekk\u00fcr ediyorum.\u201d<\/p>\n\n\n\n<p>\u201cGelece\u011fe G\u00fc\u00e7l\u00fc Ad\u0131mlarla\u201d<br>Alt\u0131ndere Hukuk B\u00fcrosu ve Alt\u0131ndere \u015eirketler Grubu, 25 y\u0131ll\u0131k ge\u00e7mi\u015fini onurland\u0131r\u0131rken gelece\u011fe dair hedeflerini de vurgulad\u0131. Avukat Murat Alt\u0131ndere, konu\u015fmas\u0131nda bu konuya da de\u011finerek, \u201cBug\u00fcn sadece ge\u00e7mi\u015fi de\u011fil, gelece\u011fi de kutluyoruz. Daha b\u00fcy\u00fck ba\u015far\u0131lar i\u00e7in \u00e7al\u0131\u015fmaya devam edece\u011fiz\u201d diyerek gelece\u011fe dair umut ve motivasyon dolu bir mesaj verdi.<\/p>\n\n\n\n<p>Alt\u0131ndere, ekibinin \u00f6zverili \u00e7al\u0131\u015fmalar\u0131n\u0131 takdir ederek, Alt\u0131ndere Hukuk B\u00fcrosu ve \u015eirketler Grubu y\u00f6neticilerine te\u015fekk\u00fcr plaketlerini takdim etti. T\u00f6renin ard\u0131ndan, 25. y\u0131l pastas\u0131 Alt\u0131ndere ailesi ve t\u00fcm davetliler taraf\u0131ndan co\u015fkuyla kesildi.<\/p>\n\n\n\n<p>Gecede sahne alan sanat\u00e7\u0131 Alper \u00d6nal, sevilen par\u00e7alar\u0131yla davetlilere keyifli anlar ya\u015fat\u0131rken, DJ Mustafa Cingiz\u2019in performans\u0131 ve oryantal \u015fovlar geceyi unutulmaz k\u0131ld\u0131.<\/p>\n\n\n\n<p>Alt\u0131ndere Hukuk B\u00fcrosu ve Alt\u0131ndere \u015eirketler Grubu, \u00e7eyrek as\u0131rl\u0131k tecr\u00fcbe ve ge\u00e7mi\u015ften ald\u0131\u011f\u0131 g\u00fc\u00e7le gelecekte de ba\u015far\u0131lar\u0131na yenilerini eklemeye devam edece\u011finin mesaj\u0131n\u0131 verdi.<\/p>\n\n\n\n<figure class=\"wp-block-image size-full\"><img loading=\"lazy\" decoding=\"async\" width=\"1600\" height=\"900\" src=\"http:\/\/mersinkadingazetesi.com\/wp-content\/uploads\/2024\/12\/WhatsApp-Image-2024-12-23-at-12.46.43.jpeg\" alt=\"\" class=\"wp-image-38123\" srcset=\"https:\/\/mersinkadingazetesi.com\/wp-content\/uploads\/2024\/12\/WhatsApp-Image-2024-12-23-at-12.46.43.jpeg 1600w, https:\/\/mersinkadingazetesi.com\/wp-content\/uploads\/2024\/12\/WhatsApp-Image-2024-12-23-at-12.46.43-400x225.jpeg 400w, https:\/\/mersinkadingazetesi.com\/wp-content\/uploads\/2024\/12\/WhatsApp-Image-2024-12-23-at-12.46.43-540x304.jpeg 540w\" sizes=\"(max-width: 1600px) 100vw, 1600px\" \/><\/figure>\n","protected":false},"excerpt":{"rendered":"<p>Alt\u0131ndere Hukuk B\u00fcrosu ve Alt\u0131ndere \u015eirketler Grubu, 25 y\u0131ll\u0131k ba\u015far\u0131 dolu yolculu\u011funu ve yakla\u015fan yeni y\u0131l\u0131 g\u00f6rkemli bir etkinlikle kutlad\u0131. Mersin Divan Otel\u2019de d\u00fczenlenen gece, Alt\u0131ndere ailesi, i\u015f d\u00fcnyas\u0131n\u0131n \u00f6nemli isimleri ve \u00e7ok say\u0131da se\u00e7kin davetlinin kat\u0131l\u0131m\u0131yla ger\u00e7ekle\u015fti. Etkinlik konu\u015fan Alt\u0131ndere Hukuk ve Alt\u0131ndere \u015eirketler Grubu Kurucusu Avukat Murat Alt\u0131ndere, konu\u015fmas\u0131nda \u015fu s\u00f6zlere yer verdi:\u201cBu [&hellip;]<\/p>\n","protected":false},"author":2,"featured_media":38124,"comment_status":"closed","ping_status":"closed","sticky":false,"template":"","format":"standard","meta":{"footnotes":""},"categories":[34,1,2,3],"tags":[],"class_list":["post-38122","post","type-post","status-publish","format-standard","has-post-thumbnail","hentry","category-flas-haber","category-genel","category-gundem","category-manset"],"views":5,"_links":{"self":[{"href":"https:\/\/mersinkadingazetesi.com\/index.php?rest_route=\/wp\/v2\/posts\/38122"}],"collection":[{"href":"https:\/\/mersinkadingazetesi.com\/index.php?rest_route=\/wp\/v2\/posts"}],"about":[{"href":"https:\/\/mersinkadingazetesi.com\/index.php?rest_route=\/wp\/v2\/types\/post"}],"author":[{"embeddable":true,"href":"https:\/\/mersinkadingazetesi.com\/index.php?rest_route=\/wp\/v2\/users\/2"}],"replies":[{"embeddable":true,"href":"https:\/\/mersinkadingazetesi.com\/index.php?rest_route=%2Fwp%2Fv2%2Fcomments&post=38122"}],"version-history":[{"count":1,"href":"https:\/\/mersinkadingazetesi.com\/index.php?rest_route=\/wp\/v2\/posts\/38122\/revisions"}],"predecessor-version":[{"id":38125,"href":"https:\/\/mersinkadingazetesi.com\/index.php?rest_route=\/wp\/v2\/posts\/38122\/revisions\/38125"}],"wp:featuredmedia":[{"embeddable":true,"href":"https:\/\/mersinkadingazetesi.com\/index.php?rest_route=\/wp\/v2\/media\/38124"}],"wp:attachment":[{"href":"https:\/\/mersinkadingazetesi.com\/index.php?rest_route=%2Fwp%2Fv2%2Fmedia&parent=38122"}],"wp:term":[{"taxonomy":"category","embeddable":true,"href":"https:\/\/mersinkadingazetesi.com\/index.php?rest_route=%2Fwp%2Fv2%2Fcategories&post=38122"},{"taxonomy":"post_tag","embeddable":true,"href":"https:\/\/mersinkadingazetesi.com\/index.php?rest_route=%2Fwp%2Fv2%2Ftags&post=38122"}],"curies":[{"name":"wp","href":"https:\/\/api.w.org\/{rel}","templated":true}]}}