{"id":38129,"date":"2024-12-24T12:00:02","date_gmt":"2024-12-24T09:00:02","guid":{"rendered":"https:\/\/mersinkadingazetesi.com\/?p=38129"},"modified":"2024-12-24T12:00:03","modified_gmt":"2024-12-24T09:00:03","slug":"baskan-secerin-vefat-eden-kardesi-ugurcan-secerin-ucuncu-gun-mevlidi-yapildi","status":"publish","type":"post","link":"https:\/\/mersinkadingazetesi.com\/?p=38129","title":{"rendered":"BA\u015eKAN SE\u00c7ER&#8217;\u0130N VEFAT EDEN KARDE\u015e\u0130 U\u011eURCAN SE\u00c7ER&#8217;\u0130N \u00dc\u00c7\u00dcNC\u00dc G\u00dcN MEVL\u0130D\u0130 YAPILDI"},"content":{"rendered":"\n<p>Mersin B\u00fcy\u00fck\u015fehir Belediye Ba\u015fkan\u0131 Vahap Se\u00e7er&#8217;in vefat eden karde\u015fi U\u011furcan Se\u00e7er&#8217;in, \u00fc\u00e7\u00fcnc\u00fc g\u00fcn mevlidi yap\u0131ld\u0131.<\/p>\n\n\n\n<p>Tarsus \u0130l\u00e7esi Bah\u00e7e Mahallesi&#8217;nde yer alan Salon Yunus&#8217;ta ger\u00e7ekle\u015fen \u00fc\u00e7\u00fcnc\u00fc g\u00fcn mevlidinde Ba\u015fkan Se\u00e7er ve e\u015fi Meral Se\u00e7er&#8217;i; Adana B\u00fcy\u00fck\u015fehir Belediye Ba\u015fkan\u0131 Zeydan Karalar ve e\u015fi Nuray Karalar, Cumhuriyet Halk Partisi (CHP) Mersin Milletvekilleri G\u00fclcan K\u0131\u015f ile Talat Din\u00e7er, CHP Mersin \u0130l Ba\u015fkan\u0131 Koral \u00d6m\u00fcr, Tarsus Belediye Ba\u015fkan\u0131 Ali Bolta\u00e7, Mezitli Belediye Ba\u015fkan\u0131 Ahmet Serkan Tuncer, Mersin Adli Yarg\u0131 \u0130lk Derece Mahkemesi Adalet Komisyonu Ba\u015fkan\u0131 Mustafa Kahveci, Tarsus Ticaret ve Sanayi Odas\u0131 Ba\u015fkan\u0131 Ruhi Ko\u00e7ak, Mersin Tarsus Organize Sanayi B\u00f6lgesi Ba\u015fkan\u0131 Sabri Tekli, Mersin Esnaf ve Sanatkarlar\u0131 Odalar\u0131 Birli\u011fi Ba\u015fkan\u0131 Veysel Sar\u0131, farkl\u0131 illerin il\u00e7e ve belde belediye ba\u015fkanlar\u0131, ge\u00e7mi\u015f d\u00f6nem CHP milletvekilleri, siyasi partilerin temsilcileri, kamu kurumlar\u0131n\u0131n y\u00f6neticileri, meslek odas\u0131 ba\u015fkanlar\u0131, muhtarlar, STK temsilcileri, i\u015f ve siyaset d\u00fcnyas\u0131n\u0131n temsilcileri, \u00f6nceki d\u00f6nem ve mevcut Meclis \u00fcyeleri, \u00e7al\u0131\u015fma arkada\u015flar\u0131, aile \u00fcyeleri, Tarsuslular ve Mersinliler yaln\u0131z b\u0131rakmad\u0131.<\/p>\n\n\n\n<p>\u00dc\u00e7\u00fcnc\u00fc g\u00fcn mevlidinde Kur&#8217;an-\u0131 Kerim tilavetinin ard\u0131ndan dualar edildi. Okunan dualar\u0131n ard\u0131ndan ise yemek ikram\u0131 yap\u0131ld\u0131.<\/p>\n\n\n\n<p>Mevlid program\u0131, Ba\u015fkan Se\u00e7er ve aile \u00fcyelerinin taziyeleri kabul etmelerinin ard\u0131ndan sona erdi.<\/p>\n","protected":false},"excerpt":{"rendered":"<p>Mersin B\u00fcy\u00fck\u015fehir Belediye Ba\u015fkan\u0131 Vahap Se\u00e7er&#8217;in vefat eden karde\u015fi U\u011furcan Se\u00e7er&#8217;in, \u00fc\u00e7\u00fcnc\u00fc g\u00fcn mevlidi yap\u0131ld\u0131. Tarsus \u0130l\u00e7esi Bah\u00e7e Mahallesi&#8217;nde yer alan Salon Yunus&#8217;ta ger\u00e7ekle\u015fen \u00fc\u00e7\u00fcnc\u00fc g\u00fcn mevlidinde Ba\u015fkan Se\u00e7er ve e\u015fi Meral Se\u00e7er&#8217;i; Adana B\u00fcy\u00fck\u015fehir Belediye Ba\u015fkan\u0131 Zeydan Karalar ve e\u015fi Nuray Karalar, Cumhuriyet Halk Partisi (CHP) Mersin Milletvekilleri G\u00fclcan K\u0131\u015f ile Talat Din\u00e7er, CHP [&hellip;]<\/p>\n","protected":false},"author":2,"featured_media":38130,"comment_status":"closed","ping_status":"closed","sticky":false,"template":"","format":"standard","meta":{"footnotes":""},"categories":[3],"tags":[],"class_list":["post-38129","post","type-post","status-publish","format-standard","has-post-thumbnail","hentry","category-manset"],"views":7,"_links":{"self":[{"href":"https:\/\/mersinkadingazetesi.com\/index.php?rest_route=\/wp\/v2\/posts\/38129"}],"collection":[{"href":"https:\/\/mersinkadingazetesi.com\/index.php?rest_route=\/wp\/v2\/posts"}],"about":[{"href":"https:\/\/mersinkadingazetesi.com\/index.php?rest_route=\/wp\/v2\/types\/post"}],"author":[{"embeddable":true,"href":"https:\/\/mersinkadingazetesi.com\/index.php?rest_route=\/wp\/v2\/users\/2"}],"replies":[{"embeddable":true,"href":"https:\/\/mersinkadingazetesi.com\/index.php?rest_route=%2Fwp%2Fv2%2Fcomments&post=38129"}],"version-history":[{"count":1,"href":"https:\/\/mersinkadingazetesi.com\/index.php?rest_route=\/wp\/v2\/posts\/38129\/revisions"}],"predecessor-version":[{"id":38131,"href":"https:\/\/mersinkadingazetesi.com\/index.php?rest_route=\/wp\/v2\/posts\/38129\/revisions\/38131"}],"wp:featuredmedia":[{"embeddable":true,"href":"https:\/\/mersinkadingazetesi.com\/index.php?rest_route=\/wp\/v2\/media\/38130"}],"wp:attachment":[{"href":"https:\/\/mersinkadingazetesi.com\/index.php?rest_route=%2Fwp%2Fv2%2Fmedia&parent=38129"}],"wp:term":[{"taxonomy":"category","embeddable":true,"href":"https:\/\/mersinkadingazetesi.com\/index.php?rest_route=%2Fwp%2Fv2%2Fcategories&post=38129"},{"taxonomy":"post_tag","embeddable":true,"href":"https:\/\/mersinkadingazetesi.com\/index.php?rest_route=%2Fwp%2Fv2%2Ftags&post=38129"}],"curies":[{"name":"wp","href":"https:\/\/api.w.org\/{rel}","templated":true}]}}