{"id":38135,"date":"2024-12-24T12:04:22","date_gmt":"2024-12-24T09:04:22","guid":{"rendered":"https:\/\/mersinkadingazetesi.com\/?p=38135"},"modified":"2024-12-24T12:04:23","modified_gmt":"2024-12-24T09:04:23","slug":"buyuksehir-yeni-yil-enerjisini-tum-kente-yaydi","status":"publish","type":"post","link":"https:\/\/mersinkadingazetesi.com\/?p=38135","title":{"rendered":"B\u00dcY\u00dcK\u015eEH\u0130R, YEN\u0130 YIL ENERJ\u0130S\u0130N\u0130 T\u00dcM KENTE YAYDI"},"content":{"rendered":"\n<p>Mersin B\u00fcy\u00fck\u015fehir Belediyesi&#8217;nin \u00d6zgecan Aslan Bar\u0131\u015f Meydan\u0131&#8217;na kurdu\u011fu Y\u0131lba\u015f\u0131 Pazar\u0131 ile Mersin&#8217;i yeni y\u0131l ruhu, heyecan\u0131 ve ne\u015fesi sard\u0131. Kentin farkl\u0131 lokasyonlar\u0131na yeni y\u0131l temas\u0131yla kurulan stantlar\u0131n yan\u0131 s\u0131ra, \u00d6zgecan Aslan Bar\u0131\u015f Meydan\u0131&#8217;ndaki Y\u0131lba\u015f\u0131 Pazar\u0131 da Mersinlilere 2025 heyecan\u0131n\u0131 ya\u015fat\u0131yor. K\u00fclt\u00fcr ve Sosyal \u0130\u015fler Dairesi Ba\u015fkanl\u0131\u011f\u0131 taraf\u0131ndan organize edilen ve 75 stand\u0131n bulundu\u011fu Y\u0131lba\u015f\u0131 Pazar\u0131&#8217;nda yeni y\u0131l temal\u0131 hediyelik e\u015fyalar\u0131n sat\u0131ld\u0131\u011f\u0131 stantlar\u0131n yan\u0131 s\u0131ra, yiyecek ve i\u00e7ecek stantlar\u0131 da bulunuyor. Alana kurulan devasa \u00e7am a\u011fac\u0131 ile atl\u0131kar\u0131nca da hem vatanda\u015flardan, hem de \u00e7ocuklardan yo\u011fun ilgi g\u00f6r\u00fcyor.<\/p>\n\n\n\n<p>Kurulan sahnede danslar, interaktif oyunlar ve mini konserler veriliyor. 31 Aral\u0131k&#8217;a kadar a\u00e7\u0131k olacak olan pazarda her g\u00fcn farkl\u0131 bir yerel sanat\u00e7\u0131 ve Mersin B\u00fcy\u00fck\u015fehir Belediyesi Kent Orkestras\u0131 sahne alacak. Herkese ve her kesime hitap eden stantlar\u0131n oldu\u011fu B\u00fcy\u00fck\u015fehir Y\u0131lba\u015f\u0131 Pazar\u0131, Mersinlilere rengarenk g\u00fcnler ya\u015fat\u0131yor.<\/p>\n\n\n\n<p><strong>&#8220;Pazar \u00e7ok ho\u015fumuza gitti, ne ararsan var&#8221;<\/strong><\/p>\n\n\n\n<p>Y\u0131lba\u015f\u0131 Pazar\u0131&#8217;n\u0131 ziyaret eden vatanda\u015flardan Belgin Day\u0131, \u00e7ok be\u011fendi\u011fini ifade ederek,&nbsp;<strong>&#8220;Harika, muhte\u015fem. Herkese hay\u0131rl\u0131, u\u011furlu, bol \u015fansl\u0131 ve kazan\u00e7l\u0131 bir y\u0131l diliyorum&#8221;&nbsp;<\/strong>dedi.<\/p>\n\n\n\n<p>Ay\u015fe R\u00fcveyde Duru da y\u0131lba\u015f\u0131 ruhunu B\u00fcy\u00fck\u015fehir&#8217;in Y\u0131lba\u015f\u0131 Pazar\u0131&#8217;nda bulanlardan. Duru,&nbsp;<strong>&#8220;Muhte\u015fem, \u00e7ok g\u00fczel olmu\u015f. Geldim geleli geziyorum. Ayaklar\u0131m a\u011fr\u0131d\u0131, yine de \u00e7\u0131kam\u0131yorum buradan. \u00c7ok ho\u015fumuza gitti, ne ararsan var. Her \u015fey \u00e7ok g\u00fczel. Vahap Ba\u015fkan\u0131m\u0131z oldu\u011fu m\u00fcddet\u00e7e, Mersin muhte\u015fem&#8221;&nbsp;<\/strong>ifadelerini kulland\u0131.<\/p>\n\n\n\n<p><strong>&#8220;Kurulan pazar, tam olarak y\u0131lba\u015f\u0131 ruhunu yans\u0131t\u0131yor&#8221;<\/strong><\/p>\n\n\n\n<p>Fato\u015f Turgay da Y\u0131lba\u015f\u0131 Pazar\u0131&#8217;n\u0131 gezen vatanda\u015flardan. Pazar\u0131 \u00e7ok be\u011fendi\u011fini dile getiren Turgay,&nbsp;<strong>&#8220;Tam bir y\u0131lba\u015f\u0131 k\u00f6y\u00fc olmu\u015f. Her \u015fey rengarenk. Y\u0131lba\u015f\u0131 ruhunu ald\u0131k. Hatta \u015fu anda&nbsp;<em>&#8216;y\u0131lba\u015f\u0131 k\u0131yafeti giyseydik ke\u015fke&#8217;<\/em>&nbsp;diyorum. O derece keyifli, g\u00fczel bir ortam&#8221;&nbsp;<\/strong>diye konu\u015ftu.<\/p>\n\n\n\n<p>Alanda stant a\u00e7an ve evcil hayvan e\u015fyalar\u0131 satan R\u00fczgar G\u00fcne\u015f de ilginin yo\u011fun oldu\u011funu belirterek,&nbsp;<strong>&#8220;Gayet g\u00fczel gidiyor. Yeni \u00fcr\u00fcnlerimiz geldi\u011fi i\u00e7in ilgi de yo\u011fun. O y\u00fczden mutluyuz. Yeni y\u0131lda bar\u0131\u015f, kad\u0131nlar i\u00e7in daha fazla ayr\u0131cal\u0131k ve mutluluk diliyorum. \u00c7\u00fcnk\u00fc son y\u0131llarda hem kad\u0131nlar hem \u00e7ocuklar \u00e7ok \u00fcz\u00fcl\u00fcyor. Bize, daha mutlu seneler diliyorum&#8221;<\/strong>&nbsp;ifadelerini kulland\u0131.<\/p>\n\n\n\n<p><strong>&#8220;Pazarda yeni y\u0131l\u0131 anlatacak bir\u00e7ok g\u00fczel \u015fey var&#8221;<\/strong><\/p>\n\n\n\n<p>Pazara 2 k\u0131z\u0131yla birlikte gelen Sabahat K\u00fc\u00e7\u00fck,&nbsp;<strong>&#8220;\u0130lk defa geliyorum. M\u00fckemmel. \u00d6ncelikle belediye ba\u015fkan\u0131m\u0131z\u0131 ger\u00e7ekten tebrik ediyorum. \u0130htiyac\u0131 olan bir\u00e7ok insana dokunuyor. Onu \u00e7ok seviyoruz&#8221;<\/strong>&nbsp;dedi. Hatay depreminden sonra Mersin&#8217;e geldiklerini s\u00f6yleyen K\u00fc\u00e7\u00fck,&nbsp;&nbsp;<strong>&#8220;\u0130lk geldi\u011fimiz d\u00f6nemden \u015fu ana kadar da yard\u0131mlar\u0131n\u0131 kesmedi. O&#8217;nun gibi g\u00fczel insanlar daha da \u00e7o\u011fals\u0131n&#8221;<\/strong>&nbsp;ifadelerine yer verdi.<\/p>\n\n\n\n<p>Sabahat K\u00fc\u00e7\u00fck&#8217;\u00fcn k\u0131z\u0131 Kumsal K\u00fc\u00e7\u00fck ise pazar\u0131 \u00e7ok sevdi\u011fini belirterek,&nbsp;<strong>&#8220;\u00c7ok be\u011fendim, \u00e7ok g\u00fczel olmu\u015f. \u00c7o\u011fu \u015fey dikkatimi \u00e7ekti ve buray\u0131 \u00e7ok sevdim&#8221;<\/strong>&nbsp;derken, ablas\u0131 Derin K\u00fc\u00e7\u00fck de&nbsp;<strong>&#8220;Buray\u0131 \u00e7ok sevdim, \u00e7ok g\u00fczel. Yeni y\u0131l\u0131 anlatacak bir\u00e7ok g\u00fczel \u015fey var. \u0130n\u015fallah g\u00fczel, sa\u011fl\u0131kl\u0131, keyifli, mutlu bir y\u0131l ge\u00e7er&#8221;<\/strong>&nbsp;dedi.<\/p>\n\n\n\n<p>Y\u0131lba\u015f\u0131 Pazar\u0131&#8217;n\u0131 gezen vatanda\u015flardan Fatma Kurun da&nbsp;<strong>&#8220;Pazar\u0131 \u00e7ok g\u00fczel buldum. Her \u015fey dikkatimi \u00e7ekti. E\u011flenceli&#8221;&nbsp;<\/strong>derken, 2025 y\u0131l\u0131 i\u00e7in dileklerini&nbsp;<strong>&#8220;Sa\u011fl\u0131k, mutluluk ve huzur diliyorum&#8221;&nbsp;<\/strong>dedi<\/p>\n\n\n\n<p><strong>&#8220;2025&#8217;in hepimize g\u00fczel enerjiler getirmesini umuyorum&#8221;<\/strong><\/p>\n\n\n\n<p>Y\u0131lba\u015f\u0131 Pazar\u0131&#8217;n\u0131n kendisini \u00e7ok heyecanland\u0131rd\u0131\u011f\u0131n\u0131 ifade eden ve 12 y\u0131l \u00f6nce Romanya&#8217;dan gelerek Mersin&#8217;e yerle\u015fti\u011fini kaydeden Maria S\u00fcheyla \u00c7i\u00e7ek,&nbsp;<strong>&#8220;Burada Y\u0131lba\u015f\u0131 Pazar\u0131 oldu\u011funu duyunca hemen geldim. Bizim orada Noel \u00e7ok me\u015fhurdur, benim de en sevdi\u011fim bayram oldu\u011fu i\u00e7in hemen buraya ko\u015ftum&#8221;&nbsp;<\/strong>derken, pazar\u0131n y\u0131lba\u015f\u0131 ruhunu \u00e7ok iyi yans\u0131tt\u0131\u011f\u0131n\u0131 belirtti. \u00c7i\u00e7ek,&nbsp;<strong>&#8220;\u00c7oktand\u0131r b\u00f6yle bir hava alm\u0131yordum. Buraya gelmek i\u00e7imi huzurla doldurdu. Bunun gibi etkinliklerin olmas\u0131 muhte\u015fem bir \u015fey. 2025&#8217;in hepimize g\u00fczel enerjiler getirmesini umuyorum. Umar\u0131m hepimiz i\u00e7in sa\u011fl\u0131kl\u0131, g\u00fczel, huzurlu, mutlu bir y\u0131l olur&#8221;<\/strong>&nbsp;dedi.<\/p>\n\n\n\n<p><strong>&#8220;Geni\u015f bir alanda, g\u00fczel bir atmosfer olmu\u015f&#8221;<\/strong><\/p>\n\n\n\n<p>Pazar\u0131 be\u011fendi\u011fini ifade eden gen\u00e7lerden O\u011fuzhan Sar\u0131c\u0131o\u011flu,&nbsp;<strong>&#8220;Pazar\u0131 \u00e7ok be\u011fendim, gayet \u00e7e\u015fitli. Annemle birlikte geldik, yemek yedik. \u015eu anda geziyor ve inceliyoruz. Mersin i\u00e7in g\u00fczel oldu&#8221;&nbsp;<\/strong>\u015feklinde konu\u015ftu.<\/p>\n\n\n\n<p>\u00c7ocuklar\u0131yla birlikte Y\u0131lba\u015f\u0131 Pazar\u0131&#8217;n\u0131 gezen Abdullah \u00d6zbek ise,&nbsp;&nbsp;<strong>&#8220;\u00c7ocuklar atl\u0131kar\u0131ncaya bindiler, \u00e7ok be\u011fendiler. G\u00fczel, geni\u015f bir alana sahip. Sahilde ve yiyecek, i\u00e7ecek b\u00f6l\u00fcm\u00fcn\u00fcn olmas\u0131 art\u0131 bir avantaj. G\u00fczel bir atmosfer olmu\u015f&#8221;&nbsp;<\/strong>ifadelerini kulland\u0131.<\/p>\n","protected":false},"excerpt":{"rendered":"<p>Mersin B\u00fcy\u00fck\u015fehir Belediyesi&#8217;nin \u00d6zgecan Aslan Bar\u0131\u015f Meydan\u0131&#8217;na kurdu\u011fu Y\u0131lba\u015f\u0131 Pazar\u0131 ile Mersin&#8217;i yeni y\u0131l ruhu, heyecan\u0131 ve ne\u015fesi sard\u0131. Kentin farkl\u0131 lokasyonlar\u0131na yeni y\u0131l temas\u0131yla kurulan stantlar\u0131n yan\u0131 s\u0131ra, \u00d6zgecan Aslan Bar\u0131\u015f Meydan\u0131&#8217;ndaki Y\u0131lba\u015f\u0131 Pazar\u0131 da Mersinlilere 2025 heyecan\u0131n\u0131 ya\u015fat\u0131yor. K\u00fclt\u00fcr ve Sosyal \u0130\u015fler Dairesi Ba\u015fkanl\u0131\u011f\u0131 taraf\u0131ndan organize edilen ve 75 stand\u0131n bulundu\u011fu Y\u0131lba\u015f\u0131 Pazar\u0131&#8217;nda [&hellip;]<\/p>\n","protected":false},"author":2,"featured_media":38136,"comment_status":"closed","ping_status":"closed","sticky":false,"template":"","format":"standard","meta":{"footnotes":""},"categories":[3],"tags":[],"class_list":["post-38135","post","type-post","status-publish","format-standard","has-post-thumbnail","hentry","category-manset"],"views":7,"_links":{"self":[{"href":"https:\/\/mersinkadingazetesi.com\/index.php?rest_route=\/wp\/v2\/posts\/38135"}],"collection":[{"href":"https:\/\/mersinkadingazetesi.com\/index.php?rest_route=\/wp\/v2\/posts"}],"about":[{"href":"https:\/\/mersinkadingazetesi.com\/index.php?rest_route=\/wp\/v2\/types\/post"}],"author":[{"embeddable":true,"href":"https:\/\/mersinkadingazetesi.com\/index.php?rest_route=\/wp\/v2\/users\/2"}],"replies":[{"embeddable":true,"href":"https:\/\/mersinkadingazetesi.com\/index.php?rest_route=%2Fwp%2Fv2%2Fcomments&post=38135"}],"version-history":[{"count":1,"href":"https:\/\/mersinkadingazetesi.com\/index.php?rest_route=\/wp\/v2\/posts\/38135\/revisions"}],"predecessor-version":[{"id":38137,"href":"https:\/\/mersinkadingazetesi.com\/index.php?rest_route=\/wp\/v2\/posts\/38135\/revisions\/38137"}],"wp:featuredmedia":[{"embeddable":true,"href":"https:\/\/mersinkadingazetesi.com\/index.php?rest_route=\/wp\/v2\/media\/38136"}],"wp:attachment":[{"href":"https:\/\/mersinkadingazetesi.com\/index.php?rest_route=%2Fwp%2Fv2%2Fmedia&parent=38135"}],"wp:term":[{"taxonomy":"category","embeddable":true,"href":"https:\/\/mersinkadingazetesi.com\/index.php?rest_route=%2Fwp%2Fv2%2Fcategories&post=38135"},{"taxonomy":"post_tag","embeddable":true,"href":"https:\/\/mersinkadingazetesi.com\/index.php?rest_route=%2Fwp%2Fv2%2Ftags&post=38135"}],"curies":[{"name":"wp","href":"https:\/\/api.w.org\/{rel}","templated":true}]}}