{"id":38138,"date":"2024-12-24T12:06:36","date_gmt":"2024-12-24T09:06:36","guid":{"rendered":"https:\/\/mersinkadingazetesi.com\/?p=38138"},"modified":"2024-12-24T12:06:37","modified_gmt":"2024-12-24T09:06:37","slug":"cumhurbaskani-emekli-yili-dedi-emekli-kirasini-bile-odeyemez-hale-geldi","status":"publish","type":"post","link":"https:\/\/mersinkadingazetesi.com\/?p=38138","title":{"rendered":"Cumhurba\u015fkan\u0131 &#8216;Emekli Y\u0131l\u0131&#8217; Dedi, Emekli Kiras\u0131n\u0131 Bile \u00d6deyemez Hale Geldi!"},"content":{"rendered":"\n<p>CHP Mersin Milletvekili G\u00fclcan K\u0131\u015f, Cumhurba\u015fkan\u0131&#8217;n\u0131n y\u0131l\u0131n ba\u015f\u0131nda &#8220;2024 y\u0131l\u0131 emekli y\u0131l\u0131 olacak&#8221; a\u00e7\u0131klamas\u0131na at\u0131fta bulunarak sert ele\u015ftirilerde bulundu. G\u00fclcan K\u0131\u015f, &#8220;Cumhurba\u015fkan\u0131 &#8216;Emekli Y\u0131l\u0131&#8217; dedi, ama emekli kiras\u0131n\u0131 bile \u00f6deyemez hale geldi!&#8221; diyerek iktidar\u0131n ekonomi politikalar\u0131na tepki g\u00f6sterdi.<\/p>\n\n\n\n<p><strong>&#8220;2024 Emekli Y\u0131l\u0131 De\u011fil, Fatura Y\u0131l\u0131 Oldu&#8221;<\/strong><\/p>\n\n\n\n<p>CHP&#8217;li G\u00fclcan K\u0131\u015f, 2024&#8217;\u00fcn emekliler i\u00e7in umut y\u0131l\u0131 olmas\u0131 beklenirken, tam aksine b\u00fcy\u00fck bir ekonomik \u00e7\u00f6k\u00fc\u015f y\u0131l\u0131na d\u00f6n\u00fc\u015ft\u00fc\u011f\u00fcn\u00fc belirtti. &#8220;2024 Emekli Y\u0131l\u0131 slogan\u0131yla geldi, ama ger\u00e7ekte bu y\u0131l, emeklinin s\u0131rt\u0131na daha fazla y\u00fck bindirilen bir fatura y\u0131l\u0131 oldu!&#8221; ifadelerini kullanan G\u00fclcan K\u0131\u015f, emeklilerin ya\u015fam ko\u015fullar\u0131n\u0131n g\u00fcn ge\u00e7tik\u00e7e k\u00f6t\u00fcle\u015fti\u011fini dile getirdi.<\/p>\n\n\n\n<p><strong>Emeklinin Milli Gelirden Ald\u0131\u011f\u0131 Pay Eriyor<\/strong><\/p>\n\n\n\n<p>G\u00fclcan K\u0131\u015f, T\u00dc\u0130K verilerine dayanarak emeklilerin milli gelirden ald\u0131\u011f\u0131 pay\u0131n her ge\u00e7en y\u0131l daha da d\u00fc\u015ft\u00fc\u011f\u00fcn\u00fc vurgulad\u0131. &#8220;2019 y\u0131l\u0131nda emeklilere yap\u0131lan harcamalar\u0131n GSYH&#8217;ye oran\u0131 %6,1 iken, bu oran 2023 y\u0131l\u0131nda %4,4&#8217;e geriledi. Bu sadece bir oran de\u011fil, emeklilere reva g\u00f6r\u00fclen ya\u015fam\u0131n \u00f6zetidir. Y\u0131llarca al\u0131n teri d\u00f6ken insanlar, \u015fimdi a\u00e7l\u0131k s\u0131n\u0131r\u0131n\u0131n alt\u0131nda bir hayat s\u00fcrmeye mahkum ediliyor!&#8221; dedi.<\/p>\n\n\n\n<p><strong>&#8220;Say\u0131lar Art\u0131yor Ama Refah D\u00fc\u015f\u00fcyor&#8221;<\/strong><\/p>\n\n\n\n<p>G\u00fclcan K\u0131\u015f, T\u00dc\u0130K&#8217;in sosyal koruma harcamalar\u0131na ili\u015fkin verilerini de ele\u015ftirdi. &#8220;\u0130ktidar, sosyal koruma harcamalar\u0131n\u0131n GSYH&#8217;nin %10,1&#8217;ine ula\u015ft\u0131\u011f\u0131n\u0131 \u00f6v\u00fcnerek a\u00e7\u0131kl\u0131yor. Ancak bu harcamalar\u0131n %98,2&#8217;si sosyal yard\u0131mlar ad\u0131 alt\u0131nda yap\u0131l\u0131yor. Ger\u00e7ek \u015fu ki, yard\u0131mlar art\u0131yor ama refah artm\u0131yor! Maa\u015f alan ki\u015fi say\u0131s\u0131 16 milyon 893 bine \u00e7\u0131km\u0131\u015f. Bu, halk\u0131n daha da yoksulla\u015ft\u0131\u011f\u0131n\u0131n a\u00e7\u0131k bir g\u00f6stergesi. Yard\u0131mlar\u0131n b\u00fcy\u00fck k\u0131sm\u0131 \u015fartl\u0131, geri kalan\u0131 ise sadece bireylerden ve i\u015fverenlerden toplanan katk\u0131larla sa\u011flan\u0131yor&#8221; diyerek, sosyal devlet anlay\u0131\u015f\u0131n\u0131n zay\u0131flad\u0131\u011f\u0131n\u0131 belirtti.<\/p>\n\n\n\n<p><strong>Mersin&#8217;de Emeklinin Durumu<\/strong><\/p>\n\n\n\n<p>Mersin&#8217;de kira fiyatlar\u0131n\u0131n h\u0131zla y\u00fckseldi\u011fine dikkat \u00e7eken CHP Mersin Milletvekili G\u00fclcan K\u0131\u015f, &#8220;Mersin&#8217;de ortalama kira 17.722 TL. Bir emekli \u00e7ift, maa\u015flar\u0131n\u0131 birle\u015ftirse dahi zar zor kiras\u0131n\u0131 \u00f6deyebiliyor. Kira \u00f6dedikten sonra g\u0131da m\u0131 als\u0131n, elektrik ve su faturalar\u0131n\u0131 m\u0131 \u00f6desin, yoksa ila\u00e7 paras\u0131n\u0131 m\u0131 denkle\u015ftirsin? Bu nas\u0131l bir vicdan, bu nas\u0131l bir ekonomi y\u00f6netimi?&#8221; diye sordu.<\/p>\n\n\n\n<p><strong>&#8220;12.500 TL Masal\u0131&#8221;<\/strong><\/p>\n\n\n\n<p>G\u00fclcan K\u0131\u015f, en d\u00fc\u015f\u00fck emekli maa\u015f\u0131n\u0131n 12.500 TL olarak a\u00e7\u0131klanmas\u0131n\u0131n yan\u0131lt\u0131c\u0131 oldu\u011funu da vurgulad\u0131. &#8220;Bir\u00e7ok emekli, k\u00f6k maa\u015flar\u0131n\u0131n \u00e7ok daha d\u00fc\u015f\u00fck oldu\u011funu biliyor. Hazine deste\u011fiyle bu tutara \u00e7\u0131kart\u0131lm\u0131\u015f maa\u015flar bile ger\u00e7e\u011fi yans\u0131tm\u0131yor. Emekli, b\u0131rak\u0131n ge\u00e7inmeyi, nefes bile alamaz durumda!&#8221; dedi.<\/p>\n\n\n\n<p><strong>B\u00fcy\u00fck\u015fehirlerde de Durum Farkl\u0131 De\u011fil<\/strong><\/p>\n\n\n\n<p>CHP&#8217;li G\u00fclcan K\u0131\u015f, \u0130stanbul, Ankara ve \u0130zmir gibi b\u00fcy\u00fck\u015fehirlerde de emeklilerin benzer sorunlarla kar\u015f\u0131la\u015ft\u0131\u011f\u0131n\u0131 s\u00f6yledi. &#8220;\u0130stanbul&#8217;da ortalama kira 24.989 TL&#8217;ye ula\u015fm\u0131\u015f. Ankara&#8217;da 21.247 TL, \u0130zmir&#8217;de ise 23.728 TL. Sa\u011flanan kira destekleri ise yaln\u0131zca komik bir rakamdan ibaret. Bu tablo, iktidar\u0131n halk\u0131n ger\u00e7eklerinden ne kadar kopuk oldu\u011funu g\u00f6steriyor!&#8221; dedi.<\/p>\n\n\n\n<p><strong>&#8220;Halk Yoksullukla Bo\u011fu\u015furken \u0130ktidar Seyrediyor&#8221;<\/strong><\/p>\n\n\n\n<p>CHP Mersin Milletvekili G\u00fclcan K\u0131\u015f, iktidar\u0131n halk\u0131n s\u0131rt\u0131na y\u00fck bindirmeye devam etti\u011fini s\u00f6yleyerek, &#8220;Sosyal koruma harcamalar\u0131n\u0131n %39,6&#8217;s\u0131n\u0131 devlet kar\u015f\u0131l\u0131yor ama geri kalan y\u00fck, bireylerin ve i\u015fverenlerin s\u0131rt\u0131na b\u0131rak\u0131lm\u0131\u015f. Bu tablo, iktidar\u0131n halk\u0131n y\u00fck\u00fcn\u00fc art\u0131rd\u0131\u011f\u0131n\u0131, sosyal devlet anlay\u0131\u015f\u0131n\u0131 terk etti\u011fini a\u00e7\u0131k\u00e7a g\u00f6steriyor. Halk yoksullukla bo\u011fu\u015furken, saray\u0131nda l\u00fcks i\u00e7inde ya\u015fayan bu iktidar sand\u0131kta hesab\u0131n\u0131 verecek!&#8221; diyerek s\u00f6zlerini tamamlad\u0131.<\/p>\n","protected":false},"excerpt":{"rendered":"<p>CHP Mersin Milletvekili G\u00fclcan K\u0131\u015f, Cumhurba\u015fkan\u0131&#8217;n\u0131n y\u0131l\u0131n ba\u015f\u0131nda &#8220;2024 y\u0131l\u0131 emekli y\u0131l\u0131 olacak&#8221; a\u00e7\u0131klamas\u0131na at\u0131fta bulunarak sert ele\u015ftirilerde bulundu. G\u00fclcan K\u0131\u015f, &#8220;Cumhurba\u015fkan\u0131 &#8216;Emekli Y\u0131l\u0131&#8217; dedi, ama emekli kiras\u0131n\u0131 bile \u00f6deyemez hale geldi!&#8221; diyerek iktidar\u0131n ekonomi politikalar\u0131na tepki g\u00f6sterdi. &#8220;2024 Emekli Y\u0131l\u0131 De\u011fil, Fatura Y\u0131l\u0131 Oldu&#8221; CHP&#8217;li G\u00fclcan K\u0131\u015f, 2024&#8217;\u00fcn emekliler i\u00e7in umut y\u0131l\u0131 olmas\u0131 beklenirken, [&hellip;]<\/p>\n","protected":false},"author":2,"featured_media":38012,"comment_status":"closed","ping_status":"closed","sticky":false,"template":"","format":"standard","meta":{"footnotes":""},"categories":[2,3],"tags":[],"class_list":["post-38138","post","type-post","status-publish","format-standard","has-post-thumbnail","hentry","category-gundem","category-manset"],"views":2,"_links":{"self":[{"href":"https:\/\/mersinkadingazetesi.com\/index.php?rest_route=\/wp\/v2\/posts\/38138"}],"collection":[{"href":"https:\/\/mersinkadingazetesi.com\/index.php?rest_route=\/wp\/v2\/posts"}],"about":[{"href":"https:\/\/mersinkadingazetesi.com\/index.php?rest_route=\/wp\/v2\/types\/post"}],"author":[{"embeddable":true,"href":"https:\/\/mersinkadingazetesi.com\/index.php?rest_route=\/wp\/v2\/users\/2"}],"replies":[{"embeddable":true,"href":"https:\/\/mersinkadingazetesi.com\/index.php?rest_route=%2Fwp%2Fv2%2Fcomments&post=38138"}],"version-history":[{"count":1,"href":"https:\/\/mersinkadingazetesi.com\/index.php?rest_route=\/wp\/v2\/posts\/38138\/revisions"}],"predecessor-version":[{"id":38139,"href":"https:\/\/mersinkadingazetesi.com\/index.php?rest_route=\/wp\/v2\/posts\/38138\/revisions\/38139"}],"wp:featuredmedia":[{"embeddable":true,"href":"https:\/\/mersinkadingazetesi.com\/index.php?rest_route=\/wp\/v2\/media\/38012"}],"wp:attachment":[{"href":"https:\/\/mersinkadingazetesi.com\/index.php?rest_route=%2Fwp%2Fv2%2Fmedia&parent=38138"}],"wp:term":[{"taxonomy":"category","embeddable":true,"href":"https:\/\/mersinkadingazetesi.com\/index.php?rest_route=%2Fwp%2Fv2%2Fcategories&post=38138"},{"taxonomy":"post_tag","embeddable":true,"href":"https:\/\/mersinkadingazetesi.com\/index.php?rest_route=%2Fwp%2Fv2%2Ftags&post=38138"}],"curies":[{"name":"wp","href":"https:\/\/api.w.org\/{rel}","templated":true}]}}