{"id":38140,"date":"2024-12-24T12:08:11","date_gmt":"2024-12-24T09:08:11","guid":{"rendered":"https:\/\/mersinkadingazetesi.com\/?p=38140"},"modified":"2024-12-24T12:08:12","modified_gmt":"2024-12-24T09:08:12","slug":"meskinin-yagmursuyu-timleri-olusabilecek-problemleri-hizlica-onluyor","status":"publish","type":"post","link":"https:\/\/mersinkadingazetesi.com\/?p=38140","title":{"rendered":"MESK\u0130&#8217;N\u0130N YA\u011eMURSUYU T\u0130MLER\u0130 OLU\u015eAB\u0130LECEK PROBLEMLER\u0130 HIZLICA\u00a0\u00d6NL\u00dcYOR"},"content":{"rendered":"\n<p>Mersin B\u00fcy\u00fck\u015fehir Belediyesi ile Mersin Su ve Kanalizasyon \u0130daresi (MESK\u0130) Genel M\u00fcd\u00fcrl\u00fc\u011f\u00fc ekipleri, Meteoroloji Genel M\u00fcd\u00fcrl\u00fc\u011f\u00fc&#8217;n\u00fcn kuvvetli ya\u011f\u0131\u015f uyar\u0131s\u0131 \u00fczerine h\u0131zl\u0131ca organize olarak, harekete ge\u00e7ti.<\/p>\n\n\n\n<p>MESK\u0130 ya\u011fmursuyu T\u0130M&#8217;leri ile B\u00fcy\u00fck\u015fehir ekipleri Mersin&#8217;in t\u00fcm il\u00e7elerinde etkili olan \u015fiddetli ya\u011f\u0131\u015flar dolay\u0131s\u0131yla olu\u015fabilecek su ta\u015fk\u0131nlar\u0131na kar\u015f\u0131 \u00e7al\u0131\u015fmalar\u0131n\u0131 \u00f6zverili bir \u015fekilde s\u00fcrd\u00fcr\u00fcyor. Ekiplerin aral\u0131ks\u0131z \u00e7al\u0131\u015fmalar\u0131 sayesinde, kentte herhangi bir olumsuz durumla kar\u015f\u0131la\u015f\u0131lm\u0131yor.<\/p>\n\n\n\n<p><strong>MESK\u0130&#8217;nin h\u0131zl\u0131 m\u00fcdahalesi sayesinde olas\u0131 su bask\u0131nlar\u0131n\u0131n \u00f6n\u00fcne ge\u00e7iliyor<\/strong><\/p>\n\n\n\n<p>Ekipler, \u00f6zellikle kritik b\u00f6lgelerde ve TEKS\u0130N ALO 185 \u00e7a\u011fr\u0131 merkezine gelen talepler do\u011frultusunda \u00f6zverili bir \u015fekilde \u00e7al\u0131\u015f\u0131yor. Ya\u011fmursuyu altyap\u0131s\u0131 yat\u0131r\u0131mlar\u0131na devam eden MESK\u0130, titizlikle s\u00fcrd\u00fcrd\u00fc\u011f\u00fc hat ve \u0131zgara temizli\u011fi \u00e7al\u0131\u015fmalar\u0131 sayesinde yo\u011fun ya\u011f\u0131\u015flarda ya\u015fanabilecek olas\u0131 su bask\u0131nlar\u0131 ve ta\u015fk\u0131nlar\u0131na kar\u015f\u0131 da tedbir al\u0131yor.<\/p>\n\n\n\n<p>MESK\u0130&#8217;nin \u015fiddetli ya\u011f\u0131\u015flarda ya\u015fanabilecek muhtemel olumsuzluklara kar\u015f\u0131 geli\u015ftirdi\u011fi;&nbsp;<strong>&#8216;Planlama, Takip ve Zaman\u0131nda M\u00fcdahale Sistemi&#8217;<\/strong>&nbsp;sayesinde su bask\u0131n\u0131 ve ta\u015fk\u0131n gibi problemlerin \u00f6n\u00fcne ge\u00e7iliyor.&nbsp;&nbsp;Muhtelif cadde, sokak ve bulvarlarda meydana gelen su birikintilerine kar\u015f\u0131 h\u0131zl\u0131ca aksiyon alarak m\u00fcdahale eden MESK\u0130 ekipleri, sorunlu yerleri k\u0131sa s\u00fcrede trafi\u011fe uygun hale getiriyor.<\/p>\n\n\n\n<p>MESK\u0130 Genel M\u00fcd\u00fcr\u00fc \u0130rfan Korkmaz;&nbsp;<strong>&#8220;Meteoroloji \u0130l M\u00fcd\u00fcrl\u00fc\u011f\u00fc&#8217;n\u00fcn yapm\u0131\u015f oldu\u011fu uyar\u0131lar ve yap\u0131lan son de\u011ferlendirmelere g\u00f6re b\u00f6lgemizde etkili olacak ya\u011f\u0131\u015flar, yar\u0131n gece etkisini artt\u0131racak \u015fekilde devam edecektir. Bu s\u00fcre zarf\u0131nda MESK\u0130 Genel M\u00fcd\u00fcrl\u00fc\u011f\u00fcm\u00fcze ve Mersin B\u00fcy\u00fck\u015fehir Belediyemize ait b\u00fct\u00fcn ekipler sahada teyakkuz halinde olacaklard\u0131r. Vatanda\u015flar\u0131m\u0131za, Meteoroloji&#8217;nin uyar\u0131lar\u0131n\u0131 dikkate almalar\u0131n\u0131 ve herhangi bir olumsuzluk durumunda TEKS\u0130N ALO 185 \u00e7a\u011fr\u0131 merkezimizi aramalar\u0131n\u0131 \u00f6neriyoruz&#8221;<\/strong>&nbsp;ifadelerini kulland\u0131.<\/p>\n","protected":false},"excerpt":{"rendered":"<p>Mersin B\u00fcy\u00fck\u015fehir Belediyesi ile Mersin Su ve Kanalizasyon \u0130daresi (MESK\u0130) Genel M\u00fcd\u00fcrl\u00fc\u011f\u00fc ekipleri, Meteoroloji Genel M\u00fcd\u00fcrl\u00fc\u011f\u00fc&#8217;n\u00fcn kuvvetli ya\u011f\u0131\u015f uyar\u0131s\u0131 \u00fczerine h\u0131zl\u0131ca organize olarak, harekete ge\u00e7ti. MESK\u0130 ya\u011fmursuyu T\u0130M&#8217;leri ile B\u00fcy\u00fck\u015fehir ekipleri Mersin&#8217;in t\u00fcm il\u00e7elerinde etkili olan \u015fiddetli ya\u011f\u0131\u015flar dolay\u0131s\u0131yla olu\u015fabilecek su ta\u015fk\u0131nlar\u0131na kar\u015f\u0131 \u00e7al\u0131\u015fmalar\u0131n\u0131 \u00f6zverili bir \u015fekilde s\u00fcrd\u00fcr\u00fcyor. Ekiplerin aral\u0131ks\u0131z \u00e7al\u0131\u015fmalar\u0131 sayesinde, kentte herhangi bir [&hellip;]<\/p>\n","protected":false},"author":2,"featured_media":38141,"comment_status":"closed","ping_status":"closed","sticky":false,"template":"","format":"standard","meta":{"footnotes":""},"categories":[3],"tags":[],"class_list":["post-38140","post","type-post","status-publish","format-standard","has-post-thumbnail","hentry","category-manset"],"views":6,"_links":{"self":[{"href":"https:\/\/mersinkadingazetesi.com\/index.php?rest_route=\/wp\/v2\/posts\/38140"}],"collection":[{"href":"https:\/\/mersinkadingazetesi.com\/index.php?rest_route=\/wp\/v2\/posts"}],"about":[{"href":"https:\/\/mersinkadingazetesi.com\/index.php?rest_route=\/wp\/v2\/types\/post"}],"author":[{"embeddable":true,"href":"https:\/\/mersinkadingazetesi.com\/index.php?rest_route=\/wp\/v2\/users\/2"}],"replies":[{"embeddable":true,"href":"https:\/\/mersinkadingazetesi.com\/index.php?rest_route=%2Fwp%2Fv2%2Fcomments&post=38140"}],"version-history":[{"count":1,"href":"https:\/\/mersinkadingazetesi.com\/index.php?rest_route=\/wp\/v2\/posts\/38140\/revisions"}],"predecessor-version":[{"id":38142,"href":"https:\/\/mersinkadingazetesi.com\/index.php?rest_route=\/wp\/v2\/posts\/38140\/revisions\/38142"}],"wp:featuredmedia":[{"embeddable":true,"href":"https:\/\/mersinkadingazetesi.com\/index.php?rest_route=\/wp\/v2\/media\/38141"}],"wp:attachment":[{"href":"https:\/\/mersinkadingazetesi.com\/index.php?rest_route=%2Fwp%2Fv2%2Fmedia&parent=38140"}],"wp:term":[{"taxonomy":"category","embeddable":true,"href":"https:\/\/mersinkadingazetesi.com\/index.php?rest_route=%2Fwp%2Fv2%2Fcategories&post=38140"},{"taxonomy":"post_tag","embeddable":true,"href":"https:\/\/mersinkadingazetesi.com\/index.php?rest_route=%2Fwp%2Fv2%2Ftags&post=38140"}],"curies":[{"name":"wp","href":"https:\/\/api.w.org\/{rel}","templated":true}]}}