{"id":38143,"date":"2024-12-24T12:11:19","date_gmt":"2024-12-24T09:11:19","guid":{"rendered":"https:\/\/mersinkadingazetesi.com\/?p=38143"},"modified":"2024-12-24T12:11:20","modified_gmt":"2024-12-24T09:11:20","slug":"deva-partili-ekmen-pamukluk-baraji-ve-toroslardaki-sulama-projeleri-bu-yil-tamamlansin","status":"publish","type":"post","link":"https:\/\/mersinkadingazetesi.com\/?p=38143","title":{"rendered":"DEVA Partili Ekmen: Pamukluk Baraj\u0131 ve Toroslardaki sulama projeleri bu y\u0131l tamamlans\u0131n!\u00a0"},"content":{"rendered":"\n<p><strong>DEVA Partisi Genel Ba\u015fkan Yard\u0131mc\u0131s\u0131 ve Mersin Milletvekili Mehmet Emin Ekmen, 2025 y\u0131l\u0131 b\u00fct\u00e7e g<\/strong><strong>\u00f6<\/strong><strong>r\u00fc\u015fmelerinde, Mersin tar\u0131m\u0131n\u0131n sorunlar\u0131n\u0131 g\u00fcndeme getirdi. T\u00fcrkiye B\u00fcy\u00fck Millet Meclisi (TBMM) Genel Kurulunda s<\/strong><strong>\u00f6<\/strong><strong>z alan Ekmen, T\u00fcrkiye&#8217;nin tar\u0131<\/strong><strong>m has<\/strong><strong>\u0131las\u0131nda 3&#8217;\u00fcnc\u00fc b\u00fcy\u00fck il olan Mersin&#8217;in tar\u0131m alan\u0131nda da gerilememesi i\u00e7in birtak\u0131m acil tedbirlere ihtiya\u00e7 oldu\u011funu vurgulad\u0131. Pamukluk Baraj\u0131&#8217;n\u0131n ve Toroslardaki di\u011fer sulama projelerinin bu y\u0131l tamamlanmas\u0131 gerekti\u011fine dikkat \u00e7eken Ekmen,&nbsp;<\/strong><strong>\u201c<\/strong><strong>Mersinli \u00fcreticinin alternatif \u00fcr\u00fcnlere te\u015fvik edici bir \u015fekilde y<\/strong><strong>\u00f6<\/strong><strong>nelmesini sa\u011f<\/strong><strong>lay<\/strong><strong>\u0131n\u0131z. \u00d6zellikle muz \u00fcretiminde aile i\u015fletmelerindeki kredi k\u0131s\u0131tlamalar\u0131n\u0131 kald\u0131r\u0131n\u0131z\u201d dedi.&nbsp;<\/strong><\/p>\n\n\n\n<p><strong>Mersin\u2019de acil tedbirler al\u0131ns\u0131n<\/strong><\/p>\n\n\n\n<p>Ekmen, T\u00dc\u0130K 2023 y\u0131l\u0131 verilerine bak\u0131ld\u0131\u011f\u0131nda Mersin\u2019de i\u015flerin k\u00f6t\u00fc gitti\u011fini belirterek,&nbsp;\u201cT\u00fcrkiye&#8217;de en \u00e7ok vergi&nbsp;\u00f6deyen 6&#8217;nc\u0131 il olan Mersin 2023&#8217;te gayrisafi yurt i\u00e7i has\u0131lada k\u00fc\u00e7\u00fclen illerden biri olmu\u015ftur ve ortalaman\u0131n alt\u0131nda 0,07 oran\u0131nda b\u00fcy\u00fcm\u00fc\u015ft\u00fcr. T\u00fcrkiye&#8217;nin tar\u0131m has\u0131las\u0131nda 3&#8217;\u00fcnc\u00fc b\u00fcy\u00fck il olan Mersin&#8217;imizin tar\u0131m alan\u0131nda da gerilememesi i\u00e7in birtak\u0131m acil tedbirlere ihtiyac\u0131m\u0131z vard\u0131r\u201d ifadelerini kulland\u0131.<\/p>\n\n\n\n<p><strong>Pamukluk Baraj\u0131 bu y\u0131l tamamlans\u0131n!<\/strong><\/p>\n\n\n\n<p>Pamukluk Baraj\u0131&#8217;n\u0131n Toroslardaki di\u011fer sulama projelerinin bu y\u0131l tamamlanmas\u0131 gerekti\u011fini dile getiren Ekmen, Tar\u0131m ve Orman Bakan\u0131 \u0130brahim Yumakl\u0131\u2019ya seslenerek,&nbsp;\u201c2024 y\u0131l\u0131nda y\u00fcr\u00fcrl\u00fc\u011fe koydu\u011funuz planl\u0131 \u00fcretim modelinde Mersin&#8217;i pilot il ilan ediniz ve Mersinli \u00fcreticinin alternatif \u00fcr\u00fcnlere te\u015fvik edici bir \u015fekilde y\u00f6nelmesini sa\u011flay\u0131n\u0131z. \u00d6zellikle muz \u00fcretiminde aile i\u015fletmelerindeki kredi k\u0131s\u0131tlamalar\u0131n\u0131 kald\u0131r\u0131n\u0131z\u201d \u00e7a\u011fr\u0131s\u0131nda bulundu.&nbsp;<\/p>\n\n\n\n<p>Ekmen, daha&nbsp;\u00f6nce de Mersin \u00e7ift\u00e7isine i\u015f\u00e7ilik deste\u011fi verilmesi, ba\u015fta meyve suyu fabrikalar\u0131 olmak \u00fczere tar\u0131m sanayiinin desteklenmesi, tar\u0131m arge faaliyetlerinin \u00fcniversite ve Alata enstit\u00fcs\u00fc&nbsp;deste\u011fiyle kurumsal hale getirilmesi, ihracat desteklerinin artt\u0131r\u0131lmas\u0131 gibi&nbsp;\u00f6nerileri Plan B\u00fct\u00e7e komisyonu g\u00f6r\u00fc\u015fmelerinde Tar\u0131m Bakan\u0131 \u0130brahim Yumakl\u0131\u2019ya ifade etmi\u015fti.<\/p>\n","protected":false},"excerpt":{"rendered":"<p>DEVA Partisi Genel Ba\u015fkan Yard\u0131mc\u0131s\u0131 ve Mersin Milletvekili Mehmet Emin Ekmen, 2025 y\u0131l\u0131 b\u00fct\u00e7e g\u00f6r\u00fc\u015fmelerinde, Mersin tar\u0131m\u0131n\u0131n sorunlar\u0131n\u0131 g\u00fcndeme getirdi. T\u00fcrkiye B\u00fcy\u00fck Millet Meclisi (TBMM) Genel Kurulunda s\u00f6z alan Ekmen, T\u00fcrkiye&#8217;nin tar\u0131m has\u0131las\u0131nda 3&#8217;\u00fcnc\u00fc b\u00fcy\u00fck il olan Mersin&#8217;in tar\u0131m alan\u0131nda da gerilememesi i\u00e7in birtak\u0131m acil tedbirlere ihtiya\u00e7 oldu\u011funu vurgulad\u0131. Pamukluk Baraj\u0131&#8217;n\u0131n ve Toroslardaki di\u011fer sulama [&hellip;]<\/p>\n","protected":false},"author":2,"featured_media":38072,"comment_status":"closed","ping_status":"closed","sticky":false,"template":"","format":"standard","meta":{"footnotes":""},"categories":[34,3],"tags":[],"class_list":["post-38143","post","type-post","status-publish","format-standard","has-post-thumbnail","hentry","category-flas-haber","category-manset"],"views":10,"_links":{"self":[{"href":"https:\/\/mersinkadingazetesi.com\/index.php?rest_route=\/wp\/v2\/posts\/38143"}],"collection":[{"href":"https:\/\/mersinkadingazetesi.com\/index.php?rest_route=\/wp\/v2\/posts"}],"about":[{"href":"https:\/\/mersinkadingazetesi.com\/index.php?rest_route=\/wp\/v2\/types\/post"}],"author":[{"embeddable":true,"href":"https:\/\/mersinkadingazetesi.com\/index.php?rest_route=\/wp\/v2\/users\/2"}],"replies":[{"embeddable":true,"href":"https:\/\/mersinkadingazetesi.com\/index.php?rest_route=%2Fwp%2Fv2%2Fcomments&post=38143"}],"version-history":[{"count":1,"href":"https:\/\/mersinkadingazetesi.com\/index.php?rest_route=\/wp\/v2\/posts\/38143\/revisions"}],"predecessor-version":[{"id":38144,"href":"https:\/\/mersinkadingazetesi.com\/index.php?rest_route=\/wp\/v2\/posts\/38143\/revisions\/38144"}],"wp:featuredmedia":[{"embeddable":true,"href":"https:\/\/mersinkadingazetesi.com\/index.php?rest_route=\/wp\/v2\/media\/38072"}],"wp:attachment":[{"href":"https:\/\/mersinkadingazetesi.com\/index.php?rest_route=%2Fwp%2Fv2%2Fmedia&parent=38143"}],"wp:term":[{"taxonomy":"category","embeddable":true,"href":"https:\/\/mersinkadingazetesi.com\/index.php?rest_route=%2Fwp%2Fv2%2Fcategories&post=38143"},{"taxonomy":"post_tag","embeddable":true,"href":"https:\/\/mersinkadingazetesi.com\/index.php?rest_route=%2Fwp%2Fv2%2Ftags&post=38143"}],"curies":[{"name":"wp","href":"https:\/\/api.w.org\/{rel}","templated":true}]}}