{"id":38145,"date":"2024-12-24T12:15:25","date_gmt":"2024-12-24T09:15:25","guid":{"rendered":"https:\/\/mersinkadingazetesi.com\/?p=38145"},"modified":"2024-12-24T12:15:25","modified_gmt":"2024-12-24T09:15:25","slug":"akdeniz-yeni-bir-yesil-alan-kazaniyor","status":"publish","type":"post","link":"https:\/\/mersinkadingazetesi.com\/?p=38145","title":{"rendered":"AKDEN\u0130Z YEN\u0130 B\u0130R YE\u015e\u0130L ALAN KAZANIYOR"},"content":{"rendered":"\n<p>Akdeniz Belediyesi, daha ye\u015fil bir kent yaratmak, b\u00f6ylelikle il\u00e7e genelinde ki\u015fi ba\u015f\u0131na d\u00fc\u015fen ye\u015fil alan miktar\u0131n\u0131 artt\u0131rmak amac\u0131yla hizmet ve projelerine aral\u0131ks\u0131z devam ediyor.<\/p>\n\n\n\n<p>Park ve Bah\u00e7eler M\u00fcd\u00fcrl\u00fc\u011f\u00fc ile Fen \u0130\u015fleri M\u00fcd\u00fcrl\u00fc\u011f\u00fc ekiplerinin i\u015fbirli\u011findeki \u00e7al\u0131\u015fmada, \u015eevket S\u00fcmer Mahallesi 156. Cadde \u00fczerinde bulunan 3 bu\u00e7uk d\u00f6n\u00fcm b\u00fcy\u00fckl\u00fc\u011f\u00fcndeki alanda a\u011fa\u00e7land\u0131rma, ye\u015fillendirme ve peyzaj \u00e7al\u0131\u015fmas\u0131 ger\u00e7ekle\u015ftirildi. Ekipler, yakla\u015f\u0131k 800 metre uzunlu\u011fundaki bant \u00fczerinde yapt\u0131klar\u0131 \u00e7al\u0131\u015fmada, onlarca turun\u00e7 a\u011fac\u0131n\u0131n yan\u0131 s\u0131ra, ate\u015f dikeni ve zakkum bitkileri ile birlikte \u00e7im tohumu ekti.<\/p>\n\n\n\n<p>\u201cMahallelerimizin eksiklerini h\u0131zla tamaml\u0131yoruz\u201d<\/p>\n\n\n\n<p>B\u00f6lgede ger\u00e7ekle\u015fen \u00e7al\u0131\u015fmay\u0131 yerinde inceleyip ekiplerden bilgi alan Akdeniz Belediyesi E\u015f Ba\u015fkan\u0131 Nuriye Arslan, 3 bu\u00e7uk d\u00f6n\u00fcme sahip alandaki yenileme ve peyzaj \u00e7al\u0131\u015fmalar\u0131 bitti\u011finde mahalle sakinlerinin g\u00fczel bir ye\u015fil alan kazanaca\u011f\u0131n\u0131 ifade etti. E\u015f Ba\u015fkan Arslan; \u201cSe\u00e7ilip g\u00f6reve geldi\u011fimiz ilk g\u00fcnden bu yana Akdeniz\u2019de h\u0131zl\u0131ca kald\u0131r\u0131m, asfalt, ye\u015fil alan ve peyzaj \u00e7al\u0131\u015fmalar\u0131m\u0131z\u0131 ba\u015flatt\u0131k ve bu anlamda da ilerliyoruz. Mahallelerimizde g\u00f6rd\u00fc\u011f\u00fcm\u00fcz eksikleri h\u0131zl\u0131ca tamamlamaya \u00e7al\u0131\u015f\u0131yoruz. B\u00fct\u00fcn ekiplerimiz bunun i\u00e7in \u00f6zveriyle \u00e7al\u0131\u015f\u0131yor. Hedefimiz, daha ye\u015fil ve ekolojiye uygun bir Akdeniz\u2019dir\u201d diye konu\u015ftu.<\/p>\n\n\n\n<p>Akdeniz Belediyesi E\u015f Ba\u015fkan\u0131 Arslan, ye\u015fil alanda ger\u00e7ekle\u015fen \u00e7al\u0131\u015fmay\u0131 incelemesinin ard\u0131ndan, G\u00fcne\u015f Mahallesi\u2019nde bulunan ve zemini yenilenerek \u00e7ocuklar i\u00e7in daha g\u00fcvenli hale getirilen park\u0131 da ziyaret etti, oyun oynamak i\u00e7in gelen mahalleli miniklerle sohbet etti.<\/p>\n","protected":false},"excerpt":{"rendered":"<p>Akdeniz Belediyesi, daha ye\u015fil bir kent yaratmak, b\u00f6ylelikle il\u00e7e genelinde ki\u015fi ba\u015f\u0131na d\u00fc\u015fen ye\u015fil alan miktar\u0131n\u0131 artt\u0131rmak amac\u0131yla hizmet ve projelerine aral\u0131ks\u0131z devam ediyor. Park ve Bah\u00e7eler M\u00fcd\u00fcrl\u00fc\u011f\u00fc ile Fen \u0130\u015fleri M\u00fcd\u00fcrl\u00fc\u011f\u00fc ekiplerinin i\u015fbirli\u011findeki \u00e7al\u0131\u015fmada, \u015eevket S\u00fcmer Mahallesi 156. Cadde \u00fczerinde bulunan 3 bu\u00e7uk d\u00f6n\u00fcm b\u00fcy\u00fckl\u00fc\u011f\u00fcndeki alanda a\u011fa\u00e7land\u0131rma, ye\u015fillendirme ve peyzaj \u00e7al\u0131\u015fmas\u0131 ger\u00e7ekle\u015ftirildi. Ekipler, yakla\u015f\u0131k [&hellip;]<\/p>\n","protected":false},"author":2,"featured_media":38146,"comment_status":"closed","ping_status":"closed","sticky":false,"template":"","format":"standard","meta":{"footnotes":""},"categories":[3],"tags":[],"class_list":["post-38145","post","type-post","status-publish","format-standard","has-post-thumbnail","hentry","category-manset"],"views":7,"_links":{"self":[{"href":"https:\/\/mersinkadingazetesi.com\/index.php?rest_route=\/wp\/v2\/posts\/38145"}],"collection":[{"href":"https:\/\/mersinkadingazetesi.com\/index.php?rest_route=\/wp\/v2\/posts"}],"about":[{"href":"https:\/\/mersinkadingazetesi.com\/index.php?rest_route=\/wp\/v2\/types\/post"}],"author":[{"embeddable":true,"href":"https:\/\/mersinkadingazetesi.com\/index.php?rest_route=\/wp\/v2\/users\/2"}],"replies":[{"embeddable":true,"href":"https:\/\/mersinkadingazetesi.com\/index.php?rest_route=%2Fwp%2Fv2%2Fcomments&post=38145"}],"version-history":[{"count":1,"href":"https:\/\/mersinkadingazetesi.com\/index.php?rest_route=\/wp\/v2\/posts\/38145\/revisions"}],"predecessor-version":[{"id":38147,"href":"https:\/\/mersinkadingazetesi.com\/index.php?rest_route=\/wp\/v2\/posts\/38145\/revisions\/38147"}],"wp:featuredmedia":[{"embeddable":true,"href":"https:\/\/mersinkadingazetesi.com\/index.php?rest_route=\/wp\/v2\/media\/38146"}],"wp:attachment":[{"href":"https:\/\/mersinkadingazetesi.com\/index.php?rest_route=%2Fwp%2Fv2%2Fmedia&parent=38145"}],"wp:term":[{"taxonomy":"category","embeddable":true,"href":"https:\/\/mersinkadingazetesi.com\/index.php?rest_route=%2Fwp%2Fv2%2Fcategories&post=38145"},{"taxonomy":"post_tag","embeddable":true,"href":"https:\/\/mersinkadingazetesi.com\/index.php?rest_route=%2Fwp%2Fv2%2Ftags&post=38145"}],"curies":[{"name":"wp","href":"https:\/\/api.w.org\/{rel}","templated":true}]}}