{"id":38157,"date":"2024-12-25T11:07:48","date_gmt":"2024-12-25T08:07:48","guid":{"rendered":"https:\/\/mersinkadingazetesi.com\/?p=38157"},"modified":"2024-12-25T11:07:48","modified_gmt":"2024-12-25T08:07:48","slug":"emekcilerin-ici-buyuksehirin-corbasi-ile-isiniyor","status":"publish","type":"post","link":"https:\/\/mersinkadingazetesi.com\/?p=38157","title":{"rendered":"EMEK\u00c7\u0130LER\u0130N \u0130\u00c7\u0130 B\u00dcY\u00dcK\u015eEH\u0130R&#8217;\u0130N \u00c7ORBASI \u0130LE ISINIYOR"},"content":{"rendered":"\n<p>Mersin B\u00fcy\u00fck\u015fehir Belediyesi&#8217;nin toplumun her kesimine hitap eden halk odakl\u0131 hizmet anlay\u0131\u015f\u0131, yurtta\u015flar\u0131n hayat\u0131na dokunmaya devam ediyor. B\u00fcy\u00fck\u015fehir&#8217;in bu kapsamda ge\u00e7ti\u011fimiz y\u0131l A\u011fustos ay\u0131nda Akdeniz \u0130l\u00e7esi&#8217;ne ba\u011fl\u0131 \u015eevket S\u00fcmer Mahallesi&#8217;nde hizmete a\u00e7t\u0131\u011f\u0131 Emek Evi, tar\u0131m ve in\u015faat gibi sekt\u00f6rlerde \u00e7al\u0131\u015fan vatanda\u015flar ile \u00f6\u011frencilerin u\u011frak noktas\u0131 haline geldi.<\/p>\n\n\n\n<p>Yaz\u0131n s\u0131cakta, k\u0131\u015f\u0131n ise so\u011fukta b\u00f6lge halk\u0131n\u0131n \u00f6nemli bir ihtiyac\u0131n\u0131 kar\u015f\u0131layan Emek Evi; \u00f6zellikle g\u00fcne erken ba\u015flamak zorunda kalan vatanda\u015flar\u0131n i\u015fe gitmeden \u00f6nce kahvalt\u0131 yap\u0131p, servislerini bekleyebilece\u011fi veya sabah i\u015f d\u00f6n\u00fc\u015f saatlerinde yorgunluklar\u0131n\u0131 atabilece\u011fi rahat ve konforlu bir ortam sunuyor. A\u00e7\u0131ld\u0131\u011f\u0131 g\u00fcnden bu yana pek \u00e7ok emek\u00e7iyi a\u011f\u0131rlayan ve \u015fimdiye kadar binlerce yurtta\u015f\u0131n faydaland\u0131\u011f\u0131 Emek Evi&#8217;nde \u00fccretsiz \u00e7ay, kahve, sabahlar\u0131 ise anne eli lezzetini aratmayacak \u00e7orba ikram\u0131 sunuluyor. K\u0131\u015f mevsiminin gelmesi ile birlikte yap\u0131lan bu hizmet, g\u00fcne s\u0131cak \u00e7orba ile ba\u015flayan emek\u00e7ilerin hem kalplerini hem i\u00e7lerini \u0131s\u0131tmay\u0131 ba\u015far\u0131yor.<\/p>\n\n\n\n<p><strong>T\u00f6nbe: &#8220;K\u0131\u015f aylar\u0131n\u0131n gelmesi ile birlikte vatanda\u015flar\u0131m\u0131z\u0131n i\u00e7ini \u0131s\u0131tmaya devam ediyoruz&#8221;<\/strong><\/p>\n\n\n\n<p>B\u00fcy\u00fck\u015fehir Belediyesi Sosyal Hizmetler Dairesi Ba\u015fkanl\u0131\u011f\u0131&#8217;nda g\u00f6rev yapan Sosyal Hizmet Uzman\u0131 Mustafa T\u00f6nbe,&nbsp;<strong><em>&#8216;1 Ekmek 1 \u00c7orba&#8217;<\/em><\/strong>&nbsp;projesini, \u00f6zellikle sabahlar\u0131 i\u015fe gitmek zorunda kalan tar\u0131m i\u015f\u00e7ilerinin ve \u00f6\u011frencilerin yo\u011fun oldu\u011fu b\u00f6lgelerde s\u00fcrd\u00fcrmeye devam ettiklerini kaydetti. 13 il\u00e7ede 61 noktada bu hizmeti sunduklar\u0131n\u0131 s\u00f6yleyen T\u00f6nbe,&nbsp;<strong>&#8220;Emek Evi de bu noktalardan bir tanesi. Emek Evi, \u00f6zellikle sabahlar\u0131 i\u015fe erken gitmek zorunda kalan vatanda\u015flar\u0131m\u0131za ve herkese kap\u0131s\u0131 a\u00e7\u0131k olan bir yer. Sabah saat 03.00 ile 10.00 aras\u0131nda hizmet veren Emek Evi&#8217;nde, 05.00 ile 08.00 saatleri aras\u0131nda vatanda\u015flar\u0131m\u0131z gelip \u00e7orbalar\u0131n\u0131 alabilirler. 2019 y\u0131l\u0131ndan bu yana toplamda 2 milyon ki\u015fiye \u00e7orba hizmeti sunduk. Vatanda\u015flar\u0131m\u0131z, \u00e7orba hizmet noktalar\u0131m\u0131za &#8216;Teksin&#8217; uygulamas\u0131 veya web sitemizden ula\u015fabilirler&#8221;<\/strong>&nbsp;dedi.<\/p>\n\n\n\n<p>\u00d6zellikle son y\u0131llarda vatanda\u015flar\u0131n ekonomik olarak daha da zorluk \u00e7ekti\u011fini belirten T\u00f6nbe, B\u00fcy\u00fck\u015fehir Belediyesi&#8217;nin sundu\u011fu yemek ve \u00e7orba hizmeti ile vatanda\u015flar\u0131n ceplerine katk\u0131 sa\u011fland\u0131\u011f\u0131n\u0131 da dile getirdi. T\u00f6nbe<strong>, &#8220;G\u00fcne erken ba\u015flamak zorunda kalan ve kahvalt\u0131 yapamayan vatanda\u015flar\u0131m\u0131z\u0131n \u00f6\u011f\u00fcn ihtiyac\u0131n\u0131 \u00e7orba hizmetimiz ile kar\u015f\u0131l\u0131yoruz. Mersin B\u00fcy\u00fck\u015fehir Belediyesi olarak k\u0131\u015f aylar\u0131n\u0131n gelmesi ile birlikte, vatanda\u015flar\u0131m\u0131z\u0131n i\u00e7ini \u0131s\u0131tmaya devam ediyoruz&#8221;<\/strong>&nbsp;ifadelerini kulland\u0131.<\/p>\n\n\n\n<p><strong>Emek\u00e7iler, g\u00fcne hem s\u0131cak hem lezzetli \u00e7orba ile ba\u015fl\u0131yor<\/strong><\/p>\n\n\n\n<p>Sabahlar\u0131 g\u00fcne ba\u015flarken s\u0131k s\u0131k Emek Evi&#8217;ne u\u011frad\u0131\u011f\u0131n\u0131 ve burada \u00e7orba i\u00e7erek g\u00fcne ba\u015flad\u0131\u011f\u0131n\u0131 s\u00f6yleyen emek\u00e7ilerden \u0130smail Eren,&nbsp;<strong>&#8220;Sabahlar\u0131 keyifle \u00e7orba i\u00e7iyorum. \u00d6zellikle k\u0131\u015f\u0131n \u00e7ok iyi oluyor. Kahvalt\u0131 yapamad\u0131\u011f\u0131mda buraya gelip \u00e7orba i\u00e7iyorum. G\u00fcne rahat ba\u015fl\u0131yorum ve \u00f6\u011flene kadar beni idare ediyor. Tad\u0131 da harika&#8221;&nbsp;<\/strong>dedi.<\/p>\n\n\n\n<p>Emek Evi&#8217;nden faydalanan \u0130brahim Ayhan ise,&nbsp;<strong>&#8220;\u00c7orba \u00e7ok g\u00fczel, ekmek \u00e7ok taze. Her sabah buraya gelirim, abilerle sohbet ederim ve \u00e7orbam\u0131 i\u00e7erim. \u0130nsanlar buraya gelip rahat rahat oturabiliyor. Sabah kahvalt\u0131da en iyi \u00e7orba gider&#8221;<\/strong>&nbsp;diye konu\u015ftu.<\/p>\n\n\n\n<p>Emekli oldu\u011fu halde ge\u00e7inemedi\u011fi i\u00e7in \u00e7al\u0131\u015fmak zorunda kalan Selahattin D\u00fcndar,&nbsp;<strong>&#8220;Emekli maa\u015f\u0131m yetmedi\u011fi i\u00e7in, bu saatte \u00e7al\u0131\u015fmak ve i\u015fe gitmek zorunday\u0131m. Her sabah buraya geliyorum. \u00c7orbam\u0131 i\u00e7ip i\u015fe \u00f6yle gidiyorum. Bu so\u011fukta \u00e7orba \u00e7ok iyi geliyor. \u0130yi bir hizmet ve \u00e7ok faydal\u0131&#8221;<\/strong>&nbsp;ifadelerini kulland\u0131.<\/p>\n","protected":false},"excerpt":{"rendered":"<p>Mersin B\u00fcy\u00fck\u015fehir Belediyesi&#8217;nin toplumun her kesimine hitap eden halk odakl\u0131 hizmet anlay\u0131\u015f\u0131, yurtta\u015flar\u0131n hayat\u0131na dokunmaya devam ediyor. B\u00fcy\u00fck\u015fehir&#8217;in bu kapsamda ge\u00e7ti\u011fimiz y\u0131l A\u011fustos ay\u0131nda Akdeniz \u0130l\u00e7esi&#8217;ne ba\u011fl\u0131 \u015eevket S\u00fcmer Mahallesi&#8217;nde hizmete a\u00e7t\u0131\u011f\u0131 Emek Evi, tar\u0131m ve in\u015faat gibi sekt\u00f6rlerde \u00e7al\u0131\u015fan vatanda\u015flar ile \u00f6\u011frencilerin u\u011frak noktas\u0131 haline geldi. Yaz\u0131n s\u0131cakta, k\u0131\u015f\u0131n ise so\u011fukta b\u00f6lge halk\u0131n\u0131n \u00f6nemli [&hellip;]<\/p>\n","protected":false},"author":2,"featured_media":38158,"comment_status":"closed","ping_status":"closed","sticky":false,"template":"","format":"standard","meta":{"footnotes":""},"categories":[3],"tags":[],"class_list":["post-38157","post","type-post","status-publish","format-standard","has-post-thumbnail","hentry","category-manset"],"views":5,"_links":{"self":[{"href":"https:\/\/mersinkadingazetesi.com\/index.php?rest_route=\/wp\/v2\/posts\/38157"}],"collection":[{"href":"https:\/\/mersinkadingazetesi.com\/index.php?rest_route=\/wp\/v2\/posts"}],"about":[{"href":"https:\/\/mersinkadingazetesi.com\/index.php?rest_route=\/wp\/v2\/types\/post"}],"author":[{"embeddable":true,"href":"https:\/\/mersinkadingazetesi.com\/index.php?rest_route=\/wp\/v2\/users\/2"}],"replies":[{"embeddable":true,"href":"https:\/\/mersinkadingazetesi.com\/index.php?rest_route=%2Fwp%2Fv2%2Fcomments&post=38157"}],"version-history":[{"count":1,"href":"https:\/\/mersinkadingazetesi.com\/index.php?rest_route=\/wp\/v2\/posts\/38157\/revisions"}],"predecessor-version":[{"id":38159,"href":"https:\/\/mersinkadingazetesi.com\/index.php?rest_route=\/wp\/v2\/posts\/38157\/revisions\/38159"}],"wp:featuredmedia":[{"embeddable":true,"href":"https:\/\/mersinkadingazetesi.com\/index.php?rest_route=\/wp\/v2\/media\/38158"}],"wp:attachment":[{"href":"https:\/\/mersinkadingazetesi.com\/index.php?rest_route=%2Fwp%2Fv2%2Fmedia&parent=38157"}],"wp:term":[{"taxonomy":"category","embeddable":true,"href":"https:\/\/mersinkadingazetesi.com\/index.php?rest_route=%2Fwp%2Fv2%2Fcategories&post=38157"},{"taxonomy":"post_tag","embeddable":true,"href":"https:\/\/mersinkadingazetesi.com\/index.php?rest_route=%2Fwp%2Fv2%2Ftags&post=38157"}],"curies":[{"name":"wp","href":"https:\/\/api.w.org\/{rel}","templated":true}]}}