{"id":38160,"date":"2024-12-25T11:10:27","date_gmt":"2024-12-25T08:10:27","guid":{"rendered":"https:\/\/mersinkadingazetesi.com\/?p=38160"},"modified":"2024-12-25T11:10:27","modified_gmt":"2024-12-25T08:10:27","slug":"gulcan-kis-22-yillik-yonetimin-itirafi-ekonomik-kriz-sizin-eseriniz","status":"publish","type":"post","link":"https:\/\/mersinkadingazetesi.com\/?p=38160","title":{"rendered":"G\u00fclcan K\u0131\u015f: &#8220;22 Y\u0131ll\u0131k Y\u00f6netimin \u0130tiraf\u0131: Ekonomik Kriz Sizin Eseriniz&#8221;"},"content":{"rendered":"\n<p>CHP Mersin Milletvekili G\u00fclcan K\u0131\u015f, TBMM Genel Kurulu&#8217;nda yapt\u0131\u011f\u0131 konu\u015fmada Hazine ve Maliye Bakan\u0131 Mehmet \u015eim\u015fek&#8217;in IICEC Konferans\u0131&#8217;nda dile getirdi\u011fi &#8220;T\u00fcrkiye&#8217;de ciddi bir enflasyon ve hayat pahal\u0131l\u0131\u011f\u0131 sorunu var&#8221; s\u00f6zlerini de\u011ferlendirerek iktidara ele\u015ftiriler y\u00f6neltti. \u015eim\u015fek&#8217;in bu itiraf\u0131n\u0131 \u00f6nemli buldu\u011funu belirten G\u00fclcan K\u0131\u015f, bu durumun 22 y\u0131ll\u0131k AKP y\u00f6netiminin plans\u0131z, pop\u00fclist ve halktan kopuk politikalar\u0131n\u0131n do\u011fal bir sonucu oldu\u011funu vurgulad\u0131.<\/p>\n\n\n\n<p><strong>G\u00fclcan K\u0131\u015f, konu\u015fmas\u0131nda \u015fu ifadelere yer verdi:<\/strong><\/p>\n\n\n\n<p>&#8220;Say\u0131n \u015eim\u015fek, bu \u00fclke sizin ve partinizin 22 y\u0131ld\u0131r y\u00f6netti\u011fi bir \u00fclke. Bug\u00fcn bu krizi ya\u015fayan T\u00fcrkiye, sizin yanl\u0131\u015f politikalar\u0131n\u0131z\u0131n sonucunda bu hale geldi. Ancak bu, bir bakan\u0131n ilk itiraf\u0131 de\u011fil. Daha \u00f6nce 2022&#8217;de Nureddin Nebati, 2023&#8217;te Vedat Bilgin ve Murat Kurum benzer \u015fekilde hayat pahal\u0131l\u0131\u011f\u0131n\u0131 ve ekonomik krizin varl\u0131\u011f\u0131n\u0131 kabul etmi\u015fti. \u0130ktidar, halk\u0131n sorunlar\u0131n\u0131 g\u00f6rmek yerine, onlar\u0131 kaderine terk ediyor.&#8221;<\/p>\n\n\n\n<p><strong>&#8220;Ara\u00e7 Saltanat\u0131 &#8216;\u00c7erez Paras\u0131&#8217; De\u011fil!&#8221;<\/strong><\/p>\n\n\n\n<p>Bakan \u015eim\u015fek&#8217;in ge\u00e7mi\u015fte s\u00f6yledi\u011fi &#8220;Ara\u00e7 saltanat\u0131 diyorlar. Bunlar\u0131n hepsini toplasan\u0131z T\u00fcrkiye&#8217;nin milli gelirinde \u00e7erez paras\u0131 bile de\u011fil&#8221; s\u00f6zlerini hat\u0131rlatan CHP&#8217;li G\u00fclcan K\u0131\u015f, bu ifadelerin halktan ne kadar kopuk bir anlay\u0131\u015f\u0131 yans\u0131tt\u0131\u011f\u0131n\u0131 ifade etti. G\u00fclcan K\u0131\u015f, &#8220;Milyonlarca vatanda\u015f pazara gitmeye korkarken, bir bakan\u0131n halk\u0131n vergileriyle s\u00fcrd\u00fcr\u00fclen bu savurganl\u0131\u011f\u0131 k\u00fc\u00e7\u00fcmseyerek &#8216;\u00e7erez paras\u0131&#8217; demesi kabul edilemez,&#8221; dedi.<\/p>\n\n\n\n<p><strong>&#8220;Ge\u00e7im Yoksa Se\u00e7im Var!&#8221;<\/strong><\/p>\n\n\n\n<p>CHP olarak ekonomik krizin \u00e7\u00f6z\u00fcm\u00fcne y\u00f6nelik vizyonlar\u0131n\u0131 dile getiren CHP Mersin Milletvekili G\u00fclcan K\u0131\u015f, &#8220;T\u00fcrkiye&#8217;nin bu enflasyon sarmal\u0131ndan kurtulmas\u0131, liyakatli kadrolarla, planl\u0131 bir ekonomiyle ve halktan yana bir y\u00f6netimle m\u00fcmk\u00fcnd\u00fcr. Art\u0131k iktidar, sorunlar\u0131n kayna\u011f\u0131 oldu\u011funu kabul etmelidir,&#8221; ifadelerini kulland\u0131. T\u00fcrkiye&#8217;nin kaynaklar\u0131n\u0131n israf edildi\u011fini ve halk\u0131n bu k\u00f6t\u00fc y\u00f6netimin bedelini \u00f6dedi\u011fini belirten G\u00fclcan K\u0131\u015f, s\u00f6zlerini \u015fu \u015fekilde tamamlad\u0131:<\/p>\n\n\n\n<p>&#8220;Cumhuriyet Halk Partisi olarak biz, bu d\u00fczeni de\u011fi\u015ftirmeye ve halktan yana politikalarla bu \u00fclkeyi refaha kavu\u015fturmaya haz\u0131r\u0131z. Ge\u00e7im yoksa se\u00e7im var!&#8221;<\/p>\n\n\n\n<p>CHP Mersin Milletvekili G\u00fclcan K\u0131\u015f&#8217;\u0131n ele\u015ftirileri ve \u00e7\u00f6z\u00fcm \u00f6nerileri Genel Kurul&#8217;da geni\u015f yank\u0131 uyand\u0131rd\u0131.<\/p>\n","protected":false},"excerpt":{"rendered":"<p>CHP Mersin Milletvekili G\u00fclcan K\u0131\u015f, TBMM Genel Kurulu&#8217;nda yapt\u0131\u011f\u0131 konu\u015fmada Hazine ve Maliye Bakan\u0131 Mehmet \u015eim\u015fek&#8217;in IICEC Konferans\u0131&#8217;nda dile getirdi\u011fi &#8220;T\u00fcrkiye&#8217;de ciddi bir enflasyon ve hayat pahal\u0131l\u0131\u011f\u0131 sorunu var&#8221; s\u00f6zlerini de\u011ferlendirerek iktidara ele\u015ftiriler y\u00f6neltti. \u015eim\u015fek&#8217;in bu itiraf\u0131n\u0131 \u00f6nemli buldu\u011funu belirten G\u00fclcan K\u0131\u015f, bu durumun 22 y\u0131ll\u0131k AKP y\u00f6netiminin plans\u0131z, pop\u00fclist ve halktan kopuk politikalar\u0131n\u0131n do\u011fal [&hellip;]<\/p>\n","protected":false},"author":2,"featured_media":37926,"comment_status":"closed","ping_status":"closed","sticky":false,"template":"","format":"standard","meta":{"footnotes":""},"categories":[8,34,3],"tags":[],"class_list":["post-38160","post","type-post","status-publish","format-standard","has-post-thumbnail","hentry","category-ekonomi","category-flas-haber","category-manset"],"views":6,"_links":{"self":[{"href":"https:\/\/mersinkadingazetesi.com\/index.php?rest_route=\/wp\/v2\/posts\/38160"}],"collection":[{"href":"https:\/\/mersinkadingazetesi.com\/index.php?rest_route=\/wp\/v2\/posts"}],"about":[{"href":"https:\/\/mersinkadingazetesi.com\/index.php?rest_route=\/wp\/v2\/types\/post"}],"author":[{"embeddable":true,"href":"https:\/\/mersinkadingazetesi.com\/index.php?rest_route=\/wp\/v2\/users\/2"}],"replies":[{"embeddable":true,"href":"https:\/\/mersinkadingazetesi.com\/index.php?rest_route=%2Fwp%2Fv2%2Fcomments&post=38160"}],"version-history":[{"count":1,"href":"https:\/\/mersinkadingazetesi.com\/index.php?rest_route=\/wp\/v2\/posts\/38160\/revisions"}],"predecessor-version":[{"id":38161,"href":"https:\/\/mersinkadingazetesi.com\/index.php?rest_route=\/wp\/v2\/posts\/38160\/revisions\/38161"}],"wp:featuredmedia":[{"embeddable":true,"href":"https:\/\/mersinkadingazetesi.com\/index.php?rest_route=\/wp\/v2\/media\/37926"}],"wp:attachment":[{"href":"https:\/\/mersinkadingazetesi.com\/index.php?rest_route=%2Fwp%2Fv2%2Fmedia&parent=38160"}],"wp:term":[{"taxonomy":"category","embeddable":true,"href":"https:\/\/mersinkadingazetesi.com\/index.php?rest_route=%2Fwp%2Fv2%2Fcategories&post=38160"},{"taxonomy":"post_tag","embeddable":true,"href":"https:\/\/mersinkadingazetesi.com\/index.php?rest_route=%2Fwp%2Fv2%2Ftags&post=38160"}],"curies":[{"name":"wp","href":"https:\/\/api.w.org\/{rel}","templated":true}]}}