{"id":38165,"date":"2024-12-25T11:13:41","date_gmt":"2024-12-25T08:13:41","guid":{"rendered":"https:\/\/mersinkadingazetesi.com\/?p=38165"},"modified":"2024-12-25T11:13:41","modified_gmt":"2024-12-25T08:13:41","slug":"mesiad-baskani-gundogdu-faiz-oranlarinin-dusurulmesi-gerekiyor","status":"publish","type":"post","link":"https:\/\/mersinkadingazetesi.com\/?p=38165","title":{"rendered":"Mesiad Ba\u015fkan\u0131 G\u00fcndo\u011fdu: &#8220;Faiz Oranlar\u0131n\u0131n D\u00fc\u015f\u00fcr\u00fclmesi Gerekiyor&#8221;"},"content":{"rendered":"\n<p>Mersin Sanayici ve \u0130\u015f \u0130nsanlar\u0131 Derne\u011fi (MES\u0130AD) Ba\u015fkan\u0131 Adnan G\u00fcndo\u011fdu, T\u00fcrkiye ekonomisinin daha s\u00fcrd\u00fcr\u00fclebilir ve istikrarl\u0131 bir b\u00fcy\u00fcme i\u00e7in faiz oranlar\u0131n\u0131n d\u00fc\u015f\u00fcr\u00fclmesi gerekti\u011fini ifade etti. <\/p>\n\n\n\n<p><\/p>\n\n\n\n<p>G\u00fcndo\u011fdu, faiz oranlar\u0131n\u0131n y\u00fcksekli\u011finin, sanayicilerin ve giri\u015fimcilerin finansman maliyetlerini art\u0131rarak \u00fcretim ve yat\u0131r\u0131mlar \u00fczerinde olumsuz etkiler yaratt\u0131\u011f\u0131n\u0131 belirtti.<\/p>\n\n\n\n<p>Faiz oranlar\u0131n\u0131n d\u00fc\u015f\u00fcr\u00fclmesinin, i\u015fletmelerin daha d\u00fc\u015f\u00fck maliyetlerle finansman sa\u011flayarak b\u00fcy\u00fcmelerine ve istihdam yaratmalar\u0131na olanak tan\u0131yaca\u011f\u0131n\u0131 vurgulayan G\u00fcndo\u011fdu, &#8220;Faiz oranlar\u0131, sanayi sekt\u00f6r\u00fcnde uzun vadeli yat\u0131r\u0131mlar ve \u00fcretim kapasitesinin art\u0131r\u0131lmas\u0131 i\u00e7in \u00f6nemli bir etken. Bu nedenle, faiz oranlar\u0131n\u0131n makul seviyelere \u00e7ekilmesi, hem yerli hem de yabanc\u0131 yat\u0131r\u0131mlar\u0131n artmas\u0131n\u0131 sa\u011flayacakt\u0131r&#8221; dedi.G\u00fcndo\u011fdu ayr\u0131ca, T\u00fcrkiye&#8217;nin ekonomik b\u00fcy\u00fcme hedeflerine ula\u015fabilmesi i\u00e7in faiz indiriminin yan\u0131 s\u0131ra enflasyonun da kontrol alt\u0131na al\u0131nmas\u0131 gerekti\u011fine dikkat \u00e7ekti. Enflasyonun y\u00fcksek oldu\u011fu bir ortamda, faiz oranlar\u0131n\u0131n y\u00fcksek seyretmesinin yat\u0131r\u0131mc\u0131 g\u00fcvenini sarsabilece\u011fini belirten MES\u0130AD Ba\u015fkan\u0131, ekonomik denetimin g\u00fc\u00e7l\u00fc bir \u015fekilde yap\u0131lmas\u0131n\u0131n \u00f6nemine i\u015faret etti.Son olarak, G\u00fcndo\u011fdu, h\u00fck\u00fcmete \u00e7a\u011fr\u0131da bulunarak, faiz oranlar\u0131n\u0131n d\u00fc\u015f\u00fcr\u00fclmesinin, i\u015f d\u00fcnyas\u0131n\u0131n daha sa\u011flam bir temele oturmas\u0131na katk\u0131 sa\u011flayaca\u011f\u0131na inand\u0131\u011f\u0131n\u0131 s\u00f6yledi. &#8220;Bu ad\u0131mlar, ekonomimizin daha rekabet\u00e7i ve g\u00fc\u00e7l\u00fc bir hale gelmesine yard\u0131mc\u0131 olacakt\u0131r&#8221; diye ekledi.<\/p>\n","protected":false},"excerpt":{"rendered":"<p>Mersin Sanayici ve \u0130\u015f \u0130nsanlar\u0131 Derne\u011fi (MES\u0130AD) Ba\u015fkan\u0131 Adnan G\u00fcndo\u011fdu, T\u00fcrkiye ekonomisinin daha s\u00fcrd\u00fcr\u00fclebilir ve istikrarl\u0131 bir b\u00fcy\u00fcme i\u00e7in faiz oranlar\u0131n\u0131n d\u00fc\u015f\u00fcr\u00fclmesi gerekti\u011fini ifade etti. G\u00fcndo\u011fdu, faiz oranlar\u0131n\u0131n y\u00fcksekli\u011finin, sanayicilerin ve giri\u015fimcilerin finansman maliyetlerini art\u0131rarak \u00fcretim ve yat\u0131r\u0131mlar \u00fczerinde olumsuz etkiler yaratt\u0131\u011f\u0131n\u0131 belirtti. Faiz oranlar\u0131n\u0131n d\u00fc\u015f\u00fcr\u00fclmesinin, i\u015fletmelerin daha d\u00fc\u015f\u00fck maliyetlerle finansman sa\u011flayarak b\u00fcy\u00fcmelerine ve istihdam [&hellip;]<\/p>\n","protected":false},"author":2,"featured_media":38166,"comment_status":"closed","ping_status":"closed","sticky":false,"template":"","format":"standard","meta":{"footnotes":""},"categories":[8,1,2,3],"tags":[],"class_list":["post-38165","post","type-post","status-publish","format-standard","has-post-thumbnail","hentry","category-ekonomi","category-genel","category-gundem","category-manset"],"views":9,"_links":{"self":[{"href":"https:\/\/mersinkadingazetesi.com\/index.php?rest_route=\/wp\/v2\/posts\/38165"}],"collection":[{"href":"https:\/\/mersinkadingazetesi.com\/index.php?rest_route=\/wp\/v2\/posts"}],"about":[{"href":"https:\/\/mersinkadingazetesi.com\/index.php?rest_route=\/wp\/v2\/types\/post"}],"author":[{"embeddable":true,"href":"https:\/\/mersinkadingazetesi.com\/index.php?rest_route=\/wp\/v2\/users\/2"}],"replies":[{"embeddable":true,"href":"https:\/\/mersinkadingazetesi.com\/index.php?rest_route=%2Fwp%2Fv2%2Fcomments&post=38165"}],"version-history":[{"count":1,"href":"https:\/\/mersinkadingazetesi.com\/index.php?rest_route=\/wp\/v2\/posts\/38165\/revisions"}],"predecessor-version":[{"id":38167,"href":"https:\/\/mersinkadingazetesi.com\/index.php?rest_route=\/wp\/v2\/posts\/38165\/revisions\/38167"}],"wp:featuredmedia":[{"embeddable":true,"href":"https:\/\/mersinkadingazetesi.com\/index.php?rest_route=\/wp\/v2\/media\/38166"}],"wp:attachment":[{"href":"https:\/\/mersinkadingazetesi.com\/index.php?rest_route=%2Fwp%2Fv2%2Fmedia&parent=38165"}],"wp:term":[{"taxonomy":"category","embeddable":true,"href":"https:\/\/mersinkadingazetesi.com\/index.php?rest_route=%2Fwp%2Fv2%2Fcategories&post=38165"},{"taxonomy":"post_tag","embeddable":true,"href":"https:\/\/mersinkadingazetesi.com\/index.php?rest_route=%2Fwp%2Fv2%2Ftags&post=38165"}],"curies":[{"name":"wp","href":"https:\/\/api.w.org\/{rel}","templated":true}]}}