{"id":38196,"date":"2024-12-27T11:27:12","date_gmt":"2024-12-27T08:27:12","guid":{"rendered":"https:\/\/mersinkadingazetesi.com\/?p=38196"},"modified":"2024-12-27T11:27:13","modified_gmt":"2024-12-27T08:27:13","slug":"deva-partili-ekmen-kazanan-londra-tefecileri-oldu","status":"publish","type":"post","link":"https:\/\/mersinkadingazetesi.com\/?p=38196","title":{"rendered":"DEVA Partili Ekmen: Kazanan Londra tefecileri oldu\u00a0"},"content":{"rendered":"\n<figure class=\"wp-block-table\"><table class=\"has-fixed-layout\"><tbody><tr><td><strong>DEVA Partisi Genel Ba\u015fkan Yard\u0131mc\u0131s\u0131 Mehmet Emin Ekmen, a\u00e7l\u0131k s\u0131n\u0131r\u0131n\u0131<\/strong><strong>n alt<\/strong><strong>\u0131nda a\u00e7\u0131klanan asgari \u00fccret zam oran\u0131na sert tepki g<\/strong><strong>\u00f6<\/strong><strong>sterdi.<\/strong><strong>TBMM Genel Kurulunda s<\/strong><strong>\u00f6<\/strong><strong>z alan Ekmen, a\u00e7\u0131klanan 22 bin 104 TL<\/strong><strong>\u2019<\/strong><strong>lik rakam\u0131<\/strong><strong>n asgari&nbsp;<\/strong><strong>\u00fccretliyi a\u00e7l\u0131\u011fa, yoksullu\u011fa, insan onuruna ve halk\u0131n insanca ya\u015fam hakk\u0131n\u0131 g<\/strong><strong>\u00f6<\/strong><strong>rmezden geldi\u011fini vurgulayarak,&nbsp;<\/strong><strong>\u201c<\/strong><strong>Alaca\u011f\u0131na y\u00fczde 45 oran\u0131nda zam yapan devlet, asgari \u00fccretliye sadece y\u00fczde 30 art\u0131r\u0131m\u0131 uygun g<\/strong><strong>\u00f6<\/strong><strong>rm\u00fc\u015ft\u00fcr. \u0130ktidar milletimizi, garip gurebay\u0131 de\u011fil, Londra&#8217;daki tefecileri tercih etmi\u015f, onlara taahh\u00fct edilen rakam\u0131 ilan etmi\u015ftir\u201d dedi.&nbsp;<\/strong>&nbsp;DEVA Partisi Genel Ba\u015fkan Yard\u0131mc\u0131s\u0131 ve Mersin Milletvekili Mehmet Emin Ekmen, a\u00e7l\u0131k s\u0131n\u0131r\u0131n\u0131n alt\u0131nda a\u00e7\u0131klanan 22 bin 104 TL\u2019lik asgari \u00fccret zamm\u0131yla ilgili T\u00fcrkiye B\u00fcy\u00fck Millet Meclisi (TBMM) Genel Kurulunda de\u011ferlendirmelerde bulundu.&nbsp;&nbsp;<strong>\u201cDevlet alaca\u011f\u0131na y\u00fczde 45, asgari \u00fccretliye y\u00fczde 30 zam yap\u0131yor\u201d<\/strong>Asgari&nbsp;\u00fccretliyi a\u00e7l\u0131\u011fa, yoksullu\u011fa, insan onuruna ve haysiyetine ayk\u0131r\u0131 ya\u015famaya mahk\u00fbm edecek rakam\u0131n Cumhurba\u015fkan\u0131 Erdo\u011fan taraf\u0131ndan a\u00e7\u0131kland\u0131\u011f\u0131n\u0131&nbsp;hat\u0131rlatan Ekmen,&nbsp;\u201cAkla ziyan, \u0131\u015f\u0131lt\u0131l\u0131 ekonomi politikalar\u0131 gibi rasyonel ekonomik politikalar da sonu\u00e7 vermemi\u015ftir ve halk\u0131m\u0131z y\u00fcksek enflasyon alt\u0131nda ezilmeye mahk\u00fbm edilmi\u015ftir. Alaca\u011f\u0131na y\u00fczde 45 oran\u0131nda zam yapan devlet, asgari \u00fccretliye sadece y\u00fczde 30 art\u0131r\u0131m\u0131 uygun g\u00f6rm\u00fc\u015ft\u00fcr\u201d ifadelerini kulland\u0131.&nbsp;<strong>\u201c\u0130ktidar, milleti de\u011fil Londra\u2019daki tefecileri se\u00e7ti!\u201d<\/strong>Merkez Bankas\u0131 yetkililerinin Londra\u2019daki yat\u0131r\u0131mc\u0131lara verdi\u011fi taahh\u00fctlere de dikkat \u00e7eken Ekmen, \u015funlar\u0131 kaydetti:&nbsp;\u201c\u0130\u015fin en ac\u0131 taraf\u0131&nbsp;da&nbsp;\u015fudur ki: Merkez Bankas\u0131 yetkililerinin aylard\u0131r bir\u00e7ok toplant\u0131da Londra&#8217;daki tefecilere taahh\u00fct ettikleri oran ger\u00e7ekle\u015fmi\u015ftir. \u00d6yle ki bu taahh\u00fctlerden do\u011fan beklenti s\u00f6z konusu kurulu\u015flar\u0131n resm\u00ee raporlar\u0131na dahi yans\u0131m\u0131\u015ft\u0131r ve g\u00fcnler s\u00fcren Asgari&nbsp;\u00dccret Komisyonu tiyatrosundan sonra iktidar milletimizi, garip gurebay\u0131 de\u011fil, Londra&#8217;daki tefecileri tercih etmi\u015f, onlara taahh\u00fct edilen rakam\u0131 ilan etmi\u015ftir.\u201d<\/td><\/tr><\/tbody><\/table><\/figure>\n","protected":false},"excerpt":{"rendered":"<p>DEVA Partisi Genel Ba\u015fkan Yard\u0131mc\u0131s\u0131 Mehmet Emin Ekmen, a\u00e7l\u0131k s\u0131n\u0131r\u0131n\u0131n alt\u0131nda a\u00e7\u0131klanan asgari \u00fccret zam oran\u0131na sert tepki g\u00f6sterdi.TBMM Genel Kurulunda s\u00f6z alan Ekmen, a\u00e7\u0131klanan 22 bin 104 TL\u2019lik rakam\u0131n asgari&nbsp;\u00fccretliyi a\u00e7l\u0131\u011fa, yoksullu\u011fa, insan onuruna ve halk\u0131n insanca ya\u015fam hakk\u0131n\u0131 g\u00f6rmezden geldi\u011fini vurgulayarak,&nbsp;\u201cAlaca\u011f\u0131na y\u00fczde 45 oran\u0131nda zam yapan devlet, asgari \u00fccretliye sadece y\u00fczde 30 art\u0131r\u0131m\u0131 [&hellip;]<\/p>\n","protected":false},"author":2,"featured_media":38197,"comment_status":"closed","ping_status":"closed","sticky":false,"template":"","format":"standard","meta":{"footnotes":""},"categories":[3],"tags":[],"class_list":["post-38196","post","type-post","status-publish","format-standard","has-post-thumbnail","hentry","category-manset"],"views":5,"_links":{"self":[{"href":"https:\/\/mersinkadingazetesi.com\/index.php?rest_route=\/wp\/v2\/posts\/38196"}],"collection":[{"href":"https:\/\/mersinkadingazetesi.com\/index.php?rest_route=\/wp\/v2\/posts"}],"about":[{"href":"https:\/\/mersinkadingazetesi.com\/index.php?rest_route=\/wp\/v2\/types\/post"}],"author":[{"embeddable":true,"href":"https:\/\/mersinkadingazetesi.com\/index.php?rest_route=\/wp\/v2\/users\/2"}],"replies":[{"embeddable":true,"href":"https:\/\/mersinkadingazetesi.com\/index.php?rest_route=%2Fwp%2Fv2%2Fcomments&post=38196"}],"version-history":[{"count":1,"href":"https:\/\/mersinkadingazetesi.com\/index.php?rest_route=\/wp\/v2\/posts\/38196\/revisions"}],"predecessor-version":[{"id":38198,"href":"https:\/\/mersinkadingazetesi.com\/index.php?rest_route=\/wp\/v2\/posts\/38196\/revisions\/38198"}],"wp:featuredmedia":[{"embeddable":true,"href":"https:\/\/mersinkadingazetesi.com\/index.php?rest_route=\/wp\/v2\/media\/38197"}],"wp:attachment":[{"href":"https:\/\/mersinkadingazetesi.com\/index.php?rest_route=%2Fwp%2Fv2%2Fmedia&parent=38196"}],"wp:term":[{"taxonomy":"category","embeddable":true,"href":"https:\/\/mersinkadingazetesi.com\/index.php?rest_route=%2Fwp%2Fv2%2Fcategories&post=38196"},{"taxonomy":"post_tag","embeddable":true,"href":"https:\/\/mersinkadingazetesi.com\/index.php?rest_route=%2Fwp%2Fv2%2Ftags&post=38196"}],"curies":[{"name":"wp","href":"https:\/\/api.w.org\/{rel}","templated":true}]}}