{"id":38219,"date":"2024-12-27T15:48:07","date_gmt":"2024-12-27T12:48:07","guid":{"rendered":"https:\/\/mersinkadingazetesi.com\/?p=38219"},"modified":"2024-12-27T15:48:08","modified_gmt":"2024-12-27T12:48:08","slug":"kadin-emegi-yilbasi-pazarina-ziyaretci-akini","status":"publish","type":"post","link":"https:\/\/mersinkadingazetesi.com\/?p=38219","title":{"rendered":"KADIN EME\u011e\u0130 YILBA\u015eI PAZARI\u2019NA Z\u0130YARET\u00c7\u0130 AKINI"},"content":{"rendered":"\n<p>Akdeniz Belediyesi\u2019nin kurdu\u011fu ve 3 g\u00fcn boyunca Mersinlileri misafir edecek olan Kad\u0131n Eme\u011fi Y\u0131lba\u015f\u0131 Pazar\u0131, yer yer ya\u011f\u0131\u015fl\u0131 havaya ra\u011fmen her ya\u015ftan vatanda\u015f\u0131n yo\u011fun ilgisi alt\u0131nda devam ediyor.<br>Kad\u0131n ve Aile Hizmetleri M\u00fcd\u00fcrl\u00fc\u011f\u00fc ile K\u00fclt\u00fcr ve Sosyal \u0130\u015fler M\u00fcd\u00fcrl\u00fc\u011f\u00fc i\u015fbirli\u011finde organize edilen ve Yo\u011furt Pazar\u0131 Park\u0131\u2019nda a\u00e7\u0131lan Kad\u0131n Eme\u011fi Y\u0131lba\u015f\u0131 Pazar\u0131nda, \u00fcreten Akdenizli kad\u0131nlar, birbirinden g\u00fczel \u00fcr\u00fcnlerini ve el eme\u011fi g\u00f6z nuru eserlerini hem be\u011feni hem de sat\u0131\u015fa sunuyor. B\u00f6ylelikle kad\u0131nlar elde ettikleri gelirle de ailelerinin b\u00fct\u00e7esine \u00f6nemli katk\u0131 sa\u011fl\u0131yor. Park i\u00e7inde a\u00e7\u0131lan ve 3 g\u00fcn boyunca a\u00e7\u0131k kalacak olan stantlar\u0131 ziyaret eden Akdeniz Belediyesi E\u015f Ba\u015fkan\u0131 Nuriye Arslan ve E\u015f Ba\u015fkan Ho\u015fyar Sar\u0131y\u0131ld\u0131z\u2019\u0131n E\u015fi Asl\u0131 Esra Sar\u0131y\u0131ld\u0131z ile Meclis \u00fcyeleri, \u00fcr\u00fcn sat\u0131\u015f\u0131 yapan kad\u0131nlarla sohbet edip hal hat\u0131rlar\u0131n\u0131 sordu, kimi taleplerini dinledi. Stant a\u00e7an kad\u0131n \u00fcreticiler de memnuniyetlerini dile getirip gelir sa\u011flay\u0131c\u0131 projelerin s\u00fcrekli olmas\u0131 y\u00f6n\u00fcndeki isteklerini dile getirdi.<\/p>\n\n\n\n<p>\u201c\u00dcreten kad\u0131nlara her t\u00fcrl\u00fc deste\u011fimiz devam edecek\u201d<\/p>\n\n\n\n<p>Kad\u0131n Eme\u011fi Y\u0131lba\u015f\u0131 Pazar\u0131n\u0131 ziyaretine ili\u015fkin k\u0131sa bir a\u00e7\u0131klama yapan E\u015f Ba\u015fkan Nuriye Arslan; \u201cY\u0131lba\u015f\u0131na \u00f6zel ve 3 g\u00fcn s\u00fcrecek kad\u0131n eme\u011fi pazar\u0131m\u0131z, Yo\u011furt Pazar\u0131 Park\u0131m\u0131zda kurulmu\u015f bulunmakta\u2026 Kad\u0131nlar, de\u011ferli emekleriyle ortaya \u00e7\u0131kard\u0131klar\u0131 \u00e7e\u015fitli \u00fcr\u00fcnleri ve reng\u00e2renk el i\u015fi malzemelerini burada de\u011ferlendirip gelir elde ediyor. Bizler de Akdeniz Belediyesi olarak bu noktada kad\u0131nlara gereken deste\u011fi sunduk. Bundan sonra da b\u00fct\u00fcn kad\u0131nlara, \u00f6zellikler de \u00fcreten kad\u0131nlara deste\u011fimiz devam edecek\u201d diye konu\u015ftu.<br>E\u015f Ba\u015fkan Arslan, konu\u015fmas\u0131n\u0131n devam\u0131nda T\u00fcrk\u00e7e ve K\u00fcrt\u00e7e dillerinde; \u201c2025 y\u0131l\u0131n\u0131n, \u00fclkemizde ve d\u00fcnyam\u0131zda; bar\u0131\u015fa, karde\u015fli\u011fe ve huzura vesile olmas\u0131n\u0131 temenni ediyoruz. Kad\u0131nlar\u0131n kendini g\u00fcvende hissetti\u011fi, gen\u00e7lerin gelece\u011fe umutla bakabilece\u011fi, \u00e7ocuklar\u0131m\u0131z\u0131n da korkmadan g\u00fcven i\u00e7inde ya\u015fayabilece\u011fi bir \u00fclke ve d\u00fcnya umuduyla, t\u00fcm insanl\u0131\u011f\u0131n, halklar\u0131m\u0131z\u0131n yeni y\u0131l\u0131 kutlu olsun\u201d s\u00f6zleriyle, vatanda\u015flar\u0131n yeni y\u0131l\u0131n\u0131 da kutlad\u0131. (Haber Merkezi)<\/p>\n\n\n\n<h3 class=\"wp-block-heading\"><\/h3>\n","protected":false},"excerpt":{"rendered":"<p>Akdeniz Belediyesi\u2019nin kurdu\u011fu ve 3 g\u00fcn boyunca Mersinlileri misafir edecek olan Kad\u0131n Eme\u011fi Y\u0131lba\u015f\u0131 Pazar\u0131, yer yer ya\u011f\u0131\u015fl\u0131 havaya ra\u011fmen her ya\u015ftan vatanda\u015f\u0131n yo\u011fun ilgisi alt\u0131nda devam ediyor.Kad\u0131n ve Aile Hizmetleri M\u00fcd\u00fcrl\u00fc\u011f\u00fc ile K\u00fclt\u00fcr ve Sosyal \u0130\u015fler M\u00fcd\u00fcrl\u00fc\u011f\u00fc i\u015fbirli\u011finde organize edilen ve Yo\u011furt Pazar\u0131 Park\u0131\u2019nda a\u00e7\u0131lan Kad\u0131n Eme\u011fi Y\u0131lba\u015f\u0131 Pazar\u0131nda, \u00fcreten Akdenizli kad\u0131nlar, birbirinden g\u00fczel [&hellip;]<\/p>\n","protected":false},"author":2,"featured_media":38220,"comment_status":"closed","ping_status":"closed","sticky":false,"template":"","format":"standard","meta":{"footnotes":""},"categories":[34,2,3,5],"tags":[],"class_list":["post-38219","post","type-post","status-publish","format-standard","has-post-thumbnail","hentry","category-flas-haber","category-gundem","category-manset","category-mersin"],"views":7,"_links":{"self":[{"href":"https:\/\/mersinkadingazetesi.com\/index.php?rest_route=\/wp\/v2\/posts\/38219"}],"collection":[{"href":"https:\/\/mersinkadingazetesi.com\/index.php?rest_route=\/wp\/v2\/posts"}],"about":[{"href":"https:\/\/mersinkadingazetesi.com\/index.php?rest_route=\/wp\/v2\/types\/post"}],"author":[{"embeddable":true,"href":"https:\/\/mersinkadingazetesi.com\/index.php?rest_route=\/wp\/v2\/users\/2"}],"replies":[{"embeddable":true,"href":"https:\/\/mersinkadingazetesi.com\/index.php?rest_route=%2Fwp%2Fv2%2Fcomments&post=38219"}],"version-history":[{"count":1,"href":"https:\/\/mersinkadingazetesi.com\/index.php?rest_route=\/wp\/v2\/posts\/38219\/revisions"}],"predecessor-version":[{"id":38221,"href":"https:\/\/mersinkadingazetesi.com\/index.php?rest_route=\/wp\/v2\/posts\/38219\/revisions\/38221"}],"wp:featuredmedia":[{"embeddable":true,"href":"https:\/\/mersinkadingazetesi.com\/index.php?rest_route=\/wp\/v2\/media\/38220"}],"wp:attachment":[{"href":"https:\/\/mersinkadingazetesi.com\/index.php?rest_route=%2Fwp%2Fv2%2Fmedia&parent=38219"}],"wp:term":[{"taxonomy":"category","embeddable":true,"href":"https:\/\/mersinkadingazetesi.com\/index.php?rest_route=%2Fwp%2Fv2%2Fcategories&post=38219"},{"taxonomy":"post_tag","embeddable":true,"href":"https:\/\/mersinkadingazetesi.com\/index.php?rest_route=%2Fwp%2Fv2%2Ftags&post=38219"}],"curies":[{"name":"wp","href":"https:\/\/api.w.org\/{rel}","templated":true}]}}