{"id":38228,"date":"2024-12-27T17:32:24","date_gmt":"2024-12-27T14:32:24","guid":{"rendered":"https:\/\/mersinkadingazetesi.com\/?p=38228"},"modified":"2024-12-27T17:32:25","modified_gmt":"2024-12-27T14:32:25","slug":"sgknin-e-haciz-islemine-karsi-buyuksehirden-adim-4-tasinmaz-teminat-olarak-gosterildi","status":"publish","type":"post","link":"https:\/\/mersinkadingazetesi.com\/?p=38228","title":{"rendered":"SGK&#8217;N\u0130N E-HAC\u0130Z \u0130\u015eLEM\u0130NE KAR\u015eI B\u00dcY\u00dcK\u015eEH\u0130R&#8217;DEN ADIM: 4 TA\u015eINMAZ TEM\u0130NAT OLARAK G\u00d6STER\u0130LD\u0130"},"content":{"rendered":"\n<p>Mersin B\u00fcy\u00fck\u015fehir Belediye Meclisi&#8217;nin 2024 Y\u0131l\u0131 1. Ola\u011fan\u00fcst\u00fc Meclis Toplant\u0131s\u0131, Mersin B\u00fcy\u00fck\u015fehir Belediye Meclis 1. Ba\u015fkan Vekili Ali Uyan ba\u015fkanl\u0131\u011f\u0131nda ger\u00e7ekle\u015ftirildi. Meclis&#8217;te toplam 3 madde g\u00f6r\u00fc\u015f\u00fcld\u00fc ve oy birli\u011fi ile kabul edildi.<\/p>\n\n\n\n<p>Mersin B\u00fcy\u00fck\u015fehir Belediye Meclis 1. Ba\u015fkan Vekili Ali Uyan, 1. Ola\u011fan\u00fcst\u00fc Meclis Toplant\u0131s\u0131&#8217;n\u0131n g\u00fcndem d\u0131\u015f\u0131 konu\u015fmalar b\u00f6l\u00fcm\u00fcnde Mersin B\u00fcy\u00fck\u015fehir Belediye Ba\u015fkan\u0131 Vahap Se\u00e7er&#8217;in ge\u00e7en hafta vefat eden karde\u015fi U\u011furcan Se\u00e7er&#8217;e rahmet dileyerek, Ba\u015fkan Vahap Se\u00e7er&#8217;e, t\u00fcm aile bireylerine ve sevenlerine ba\u015fsa\u011fl\u0131\u011f\u0131 dileklerini iletti. Uyan, \u0130stiklal Mar\u015f\u0131&#8217;n\u0131n yazar\u0131 \u015eair Mehmet Akif Ersoy&#8217;u da 88. \u00f6l\u00fcm y\u0131l d\u00f6n\u00fcm\u00fcnde sayg\u0131 ve rahmetle and\u0131.&nbsp;<\/p>\n\n\n\n<p><strong>Uyan: &#8220;Tarsus&#8217;un emperyalist i\u015fgalcilerden kurtulu\u015funun 103. y\u0131l d\u00f6n\u00fcm\u00fc kutlu olsun&#8221;<\/strong><\/p>\n\n\n\n<p>27 Aral\u0131k Tarsus&#8217;un d\u00fc\u015fman i\u015fgalinden kurtulu\u015funun 103. y\u0131l d\u00f6n\u00fcm\u00fcn\u00fc kutlayan Uyan,&nbsp;<strong>&#8220;Tarsus&#8217;un emperyalist i\u015fgalcilerden kurtulu\u015funun 103. y\u0131l d\u00f6n\u00fcm\u00fc kutlu olsun. Bu vesileyle Cumhuriyetimizin kurucusu Gazi Mustafa Kemal Atat\u00fcrk, m\u00fccadele arkada\u015flar\u0131 ve t\u00fcm \u015fehitlerimizi sayg\u0131yla, rahmetle ve minnetle an\u0131yoruz&#8221;<\/strong>&nbsp;dedi.<\/p>\n\n\n\n<p>2025 y\u0131l\u0131na say\u0131l\u0131 g\u00fcnler kala yeni y\u0131l dileklerinde bulunan Uyan,&nbsp;<strong>&#8220;2025 y\u0131l\u0131n\u0131n \u00fclkemize, b\u00f6lgemize ve t\u00fcm d\u00fcnyaya bar\u0131\u015f ve huzur getirmesini diliyorum. Sava\u015fs\u0131z, bar\u0131\u015f ortam\u0131nda bir d\u00fcnya dileklerimle 2025 y\u0131l\u0131n\u0131 kutluyorum&#8221;<\/strong>&nbsp;ifadelerine yer verdi.&nbsp;<\/p>\n\n\n\n<p><strong>SGK prim bor\u00e7lar\u0131 i\u00e7in ta\u015f\u0131nmazlar teminat g\u00f6sterildi<\/strong><\/p>\n\n\n\n<p>Meclis&#8217;te Mersin B\u00fcy\u00fck\u015fehir Belediyesi i\u015ftirakleri K\u00fclt\u00fcr Sanat Bilim Ula\u015ft\u0131rma Ticaret ve Sanayi A.\u015e, Denizk\u0131z\u0131 Turizm A.\u015e ve MESK\u0130 Personel A.\u015e.&#8217;nin SGK \u0130l M\u00fcd\u00fcrl\u00fc\u011f\u00fc&#8217;ne prim borcunun tecil ve taksitlendirebilmesi i\u00e7in Mersin B\u00fcy\u00fck\u015fehir Belediyesi&#8217;ne ait baz\u0131 ta\u015f\u0131nmazlar\u0131n teminat g\u00f6sterilmesi ile ilgili maddeler g\u00f6r\u00fc\u015f\u00fcld\u00fc.<\/p>\n\n\n\n<p>Belirlenen ta\u015f\u0131nmazlar\u0131n teminat olarak g\u00f6sterilmesi ile ilgili maddeler Meclis \u00fcyeleri taraf\u0131ndan oy birli\u011fi ile kabul edildi. \u0130lgili maddelerin g\u00f6r\u00fc\u015f\u00fcl\u00fcp oylanmas\u0131n\u0131n ard\u0131ndan Meclis toplant\u0131s\u0131 sona erdi.<\/p>\n","protected":false},"excerpt":{"rendered":"<p>Mersin B\u00fcy\u00fck\u015fehir Belediye Meclisi&#8217;nin 2024 Y\u0131l\u0131 1. Ola\u011fan\u00fcst\u00fc Meclis Toplant\u0131s\u0131, Mersin B\u00fcy\u00fck\u015fehir Belediye Meclis 1. Ba\u015fkan Vekili Ali Uyan ba\u015fkanl\u0131\u011f\u0131nda ger\u00e7ekle\u015ftirildi. Meclis&#8217;te toplam 3 madde g\u00f6r\u00fc\u015f\u00fcld\u00fc ve oy birli\u011fi ile kabul edildi. Mersin B\u00fcy\u00fck\u015fehir Belediye Meclis 1. Ba\u015fkan Vekili Ali Uyan, 1. Ola\u011fan\u00fcst\u00fc Meclis Toplant\u0131s\u0131&#8217;n\u0131n g\u00fcndem d\u0131\u015f\u0131 konu\u015fmalar b\u00f6l\u00fcm\u00fcnde Mersin B\u00fcy\u00fck\u015fehir Belediye Ba\u015fkan\u0131 Vahap Se\u00e7er&#8217;in [&hellip;]<\/p>\n","protected":false},"author":2,"featured_media":38229,"comment_status":"closed","ping_status":"closed","sticky":false,"template":"","format":"standard","meta":{"footnotes":""},"categories":[3],"tags":[],"class_list":["post-38228","post","type-post","status-publish","format-standard","has-post-thumbnail","hentry","category-manset"],"views":2,"_links":{"self":[{"href":"https:\/\/mersinkadingazetesi.com\/index.php?rest_route=\/wp\/v2\/posts\/38228"}],"collection":[{"href":"https:\/\/mersinkadingazetesi.com\/index.php?rest_route=\/wp\/v2\/posts"}],"about":[{"href":"https:\/\/mersinkadingazetesi.com\/index.php?rest_route=\/wp\/v2\/types\/post"}],"author":[{"embeddable":true,"href":"https:\/\/mersinkadingazetesi.com\/index.php?rest_route=\/wp\/v2\/users\/2"}],"replies":[{"embeddable":true,"href":"https:\/\/mersinkadingazetesi.com\/index.php?rest_route=%2Fwp%2Fv2%2Fcomments&post=38228"}],"version-history":[{"count":1,"href":"https:\/\/mersinkadingazetesi.com\/index.php?rest_route=\/wp\/v2\/posts\/38228\/revisions"}],"predecessor-version":[{"id":38230,"href":"https:\/\/mersinkadingazetesi.com\/index.php?rest_route=\/wp\/v2\/posts\/38228\/revisions\/38230"}],"wp:featuredmedia":[{"embeddable":true,"href":"https:\/\/mersinkadingazetesi.com\/index.php?rest_route=\/wp\/v2\/media\/38229"}],"wp:attachment":[{"href":"https:\/\/mersinkadingazetesi.com\/index.php?rest_route=%2Fwp%2Fv2%2Fmedia&parent=38228"}],"wp:term":[{"taxonomy":"category","embeddable":true,"href":"https:\/\/mersinkadingazetesi.com\/index.php?rest_route=%2Fwp%2Fv2%2Fcategories&post=38228"},{"taxonomy":"post_tag","embeddable":true,"href":"https:\/\/mersinkadingazetesi.com\/index.php?rest_route=%2Fwp%2Fv2%2Ftags&post=38228"}],"curies":[{"name":"wp","href":"https:\/\/api.w.org\/{rel}","templated":true}]}}