{"id":38241,"date":"2024-12-29T10:35:46","date_gmt":"2024-12-29T07:35:46","guid":{"rendered":"https:\/\/mersinkadingazetesi.com\/?p=38241"},"modified":"2024-12-29T10:35:47","modified_gmt":"2024-12-29T07:35:47","slug":"mersinin-zengin-kulturel-dokusu-sanat-tuvallerini-susluyor","status":"publish","type":"post","link":"https:\/\/mersinkadingazetesi.com\/?p=38241","title":{"rendered":"Mersin\u2019in zengin k\u00fclt\u00fcrel dokusu, sanat tuvallerini s\u00fcsl\u00fcyor\u00a0"},"content":{"rendered":"\n<p>Mersin\u2019in \u00fcnl\u00fc ressamlar\u0131ndan Say\u0131m Ko\u00e7, MTSO Sanat Galerisi\u2019nde a\u00e7t\u0131\u011f\u0131 6\u2019nc\u0131 ki\u015fisel sergisinde, Y\u00f6r\u00fck ya\u015fam\u0131n\u0131, geleneklerini ve do\u011fal g\u00fczelliklerini betimlerken, bu k\u00fclt\u00fcr\u00fc sanat arac\u0131l\u0131\u011f\u0131yla gelecek nesillere aktarmay\u0131 hedefliyor. Ayn\u0131 zamanda Mersin\u2019in do\u011fal manzaralar\u0131n\u0131 da \u00f6n plana \u00e7\u0131karan Ko\u00e7\u2019un sergisinde, 40 eseri bulunuyor. Eserler aras\u0131nda sanat\u00e7\u0131n\u0131n 16 ya\u015f\u0131ndaki torununun da iki eseri yer al\u0131yor.&nbsp;<br>Sergi a\u00e7\u0131l\u0131\u015f\u0131na, MTSO Y\u00f6netim Kurulu Ba\u015fkan\u0131 Hakan Sefa \u00c7ak\u0131r ve Meclis Ba\u015fkan\u0131 Hamit \u0130zol ile Toroslar Belediye Ba\u015fkan\u0131 Abdurrahman Y\u0131ld\u0131z\u2019\u0131n yan\u0131 s\u0131ra MTSO E\u011fitim ve Kalk\u0131nma Vakf\u0131 Ba\u015fkan\u0131 \u0130smail Yavuz \u00d6zg\u00fcven, MTSO Eski Meclis Ba\u015fkan\u0131 Faik Burakgazi, Oda Meclis \u00dcyeleri ve \u00e7ok say\u0131da davetli kat\u0131ld\u0131.&nbsp;<\/p>\n\n\n\n<p><strong>Ko\u00e7; \u201c\u0130lk ki\u015fisel sergimi MTSO Sanat Galerisi\u2019nde a\u00e7t\u0131m\u201d<\/strong><br>Sergi a\u00e7\u0131l\u0131\u015f\u0131nda konu\u015fan Ressam Say\u0131m Ko\u00e7, 90\u2019l\u0131 y\u0131llarda ilkokullarda resim \u00f6\u011fretmeni olarak kariyerine ba\u015flad\u0131\u011f\u0131n\u0131 ve MTSO\u2019da \u0130lhan \u00c7evik\u2019in Resim At\u00f6lyesi\u2019nde ald\u0131\u011f\u0131 e\u011fitimle sanat hayat\u0131na y\u00f6n verdi\u011fini anlatt\u0131. \u0130lk ki\u015fisel sergisini de yine MTSO Sanat Galerisi\u2019nde a\u00e7t\u0131\u011f\u0131n\u0131 bildiren Ko\u00e7, \u201cResme olan tutkum, \u00e7ocukluk d\u00f6nemime kadar uzan\u0131yor. O zamanlar sanat galerilerini ziyaret edip, sergileri izlemeyi \u00e7ok severdim. Derslerde \u00f6\u011fretmenlerimin portelerini \u00e7izerdim. Bu tutkum ya\u015fam bi\u00e7imi haline gelene kadar devam etti\u201d dedi.&nbsp;<\/p>\n\n\n\n<p>Mersinli oldu\u011funu ve tema olarak Orta Toroslar\u2019\u0131n ya\u015fam bi\u00e7imini se\u00e7erek, bu k\u00fclt\u00fcr\u00fc sanat arac\u0131l\u0131\u011f\u0131yla gelecek nesillere aktarmay\u0131 hedefledi\u011fini belirten Sanat\u00e7\u0131 Ko\u00e7, \u201cResim yapmak benim i\u00e7in sadece bir sanat de\u011fil. Ayn\u0131 zamanda k\u00fclt\u00fcrel miras\u0131n gelecek nesillere aktar\u0131lmas\u0131 i\u00e7in bir y\u00f6ntem olarak g\u00f6r\u00fcyorum\u201d diyor. \u00d6zellikle k\u0131\u015f aylar\u0131nda resim yapmay\u0131 tercih etti\u011fine de de\u011finen Ko\u00e7, yaz\u0131n tar\u0131mla u\u011fra\u015ft\u0131\u011f\u0131n\u0131 kaydetti.&nbsp;<br>Sanat\u00e7\u0131 \u00f6n\u00fcm\u00fczdeki d\u00f6nemde de sergiler a\u00e7may\u0131 hedefledi\u011fini s\u00f6zlerine ekleyerek, eserleriyle fark\u0131ndal\u0131k yaratmaya devam edece\u011fini s\u00f6yledi.&nbsp;<\/p>\n\n\n\n<p>17 Ocak g\u00fcn\u00fcne kadar a\u00e7\u0131k kalacak olan sergi, hafta i\u00e7i 08.30-18.00, Cumartesi g\u00fcn\u00fc ise 10.00-17.00 saatleri aras\u0131nda gezilebilir.<br>&nbsp;<\/p>\n","protected":false},"excerpt":{"rendered":"<p>Mersin\u2019in \u00fcnl\u00fc ressamlar\u0131ndan Say\u0131m Ko\u00e7, MTSO Sanat Galerisi\u2019nde a\u00e7t\u0131\u011f\u0131 6\u2019nc\u0131 ki\u015fisel sergisinde, Y\u00f6r\u00fck ya\u015fam\u0131n\u0131, geleneklerini ve do\u011fal g\u00fczelliklerini betimlerken, bu k\u00fclt\u00fcr\u00fc sanat arac\u0131l\u0131\u011f\u0131yla gelecek nesillere aktarmay\u0131 hedefliyor. Ayn\u0131 zamanda Mersin\u2019in do\u011fal manzaralar\u0131n\u0131 da \u00f6n plana \u00e7\u0131karan Ko\u00e7\u2019un sergisinde, 40 eseri bulunuyor. Eserler aras\u0131nda sanat\u00e7\u0131n\u0131n 16 ya\u015f\u0131ndaki torununun da iki eseri yer al\u0131yor.&nbsp;Sergi a\u00e7\u0131l\u0131\u015f\u0131na, MTSO Y\u00f6netim [&hellip;]<\/p>\n","protected":false},"author":2,"featured_media":38242,"comment_status":"closed","ping_status":"closed","sticky":false,"template":"","format":"standard","meta":{"footnotes":""},"categories":[3],"tags":[],"class_list":["post-38241","post","type-post","status-publish","format-standard","has-post-thumbnail","hentry","category-manset"],"views":7,"_links":{"self":[{"href":"https:\/\/mersinkadingazetesi.com\/index.php?rest_route=\/wp\/v2\/posts\/38241"}],"collection":[{"href":"https:\/\/mersinkadingazetesi.com\/index.php?rest_route=\/wp\/v2\/posts"}],"about":[{"href":"https:\/\/mersinkadingazetesi.com\/index.php?rest_route=\/wp\/v2\/types\/post"}],"author":[{"embeddable":true,"href":"https:\/\/mersinkadingazetesi.com\/index.php?rest_route=\/wp\/v2\/users\/2"}],"replies":[{"embeddable":true,"href":"https:\/\/mersinkadingazetesi.com\/index.php?rest_route=%2Fwp%2Fv2%2Fcomments&post=38241"}],"version-history":[{"count":1,"href":"https:\/\/mersinkadingazetesi.com\/index.php?rest_route=\/wp\/v2\/posts\/38241\/revisions"}],"predecessor-version":[{"id":38243,"href":"https:\/\/mersinkadingazetesi.com\/index.php?rest_route=\/wp\/v2\/posts\/38241\/revisions\/38243"}],"wp:featuredmedia":[{"embeddable":true,"href":"https:\/\/mersinkadingazetesi.com\/index.php?rest_route=\/wp\/v2\/media\/38242"}],"wp:attachment":[{"href":"https:\/\/mersinkadingazetesi.com\/index.php?rest_route=%2Fwp%2Fv2%2Fmedia&parent=38241"}],"wp:term":[{"taxonomy":"category","embeddable":true,"href":"https:\/\/mersinkadingazetesi.com\/index.php?rest_route=%2Fwp%2Fv2%2Fcategories&post=38241"},{"taxonomy":"post_tag","embeddable":true,"href":"https:\/\/mersinkadingazetesi.com\/index.php?rest_route=%2Fwp%2Fv2%2Ftags&post=38241"}],"curies":[{"name":"wp","href":"https:\/\/api.w.org\/{rel}","templated":true}]}}