{"id":38244,"date":"2024-12-29T10:36:53","date_gmt":"2024-12-29T07:36:53","guid":{"rendered":"https:\/\/mersinkadingazetesi.com\/?p=38244"},"modified":"2024-12-29T10:36:54","modified_gmt":"2024-12-29T07:36:54","slug":"mersin-bu-yil-da-yeni-yila-isil-isil-girecek","status":"publish","type":"post","link":"https:\/\/mersinkadingazetesi.com\/?p=38244","title":{"rendered":"MERS\u0130N, BU YIL DA YEN\u0130 YILA I\u015eIL I\u015eIL G\u0130RECEK"},"content":{"rendered":"\n<p>2025 y\u0131l\u0131na say\u0131l\u0131 g\u00fcnler kala Mersin B\u00fcy\u00fck\u015fehir Belediyesi Park ve Bah\u00e7eler Dairesi Ba\u015fkanl\u0131\u011f\u0131, her y\u0131l oldu\u011fu gibi bu y\u0131l da harekete ge\u00e7erek kenti yeni y\u0131la haz\u0131rlad\u0131. Kentin i\u015flek cadde ve bulvarlar\u0131n\u0131 \u00e7e\u015fitli dekorasyon, \u0131\u015f\u0131kland\u0131rma ve s\u00fcslemelerle donatan B\u00fcy\u00fck\u015fehir, yeni y\u0131l\u0131n ne\u015fesini ve umut dolu atmosferini t\u00fcm kente yayd\u0131.<\/p>\n\n\n\n<p><strong>Y\u0131lba\u015f\u0131na uygun s\u00fcslemelerle Mersin \u0131\u015f\u0131l \u0131\u015f\u0131l oldu<\/strong><\/p>\n\n\n\n<p>Her y\u0131l yeni y\u0131l kutlamalar\u0131na heyecan ve g\u00fczellik katmak i\u00e7in harekete ge\u00e7en Mersin B\u00fcy\u00fck\u015fehir Belediyesi Park ve Bah\u00e7eler Dairesi Ba\u015fkanl\u0131\u011f\u0131 ekipleri, bu y\u0131l da y\u0131lba\u015f\u0131 ruhuna uygun maketlerle kenti s\u00fcsleyerek, \u0131\u015f\u0131l \u0131\u015f\u0131l ve estetik bir g\u00f6r\u00fcnt\u00fc olu\u015fturdu. Noel Baba, \u00e7am a\u011fac\u0131, geyikler, \u015feker, hediye kutusu ve \u0131\u015f\u0131kl\u0131 2025 yaz\u0131s\u0131 gibi y\u0131lba\u015f\u0131 konseptli \u00fcr\u00fcnler, kentin i\u015flek caddelerindeki kav\u015faklara yerle\u015ftirildi.<\/p>\n\n\n\n<p>Mersinliler yeni y\u0131la girmeye haz\u0131rlan\u0131rken, caddeler de \u0131\u015f\u0131l \u0131\u015f\u0131l olmaya ba\u015flad\u0131. Mersin merkezin yan\u0131 s\u0131ra Tarsus Yarenlik Alan\u0131, Kleopatra Kap\u0131s\u0131 gibi vatanda\u015flar\u0131n yo\u011fun kulland\u0131\u011f\u0131 noktalar ile Mut, G\u00fclnar, Erdemli, Silifke gibi il\u00e7elerde de s\u00fcslemeler yap\u0131ld\u0131.<\/p>\n","protected":false},"excerpt":{"rendered":"<p>2025 y\u0131l\u0131na say\u0131l\u0131 g\u00fcnler kala Mersin B\u00fcy\u00fck\u015fehir Belediyesi Park ve Bah\u00e7eler Dairesi Ba\u015fkanl\u0131\u011f\u0131, her y\u0131l oldu\u011fu gibi bu y\u0131l da harekete ge\u00e7erek kenti yeni y\u0131la haz\u0131rlad\u0131. Kentin i\u015flek cadde ve bulvarlar\u0131n\u0131 \u00e7e\u015fitli dekorasyon, \u0131\u015f\u0131kland\u0131rma ve s\u00fcslemelerle donatan B\u00fcy\u00fck\u015fehir, yeni y\u0131l\u0131n ne\u015fesini ve umut dolu atmosferini t\u00fcm kente yayd\u0131. Y\u0131lba\u015f\u0131na uygun s\u00fcslemelerle Mersin \u0131\u015f\u0131l \u0131\u015f\u0131l oldu [&hellip;]<\/p>\n","protected":false},"author":2,"featured_media":38245,"comment_status":"closed","ping_status":"closed","sticky":false,"template":"","format":"standard","meta":{"footnotes":""},"categories":[3],"tags":[],"class_list":["post-38244","post","type-post","status-publish","format-standard","has-post-thumbnail","hentry","category-manset"],"views":10,"_links":{"self":[{"href":"https:\/\/mersinkadingazetesi.com\/index.php?rest_route=\/wp\/v2\/posts\/38244"}],"collection":[{"href":"https:\/\/mersinkadingazetesi.com\/index.php?rest_route=\/wp\/v2\/posts"}],"about":[{"href":"https:\/\/mersinkadingazetesi.com\/index.php?rest_route=\/wp\/v2\/types\/post"}],"author":[{"embeddable":true,"href":"https:\/\/mersinkadingazetesi.com\/index.php?rest_route=\/wp\/v2\/users\/2"}],"replies":[{"embeddable":true,"href":"https:\/\/mersinkadingazetesi.com\/index.php?rest_route=%2Fwp%2Fv2%2Fcomments&post=38244"}],"version-history":[{"count":1,"href":"https:\/\/mersinkadingazetesi.com\/index.php?rest_route=\/wp\/v2\/posts\/38244\/revisions"}],"predecessor-version":[{"id":38246,"href":"https:\/\/mersinkadingazetesi.com\/index.php?rest_route=\/wp\/v2\/posts\/38244\/revisions\/38246"}],"wp:featuredmedia":[{"embeddable":true,"href":"https:\/\/mersinkadingazetesi.com\/index.php?rest_route=\/wp\/v2\/media\/38245"}],"wp:attachment":[{"href":"https:\/\/mersinkadingazetesi.com\/index.php?rest_route=%2Fwp%2Fv2%2Fmedia&parent=38244"}],"wp:term":[{"taxonomy":"category","embeddable":true,"href":"https:\/\/mersinkadingazetesi.com\/index.php?rest_route=%2Fwp%2Fv2%2Fcategories&post=38244"},{"taxonomy":"post_tag","embeddable":true,"href":"https:\/\/mersinkadingazetesi.com\/index.php?rest_route=%2Fwp%2Fv2%2Ftags&post=38244"}],"curies":[{"name":"wp","href":"https:\/\/api.w.org\/{rel}","templated":true}]}}