{"id":38247,"date":"2024-12-29T10:38:05","date_gmt":"2024-12-29T07:38:05","guid":{"rendered":"https:\/\/mersinkadingazetesi.com\/?p=38247"},"modified":"2024-12-29T10:38:06","modified_gmt":"2024-12-29T07:38:06","slug":"mersinin-yoresel-lezzeti-kaynar-vatandaslarin-icini-isitiyor","status":"publish","type":"post","link":"https:\/\/mersinkadingazetesi.com\/?p=38247","title":{"rendered":"MERS\u0130N&#8217;\u0130N Y\u00d6RESEL LEZZET\u0130 &#8216;KAYNAR&#8217; VATANDA\u015eLARIN \u0130\u00c7\u0130N\u0130 ISITIYOR"},"content":{"rendered":"\n<p>Mersin B\u00fcy\u00fck\u015fehir Belediyesi, so\u011fuk k\u0131\u015f g\u00fcnlerinde vatanda\u015flar\u0131n i\u00e7ini \u0131s\u0131tan&nbsp;<strong>&#8216;Kaynar&#8217;<\/strong>&nbsp;ikram\u0131 yap\u0131yor. Kentin y\u00f6resel lezzetlerinden biri olan Kaynar, i\u00e7eri\u011findeki bol baharatlarla hem lezzetli hem de \u015fifal\u0131 bir i\u00e7ecek olarak tercih ediliyor.<\/p>\n\n\n\n<p>Vatanda\u015flar, so\u011fuk havada s\u0131cac\u0131k Kaynar i\u00e7menin keyfini ya\u015f\u0131yor. Kaynar, i\u00e7erdi\u011fi baharatlar sayesinde hem s\u0131cak tutuyor hem de so\u011fuk alg\u0131nl\u0131klar\u0131na kar\u015f\u0131 koruyucu bir etki sa\u011fl\u0131yor. B\u00fcy\u00fck\u015fehir, bu ikramla sadece vatanda\u015flar\u0131n i\u00e7ini \u0131s\u0131tmakla kalm\u0131yor, ayn\u0131 zamanda yerel lezzetlerin de tan\u0131t\u0131m\u0131n\u0131 yap\u0131yor. Kaynar, \u00f6zellikle so\u011fuk havalarda yo\u011fun ilgi g\u00f6r\u00fcyor ve Mersinliler, bu pratik ve lezzetli ikram\u0131 memnuniyetle tad\u0131yor.<\/p>\n\n\n\n<p>B\u00fcy\u00fck\u015fehir Belediyesi, Sosyal Hizmetler Dairesi Ba\u015fkanl\u0131\u011f\u0131 b\u00fcnyesinde haftan\u0131n 5 g\u00fcn\u00fc 6 farkl\u0131 noktada mobil ara\u00e7larla Kaynar da\u011f\u0131t\u0131m\u0131 yap\u0131yor. Pazartesi g\u00fcn\u00fc Tarsus PTT Yarenlik Alan\u0131 \u00e7\u0131k\u0131\u015f\u0131nda, Sal\u0131 g\u00fcn\u00fc bankalar \u00f6n\u00fcnde, \u00c7ar\u015famba g\u00fcn\u00fc Toroslar Kuvayi Milliye Caddesi&#8217;nde, Per\u015fembe g\u00fcn\u00fc Akdeniz il\u00e7esi Yo\u011furt Pazar\u0131&#8217;nda, Cuma g\u00fcn\u00fc Yeni\u015fehir il\u00e7esi Alanya Soka\u011f\u0131 ve Tarsus K\u00fclt\u00fcr Park \u00f6n\u00fcnde Kaynar ikram\u0131 yap\u0131l\u0131yor.<\/p>\n\n\n\n<p><strong>Yazg\u0131: &#8220;Bu geleneksel i\u00e7ecek b\u00fcy\u00fck be\u011feni topluyor&#8221;<\/strong><\/p>\n\n\n\n<p>B\u00fcy\u00fck\u015fehir Belediyesi Sosyal Hizmetler Dairesi&#8217;nde g\u00f6rev yapan Sosyal Hizmet Uzman\u0131 Yusuf Yazg\u0131,&nbsp;<strong>&#8220;K\u0131\u015f aylar\u0131nda vatanda\u015flar\u0131m\u0131z\u0131n sa\u011fl\u0131\u011f\u0131n\u0131 korumak ve ba\u011f\u0131\u015f\u0131kl\u0131k sistemlerini desteklemek amac\u0131yla, zengin baharatlarla yap\u0131lan geleneksel Kaynar da\u011f\u0131t\u0131m\u0131n\u0131 ger\u00e7ekle\u015ftiriyoruz. Kentimizin 6 yo\u011fun meydan\u0131nda haftan\u0131n 5 g\u00fcn\u00fc da\u011f\u0131t\u0131m yapt\u0131\u011f\u0131m\u0131z bu geleneksel i\u00e7ecek, b\u00fcy\u00fck be\u011feni topluyor. Kaynar da\u011f\u0131t\u0131m\u0131 Mersinlilerin k\u0131\u015f g\u00fcnlerinde i\u00e7ini \u0131s\u0131tman\u0131n yan\u0131 s\u0131ra, k\u00fclt\u00fcrel bir de\u011feri ya\u015fatma misyonumuzu da destekliyor&#8221;&nbsp;<\/strong>dedi.<\/p>\n\n\n\n<p><strong>Mersinlilerin bu so\u011fuk g\u00fcnlerde i\u00e7leri Kaynarla \u0131s\u0131n\u0131yor<\/strong><\/p>\n\n\n\n<p>Kaynar\u0131 \u00e7ok sevdi\u011fini ve so\u011fuk havada \u00e7ok iyi geldi\u011fini belirten Sevin\u00e7 Takar,&nbsp;<strong>&#8220;Bu so\u011fuk havada Kaynar i\u00e7imizi \u0131s\u0131tt\u0131. \u00c7ok mutlu olduk, te\u015fekk\u00fcr ederiz&#8221;&nbsp;<\/strong>diye konu\u015ftu.<\/p>\n\n\n\n<p>Mersinli olmas\u0131na ra\u011fmen daha \u00f6nce Kaynar tatmad\u0131\u011f\u0131n\u0131 kaydeden Gurbet \u00c7irik,&nbsp;<strong>&#8220;\u0130lk defa i\u00e7iyorum. \u00c7ok g\u00fczel. Hava \u00e7ok so\u011fuk, i\u00e7imi \u0131s\u0131tt\u0131&#8221;<\/strong>&nbsp;ifadelerine yer verdi. Kaynar\u0131n \u015fifa kayna\u011f\u0131 oldu\u011funu ifade eden G\u00fclhan \u00d6ner,&nbsp;<strong>&#8220;Kaynar severim. \u00c7ok g\u00fczel. So\u011fuk havada \u015fifal\u0131 i\u00e7ecek, \u00e7ok g\u00fczel gidiyor&#8221;&nbsp;<\/strong>dedi.<\/p>\n\n\n\n<p>B\u00fcy\u00fck\u015fehir Belediyesi&#8217;nin b\u00fct\u00fcn hizmetlerini be\u011fendi\u011fini ifade eden Ahmet G\u00fcll\u00fc,&nbsp;<strong>&#8220;Vahap Se\u00e7er, benim annemdir, babamd\u0131r. Kaynar \u00e7ok lezzetli, \u015fifad\u0131r. Ba\u015fkan\u0131m da zaten \u015fifad\u0131r&#8221;&nbsp;<\/strong>diye konu\u015ftu. Hayrettin Yaman ise&nbsp;<strong>&#8220;Yeni i\u00e7ece\u011fim. Tad\u0131 \u00e7ok g\u00fczel. So\u011fuk havada i\u00e7imizi \u0131s\u0131t\u0131yor&#8221;<\/strong>&nbsp;dedi.<\/p>\n","protected":false},"excerpt":{"rendered":"<p>Mersin B\u00fcy\u00fck\u015fehir Belediyesi, so\u011fuk k\u0131\u015f g\u00fcnlerinde vatanda\u015flar\u0131n i\u00e7ini \u0131s\u0131tan&nbsp;&#8216;Kaynar&#8217;&nbsp;ikram\u0131 yap\u0131yor. Kentin y\u00f6resel lezzetlerinden biri olan Kaynar, i\u00e7eri\u011findeki bol baharatlarla hem lezzetli hem de \u015fifal\u0131 bir i\u00e7ecek olarak tercih ediliyor. Vatanda\u015flar, so\u011fuk havada s\u0131cac\u0131k Kaynar i\u00e7menin keyfini ya\u015f\u0131yor. Kaynar, i\u00e7erdi\u011fi baharatlar sayesinde hem s\u0131cak tutuyor hem de so\u011fuk alg\u0131nl\u0131klar\u0131na kar\u015f\u0131 koruyucu bir etki sa\u011fl\u0131yor. B\u00fcy\u00fck\u015fehir, bu [&hellip;]<\/p>\n","protected":false},"author":2,"featured_media":38248,"comment_status":"closed","ping_status":"closed","sticky":false,"template":"","format":"standard","meta":{"footnotes":""},"categories":[3],"tags":[],"class_list":["post-38247","post","type-post","status-publish","format-standard","has-post-thumbnail","hentry","category-manset"],"views":12,"_links":{"self":[{"href":"https:\/\/mersinkadingazetesi.com\/index.php?rest_route=\/wp\/v2\/posts\/38247"}],"collection":[{"href":"https:\/\/mersinkadingazetesi.com\/index.php?rest_route=\/wp\/v2\/posts"}],"about":[{"href":"https:\/\/mersinkadingazetesi.com\/index.php?rest_route=\/wp\/v2\/types\/post"}],"author":[{"embeddable":true,"href":"https:\/\/mersinkadingazetesi.com\/index.php?rest_route=\/wp\/v2\/users\/2"}],"replies":[{"embeddable":true,"href":"https:\/\/mersinkadingazetesi.com\/index.php?rest_route=%2Fwp%2Fv2%2Fcomments&post=38247"}],"version-history":[{"count":1,"href":"https:\/\/mersinkadingazetesi.com\/index.php?rest_route=\/wp\/v2\/posts\/38247\/revisions"}],"predecessor-version":[{"id":38249,"href":"https:\/\/mersinkadingazetesi.com\/index.php?rest_route=\/wp\/v2\/posts\/38247\/revisions\/38249"}],"wp:featuredmedia":[{"embeddable":true,"href":"https:\/\/mersinkadingazetesi.com\/index.php?rest_route=\/wp\/v2\/media\/38248"}],"wp:attachment":[{"href":"https:\/\/mersinkadingazetesi.com\/index.php?rest_route=%2Fwp%2Fv2%2Fmedia&parent=38247"}],"wp:term":[{"taxonomy":"category","embeddable":true,"href":"https:\/\/mersinkadingazetesi.com\/index.php?rest_route=%2Fwp%2Fv2%2Fcategories&post=38247"},{"taxonomy":"post_tag","embeddable":true,"href":"https:\/\/mersinkadingazetesi.com\/index.php?rest_route=%2Fwp%2Fv2%2Ftags&post=38247"}],"curies":[{"name":"wp","href":"https:\/\/api.w.org\/{rel}","templated":true}]}}