{"id":38254,"date":"2024-12-29T10:41:46","date_gmt":"2024-12-29T07:41:46","guid":{"rendered":"https:\/\/mersinkadingazetesi.com\/?p=38254"},"modified":"2024-12-29T10:41:47","modified_gmt":"2024-12-29T07:41:47","slug":"mersin-barosu-adaletin-yerini-bulmadigi-bir-karar-daha","status":"publish","type":"post","link":"https:\/\/mersinkadingazetesi.com\/?p=38254","title":{"rendered":"MERS\u0130N BAROSU: ADALET\u0130N YER\u0130N\u0130 BULMADI\u011eI B\u0130R KARAR DAHA !"},"content":{"rendered":"\n<p>Diyarbak\u0131r&#8217;da 21 A\u011fustos 2024 tarihinde kaybolan ve 19 g\u00fcn sonra cans\u0131z bedenine ula\u015f\u0131lan 8 ya\u015f\u0131ndaki Narin G\u00fcran cinayeti davas\u0131nda karar \u00e7\u0131kt\u0131.&nbsp; Mersin Barosu \u00c7ocuk Haklar\u0131 Merkezi yapt\u0131\u011f\u0131 yaz\u0131l\u0131 a\u00e7\u0131klamas\u0131nda, karar\u0131n adaletin tecelli etmesi y\u00f6n\u00fcndeki beklentileri tam anlam\u0131yla kar\u015f\u0131lamad\u0131\u011f\u0131n\u0131 ifade ederek, &#8220;Adaletin yerini bulmad\u0131\u011f\u0131 bir karar daha. Ger\u00e7ek katilin kim oldu\u011funun tam olarak belirlenememi\u015f olmas\u0131, vicdanlar\u0131 yaralayan b\u00fcy\u00fck bir eksikliktir. Adalet, yaln\u0131zca karar metinlerinde de\u011fil, toplum vicdan\u0131nda da sa\u011flanmal\u0131d\u0131r&#8221; dedi.<\/p>\n\n\n\n<p>&#8220;GER\u00c7EK KAT\u0130L\u0130N K\u0130M OLDU\u011eUNUN BEL\u0130RLENEMEMES\u0130, V\u0130CDANLARI YARALAYAN B\u00dcY\u00dcK B\u0130R EKS\u0130KL\u0130KT\u0130R&#8221;<\/p>\n\n\n\n<p>Diyarbak\u0131r 8. A\u011f\u0131r Ceza Mahkemesi&#8217;nde g\u00f6r\u00fclen Narin G\u00fcran davas\u0131nda mahkeme heyetinin karar\u0131n\u0131 ele\u015ftiren Mersin Barosu \u00c7ocuk Haklar\u0131 Merkezi yapt\u0131\u011f\u0131 yaz\u0131l\u0131 a\u00e7\u0131klamas\u0131nda, Narin G\u00fcran dosyas\u0131nda verilen karar\u0131n, adaletin tecelli etmesi y\u00f6n\u00fcndeki beklentilerini ne yaz\u0131k ki tam anlam\u0131yla kar\u015f\u0131lamad\u0131\u011f\u0131n\u0131 belirterek, &#8220;Anne Y\u00fcksel G\u00fcran, abi Enes G\u00fcran ve amca Salim G\u00fcran&#8217;a a\u011f\u0131rla\u015ft\u0131r\u0131lm\u0131\u015f m\u00fcebbet hapis cezas\u0131 verilirken, Nevzat Bahtiyar yaln\u0131zca 4 y\u0131l 6 ay hapis cezas\u0131 ald\u0131. Ancak bu cezalar\u0131n verilmesine ra\u011fmen, ger\u00e7ek katilin kim oldu\u011funun tam olarak belirlenememi\u015f olmas\u0131, vicdanlar\u0131 yaralayan b\u00fcy\u00fck bir eksikliktir.<\/p>\n\n\n\n<p>&#8220;HUKUK S\u0130STEM\u0130M\u0130ZDEK\u0130 EKS\u0130KL\u0130KLER, TOPLUMUN ADALET DUYGUSUNA ZARAR VERMEKTED\u0130R&#8221;<\/p>\n\n\n\n<p>Bu dava, delillerin toplanmas\u0131, etkin soru\u015fturma y\u00fcr\u00fct\u00fclmesi ve adil bir \u015fekilde de\u011ferlendirilmesinin hayati \u00f6nemini bir kez daha g\u00f6zler \u00f6n\u00fcne sermi\u015ftir. Maalesef, hukuk sistemimizdeki bu t\u00fcr eksiklikler, adaletin sa\u011flanmas\u0131n\u0131 engellemekte ve toplumun adalet duygusuna zarar vermektedir. Anne, abi ve amcaya a\u011f\u0131rla\u015ft\u0131r\u0131lm\u0131\u015f m\u00fcebbet hapis cezalar\u0131 verilmi\u015f olmas\u0131, adaletin bir nebze yerini buldu\u011fu izlenimi yaratabilir. Ancak Nevzat Bahtiyar&#8217;\u0131n ald\u0131\u011f\u0131 4 y\u0131l 6 ay hapis cezas\u0131, dosyada hala bir\u00e7ok soru i\u015fareti oldu\u011funu g\u00f6stermektedir. Bu durum, ma\u011fdurlar\u0131n hakk\u0131n\u0131 korumak ve su\u00e7lular\u0131n cezaland\u0131r\u0131lmas\u0131 noktas\u0131nda eksik kal\u0131nd\u0131\u011f\u0131n\u0131 hissettirmektedir.<\/p>\n\n\n\n<p>Bizler,&nbsp; bu davan\u0131n takip\u00e7ileri olarak, s\u00fcrecin ger\u00e7ek su\u00e7lular\u0131n t\u00fcm y\u00f6nleriyle ortaya \u00e7\u0131kar\u0131lmas\u0131 ve tam bir adaletin sa\u011flanmas\u0131 i\u00e7in m\u00fccadelemizi s\u00fcrd\u00fcrece\u011fiz. Adalet, yaln\u0131zca karar metinlerinde de\u011fil, toplum vicdan\u0131nda da sa\u011flanmal\u0131d\u0131r. Adalet bir g\u00fcn herkese laz\u0131m&#8221; ifadesini kulland\u0131.<\/p>\n","protected":false},"excerpt":{"rendered":"<p>Diyarbak\u0131r&#8217;da 21 A\u011fustos 2024 tarihinde kaybolan ve 19 g\u00fcn sonra cans\u0131z bedenine ula\u015f\u0131lan 8 ya\u015f\u0131ndaki Narin G\u00fcran cinayeti davas\u0131nda karar \u00e7\u0131kt\u0131.&nbsp; Mersin Barosu \u00c7ocuk Haklar\u0131 Merkezi yapt\u0131\u011f\u0131 yaz\u0131l\u0131 a\u00e7\u0131klamas\u0131nda, karar\u0131n adaletin tecelli etmesi y\u00f6n\u00fcndeki beklentileri tam anlam\u0131yla kar\u015f\u0131lamad\u0131\u011f\u0131n\u0131 ifade ederek, &#8220;Adaletin yerini bulmad\u0131\u011f\u0131 bir karar daha. Ger\u00e7ek katilin kim oldu\u011funun tam olarak belirlenememi\u015f olmas\u0131, vicdanlar\u0131 [&hellip;]<\/p>\n","protected":false},"author":2,"featured_media":38255,"comment_status":"closed","ping_status":"closed","sticky":false,"template":"","format":"standard","meta":{"footnotes":""},"categories":[34,3],"tags":[],"class_list":["post-38254","post","type-post","status-publish","format-standard","has-post-thumbnail","hentry","category-flas-haber","category-manset"],"views":2,"_links":{"self":[{"href":"https:\/\/mersinkadingazetesi.com\/index.php?rest_route=\/wp\/v2\/posts\/38254"}],"collection":[{"href":"https:\/\/mersinkadingazetesi.com\/index.php?rest_route=\/wp\/v2\/posts"}],"about":[{"href":"https:\/\/mersinkadingazetesi.com\/index.php?rest_route=\/wp\/v2\/types\/post"}],"author":[{"embeddable":true,"href":"https:\/\/mersinkadingazetesi.com\/index.php?rest_route=\/wp\/v2\/users\/2"}],"replies":[{"embeddable":true,"href":"https:\/\/mersinkadingazetesi.com\/index.php?rest_route=%2Fwp%2Fv2%2Fcomments&post=38254"}],"version-history":[{"count":1,"href":"https:\/\/mersinkadingazetesi.com\/index.php?rest_route=\/wp\/v2\/posts\/38254\/revisions"}],"predecessor-version":[{"id":38256,"href":"https:\/\/mersinkadingazetesi.com\/index.php?rest_route=\/wp\/v2\/posts\/38254\/revisions\/38256"}],"wp:featuredmedia":[{"embeddable":true,"href":"https:\/\/mersinkadingazetesi.com\/index.php?rest_route=\/wp\/v2\/media\/38255"}],"wp:attachment":[{"href":"https:\/\/mersinkadingazetesi.com\/index.php?rest_route=%2Fwp%2Fv2%2Fmedia&parent=38254"}],"wp:term":[{"taxonomy":"category","embeddable":true,"href":"https:\/\/mersinkadingazetesi.com\/index.php?rest_route=%2Fwp%2Fv2%2Fcategories&post=38254"},{"taxonomy":"post_tag","embeddable":true,"href":"https:\/\/mersinkadingazetesi.com\/index.php?rest_route=%2Fwp%2Fv2%2Ftags&post=38254"}],"curies":[{"name":"wp","href":"https:\/\/api.w.org\/{rel}","templated":true}]}}