{"id":38276,"date":"2024-12-29T16:21:51","date_gmt":"2024-12-29T13:21:51","guid":{"rendered":"https:\/\/mersinkadingazetesi.com\/?p=38276"},"modified":"2024-12-29T16:21:52","modified_gmt":"2024-12-29T13:21:52","slug":"baskan-yildiz-butcemizi-halka-danisarak-harcayacagiz","status":"publish","type":"post","link":"https:\/\/mersinkadingazetesi.com\/?p=38276","title":{"rendered":"BA\u015eKAN YILDIZ: B\u00dcT\u00c7EM\u0130Z\u0130 HALKA DANI\u015eARAK HARCAYACA\u011eIZ"},"content":{"rendered":"\n<p>Toroslar Belediye Ba\u015fkan\u0131 Abdurrahman Y\u0131ld\u0131z, tar\u0131ma \u00f6nem verdiklerini belirterek &#8220;Hem tar\u0131msal ya\u015fam\u0131n biraz daha kolayla\u015ft\u0131r\u0131lmas\u0131, \u00f6zendirilmesi konusunda \u00e7aba sarf ediyoruz hem de kentin fiziksel sorunlar\u0131n\u0131n, yol ve asfalt meselesinin, kald\u0131r\u0131m meselesinin, temizlik meselesinin \u00e7\u00f6z\u00fclmesi konusunda ciddi g\u00fc\u00e7 sarf ediyoruz. B\u00fct\u00e7emizi de buna g\u00f6re ayarl\u0131yoruz&#8221; dedi.<\/p>\n\n\n\n<p>Y\u0131l\u0131n 12 ay\u0131nda k\u0131rsal mahallelerde ya\u015fayan \u00fcreticilerle bir araya gelmek i\u00e7in hafta sonlar\u0131n\u0131 bu mahallelere ay\u0131ran Toroslar Belediye Ba\u015fkan\u0131 Abdurrahman Y\u0131ld\u0131z&#8217;\u0131n bu haftaki dura\u011f\u0131 \u00c7aml\u0131dere, Doruklu, Dalakderesi, Korucular ve Karaisal\u0131 mahalleleri oldu.<\/p>\n\n\n\n<p>Mahalle muhtarlar\u0131 ve mahalle sakinleriyle bir araya gelen Ba\u015fkan Y\u0131ld\u0131z, yurtta\u015flar\u0131n taleplerini dinleyip not ald\u0131, belediyenin 2025 y\u0131l\u0131 hedeflerini anlatt\u0131.<\/p>\n\n\n\n<p><strong>&#8220;HALKIN B\u00dcT\u00c7E YAPMA HAKKI OLDU\u011eUNA \u0130NANIYORUZ&#8221;<\/strong><\/p>\n\n\n\n<p>Ba\u015fkan Y\u0131ld\u0131z, &#8220;2025 y\u0131l\u0131 b\u00fct\u00e7emizi yapt\u0131k ve bir k\u0131s\u0131m eksikleri belirledik. Bizim eksikliklerimiz \u015funlar, \u015funlar g\u00f6z\u00fck\u00fcyor ama, biz siyasi olarak da felsefi olarak da halk\u0131n b\u00fct\u00e7e yapma hakk\u0131n\u0131n oldu\u011funa inanan bir siyasetten geliyoruz. Bizim yapt\u0131\u011f\u0131m\u0131z b\u00fct\u00e7e ile burada ya\u015fayan hem\u015ferilerimizin \u00f6ncelikleri \u00e7ak\u0131\u015f\u0131yor mu yoksa biz afaki i\u015fler mi yap\u0131yoruz diye bunlar\u0131 konu\u015fmaya geldik. Uzunca zamand\u0131r ihmal edilmi\u015f bir Toroslar var \u00f6n\u00fcm\u00fczde. Gerek yol asfalt, kald\u0131r\u0131m meselesinde olsun, gerek temizlik konusunda olsun, \u00f6zellikle merkez mahallelerdeki park bah\u00e7eler meselesinde olsun ciddi bir s\u0131k\u0131nt\u0131 ya\u015fan\u0131yor. Bu s\u0131k\u0131nt\u0131lar\u0131n \u00e7\u00f6z\u00fclmesi noktas\u0131nda \u00e7al\u0131\u015f\u0131yoruz&#8221; dedi.<\/p>\n\n\n\n<p><strong>&#8220;\u0130NSANLARI AYIRMIYORUZ&#8221;<\/strong><\/p>\n\n\n\n<p>Toroslar&#8217;da tar\u0131m\u0131n ve \u00fcreticinin desteklenmesine \u00f6nem verdi\u011fine i\u015faret eden Ba\u015fkan Y\u0131ld\u0131z,&nbsp; &#8220;\u00dclkemiz h\u0131zla tar\u0131msal \u00fcretim yapmaktan uzakla\u015f\u0131yor. \u00c7\u00fcnk\u00fc insanlar\u0131m\u0131z art\u0131k burada kendilerine bir gelecek g\u00f6rm\u00fcyorlar. \u00d6zellikle daha yukar\u0131 k\u00f6ylerde n\u00fcfusumuzun ya\u015f ortalamas\u0131 60&#8217;\u0131n \u00fczerine \u00e7\u0131km\u0131\u015f. H\u0131zla tar\u0131mdan uzakla\u015fan, \u00fcretimden uzakla\u015fan bir gen\u00e7 n\u00fcfusumuz var. Hepimizin ihtiyac\u0131 olan bu\u011fday gibi, m\u0131s\u0131r gibi, arpa gibi belli ba\u015fl\u0131 \u00fcr\u00fcnlerde tam ithalat\u00e7\u0131 durumuna geldik. Bu il\u00e7enin g\u00fcc\u00fc belli, yapaca\u011f\u0131 i\u015fler belli yetkisi, s\u0131n\u0131r\u0131 belli. Ama bir duyarl\u0131l\u0131k olu\u015ftural\u0131m istiyoruz. \u00d6zellikle tar\u0131m konusunda. Destekleme yapabilece\u011fimiz konularda mutlaka desteklememizi yapal\u0131m. \u00d6ncelikle k\u00f6yl\u00fcm\u00fcz\u00fcn bah\u00e7esine gidebilece\u011fi yolu yapal\u0131m. Bir b\u00fct\u00fcn olarak, hem tar\u0131msal ya\u015fam\u0131n biraz daha kolayla\u015ft\u0131r\u0131lmas\u0131, \u00f6zendirilmesi konusunda \u00e7aba sarf ediyoruz hem de kentin fiziksel sorunlar\u0131n\u0131n yol ve asfalt meselesinin, kald\u0131r\u0131m meselesinin, temizlik meselesinin \u00e7\u00f6z\u00fclmesi konusunda ciddi g\u00fc\u00e7 sarf ediyoruz. B\u00fct\u00e7emizi de buna g\u00f6re ayarl\u0131yoruz.&nbsp; \u0130nsanlar\u0131, bize oy verip vermedi\u011fi, bizim gibi d\u00fc\u015f\u00fcn\u00fcp d\u00fc\u015f\u00fcnmedi\u011fi gibi kategorize etmiyoruz kesinlikle. 350 bin Toroslar halk\u0131n\u0131n 350 bini de en \u015ferefli hem\u015fehrimizdir, her biri i\u00e7in bu b\u00fct\u00e7eden ne kadar pay d\u00fc\u015f\u00fcyorsa her biri i\u00e7in tek tek harcayaca\u011f\u0131z. Bunu da her yerde beyan ediyoruz&#8221; ifadelerini kulland\u0131.<\/p>\n\n\n\n<p><strong>Z\u0130RAAT ODASI BA\u015eKANI YILMAZ: TARIMI \u00d6NEMSEYEN B\u0130R BELED\u0130YE BA\u015eKANIMIZ VAR<\/strong><\/p>\n\n\n\n<p>K\u0131rsal mahalle gezileri s\u0131ras\u0131nda Ziraat Oda Ba\u015fkan\u0131 Musa Y\u0131lmaz da Ba\u015fkan Y\u0131ld\u0131z&#8217;a e\u015flik etti.&nbsp; Y\u0131lmaz, &#8220;Ya\u015fad\u0131\u011f\u0131m\u0131z kentin belediye ba\u015fkan\u0131n\u0131n tar\u0131mdan bu kadar bahsetmesi bizim a\u00e7\u0131m\u0131zdan \u00e7ok \u00f6nemli. \u00c7\u00fcnk\u00fc tar\u0131mda \u00e7ok ciddi sorunlar var. Hani \u015fu g\u00fcbre mazot deste\u011fi var ya, bu g\u00fcbre mazot deste\u011fi bize sadaka gibi geliyor. Ben \u015fahsen \u00fcz\u00fcl\u00fcyorum o destekle ilgili. Bunu vermeyin bize. Ama bizim \u00fcretti\u011fimiz \u00fcr\u00fcne pazar bulun. Bizim \u00fcretti\u011fimiz \u00fcr\u00fcn, ekonomik kar\u015f\u0131l\u0131\u011f\u0131n\u0131 bulsun. Evet, belediyemizin ger\u00e7ekten birinci y\u0131lda tar\u0131mla ilgili \u00e7al\u0131\u015fmalar\u0131 bizi ziyadesiyle heyecanland\u0131r\u0131yor. Tar\u0131m\u0131 \u00f6nemseyen bir belediye ba\u015fkan\u0131m\u0131z var. Bunu de\u011ferlendirmek zorunday\u0131z.&nbsp; K\u00f6yl\u00fcm\u00fcz\u00fcn kooperatifle\u015fmesi laz\u0131m. Belediye ba\u015fkan\u0131m\u0131zdan da bu konuda destek istiyoruz. Kooperatifler arac\u0131l\u0131\u011f\u0131yla hem \u00fcretimde hem de pazarlamada \u00e7ok ciddi i\u015fler yapar\u0131z&#8221; dedi.<\/p>\n\n\n\n<p>K\u0131rsal mahalle gezilerinde Toroslar Belediyesi Tar\u0131msal Hizmetler M\u00fcd\u00fcr\u00fc Sinan Taylan Berk de \u00f6n\u00fcm\u00fczdeki g\u00fcnlerde yapmay\u0131 planlad\u0131klar\u0131 ve haz\u0131rl\u0131klar\u0131 s\u00fcren Tar\u0131m \u00c7al\u0131\u015fay&#8217;\u0131 hakk\u0131nda \u00fcreticilere bilgi verdi.<\/p>\n","protected":false},"excerpt":{"rendered":"<p>Toroslar Belediye Ba\u015fkan\u0131 Abdurrahman Y\u0131ld\u0131z, tar\u0131ma \u00f6nem verdiklerini belirterek &#8220;Hem tar\u0131msal ya\u015fam\u0131n biraz daha kolayla\u015ft\u0131r\u0131lmas\u0131, \u00f6zendirilmesi konusunda \u00e7aba sarf ediyoruz hem de kentin fiziksel sorunlar\u0131n\u0131n, yol ve asfalt meselesinin, kald\u0131r\u0131m meselesinin, temizlik meselesinin \u00e7\u00f6z\u00fclmesi konusunda ciddi g\u00fc\u00e7 sarf ediyoruz. B\u00fct\u00e7emizi de buna g\u00f6re ayarl\u0131yoruz&#8221; dedi. Y\u0131l\u0131n 12 ay\u0131nda k\u0131rsal mahallelerde ya\u015fayan \u00fcreticilerle bir araya gelmek [&hellip;]<\/p>\n","protected":false},"author":2,"featured_media":38277,"comment_status":"closed","ping_status":"closed","sticky":false,"template":"","format":"standard","meta":{"footnotes":""},"categories":[34,2,3,5],"tags":[],"class_list":["post-38276","post","type-post","status-publish","format-standard","has-post-thumbnail","hentry","category-flas-haber","category-gundem","category-manset","category-mersin"],"views":8,"_links":{"self":[{"href":"https:\/\/mersinkadingazetesi.com\/index.php?rest_route=\/wp\/v2\/posts\/38276"}],"collection":[{"href":"https:\/\/mersinkadingazetesi.com\/index.php?rest_route=\/wp\/v2\/posts"}],"about":[{"href":"https:\/\/mersinkadingazetesi.com\/index.php?rest_route=\/wp\/v2\/types\/post"}],"author":[{"embeddable":true,"href":"https:\/\/mersinkadingazetesi.com\/index.php?rest_route=\/wp\/v2\/users\/2"}],"replies":[{"embeddable":true,"href":"https:\/\/mersinkadingazetesi.com\/index.php?rest_route=%2Fwp%2Fv2%2Fcomments&post=38276"}],"version-history":[{"count":1,"href":"https:\/\/mersinkadingazetesi.com\/index.php?rest_route=\/wp\/v2\/posts\/38276\/revisions"}],"predecessor-version":[{"id":38278,"href":"https:\/\/mersinkadingazetesi.com\/index.php?rest_route=\/wp\/v2\/posts\/38276\/revisions\/38278"}],"wp:featuredmedia":[{"embeddable":true,"href":"https:\/\/mersinkadingazetesi.com\/index.php?rest_route=\/wp\/v2\/media\/38277"}],"wp:attachment":[{"href":"https:\/\/mersinkadingazetesi.com\/index.php?rest_route=%2Fwp%2Fv2%2Fmedia&parent=38276"}],"wp:term":[{"taxonomy":"category","embeddable":true,"href":"https:\/\/mersinkadingazetesi.com\/index.php?rest_route=%2Fwp%2Fv2%2Fcategories&post=38276"},{"taxonomy":"post_tag","embeddable":true,"href":"https:\/\/mersinkadingazetesi.com\/index.php?rest_route=%2Fwp%2Fv2%2Ftags&post=38276"}],"curies":[{"name":"wp","href":"https:\/\/api.w.org\/{rel}","templated":true}]}}