{"id":38282,"date":"2024-12-30T11:43:49","date_gmt":"2024-12-30T08:43:49","guid":{"rendered":"https:\/\/mersinkadingazetesi.com\/?p=38282"},"modified":"2024-12-30T11:43:50","modified_gmt":"2024-12-30T08:43:50","slug":"umudumuzu-ve-mucadelemizi-buyutecegiz","status":"publish","type":"post","link":"https:\/\/mersinkadingazetesi.com\/?p=38282","title":{"rendered":"&#8220;Umudumuzu ve M\u00fccadelemizi B\u00fcy\u00fctece\u011fiz!&#8221;"},"content":{"rendered":"\n<p>CHP Mersin Milletvekili G\u00fclcan K\u0131\u015f, 2024 y\u0131l\u0131n\u0131 geride b\u0131rak\u0131p 2025&#8217;e ad\u0131m att\u0131\u011f\u0131m\u0131z bu g\u00fcnlerde yay\u0131mlad\u0131\u011f\u0131 yeni y\u0131l mesaj\u0131yla, T\u00fcrkiye&#8217;ye ve Mersin halk\u0131na umut dolu bir gelecek temennisinde bulundu. G\u00fclcan K\u0131\u015f, mesaj\u0131nda birlik, beraberlik ve dayan\u0131\u015fma vurgusu yaparken, gelecek y\u0131la dair hedef ve beklentilerini payla\u015ft\u0131.<\/p>\n\n\n\n<p>CHP&#8217;li G\u00fclcan K\u0131\u015f, a\u00e7\u0131klamas\u0131nda \u015fu ifadelere yer verdi:<\/p>\n\n\n\n<p>&#8220;De\u011ferli hem\u015ferilerim,<\/p>\n\n\n\n<p>Bir y\u0131l\u0131 daha ac\u0131lar\u0131m\u0131z, sevin\u00e7lerimiz ve m\u00fccadelelerimizle geride b\u0131rak\u0131yoruz. 2024, hepimiz i\u00e7in ekonomik zorluklar\u0131n, adaletsizliklerin ve toplumsal sorunlar\u0131n g\u00f6lgesinde ge\u00e7ti. Ancak bizler hi\u00e7bir zaman umudumuzu yitirmedik. Bu zor s\u00fcre\u00e7te halk\u0131m\u0131z\u0131n g\u00f6sterdi\u011fi dayan\u0131\u015fma ve sab\u0131r, gelece\u011fe olan inanc\u0131m\u0131z\u0131 b\u00fcy\u00fctmeye devam etti.<\/p>\n\n\n\n<p>2025 y\u0131l\u0131na girerken en b\u00fcy\u00fck dile\u011fim, halk\u0131m\u0131z\u0131n hak etti\u011fi refah\u0131, adaleti ve huzuru hep birlikte in\u015fa edece\u011fimiz bir d\u00f6nemin ba\u015flamas\u0131d\u0131r. Mersin&#8217;in bereketli topraklar\u0131ndan \u00fclkemizin d\u00f6rt bir yan\u0131na yay\u0131lan umut \u0131\u015f\u0131\u011f\u0131n\u0131 b\u00fcy\u00fctmek i\u00e7in y\u0131lmadan \u00e7al\u0131\u015fmaya devam edece\u011fiz. Bu y\u0131l da Meclis&#8217;te halk\u0131m\u0131z\u0131n sesi olmay\u0131 s\u00fcrd\u00fcrecek, \u00f6zellikle ekonomik adaletsizlik, kad\u0131n haklar\u0131 ve gen\u00e7lerimizin gelece\u011fi konular\u0131nda m\u00fccadelemizi kararl\u0131l\u0131kla y\u00fckseltece\u011fiz.&#8221;<\/p>\n\n\n\n<p><strong>Kad\u0131nlar ve Gen\u00e7ler \u0130\u00e7in Vurgulu Mesaj<\/strong><\/p>\n\n\n\n<p>Kad\u0131nlar\u0131n ve gen\u00e7lerin toplumun de\u011fi\u015fim g\u00fcc\u00fc oldu\u011funu ifade eden G\u00fclcan K\u0131\u015f, mesaj\u0131nda \u015fu noktalara dikkat \u00e7ekti:<\/p>\n\n\n\n<p>&#8220;Kad\u0131nlar\u0131n her alanda \u00f6zg\u00fcr, e\u015fit ve g\u00fc\u00e7l\u00fc bir \u015fekilde yer ald\u0131\u011f\u0131 bir T\u00fcrkiye&#8217;yi hep birlikte kuraca\u011f\u0131z. \u0130stanbul S\u00f6zle\u015fmesi&#8217;ne sahip \u00e7\u0131kacak, kad\u0131n cinayetlerinin ve \u015fiddetin son bulmas\u0131 i\u00e7in m\u00fccadelemizi s\u00fcrd\u00fcrece\u011fiz. Gen\u00e7lerimiz ise bu \u00fclkenin ayd\u0131nl\u0131k gelece\u011fidir. Onlara f\u0131rsat e\u015fitli\u011fi ve daha ya\u015fanabilir bir gelecek sunmak boynumuzun borcudur.<\/p>\n\n\n\n<p>2025, emek\u00e7inin, \u00e7ift\u00e7inin, esnaf\u0131n ve eme\u011fiyle ge\u00e7inen t\u00fcm yurtta\u015flar\u0131m\u0131z\u0131n y\u00fcz\u00fcn\u00fcn g\u00fclece\u011fi bir y\u0131l olmal\u0131d\u0131r. Bizler bu hedef do\u011frultusunda gece g\u00fcnd\u00fcz \u00e7al\u0131\u015faca\u011f\u0131z. Yeni y\u0131l, ayn\u0131 zamanda bu \u00fclkenin kaynaklar\u0131n\u0131 halk\u0131n faydas\u0131na adilce kullanaca\u011f\u0131m\u0131z bir de\u011fi\u015fimin m\u00fcjdecisi olmal\u0131d\u0131r.&#8221;<\/p>\n\n\n\n<p><strong>&#8220;Umutsuzluk Yok, Birlikte Ba\u015faraca\u011f\u0131z&#8221;<\/strong><\/p>\n\n\n\n<p>G\u00fclcan K\u0131\u015f, mesaj\u0131n\u0131 \u015fu s\u00f6zlerle noktalad\u0131:<\/p>\n\n\n\n<p>&#8220;Ba\u015fta Mersinli hem\u015ferilerim olmak \u00fczere, t\u00fcm yurtta\u015flar\u0131m\u0131z\u0131n yeni y\u0131l\u0131n\u0131 en i\u00e7ten dileklerimle kutluyorum. Sa\u011fl\u0131k, huzur ve mutluluk dolu bir y\u0131l diliyorum. 2025 y\u0131l\u0131, halk\u0131m\u0131z\u0131n dayan\u0131\u015fma ve birlik duygular\u0131yla daha g\u00fczel g\u00fcnlere ula\u015faca\u011f\u0131m\u0131z bir y\u0131l olacak. Umutsuzluk yok, birlikte ba\u015faraca\u011f\u0131z!&#8221;<\/p>\n\n\n\n<p><strong>CHP Mersin Milletvekili G\u00fclcan K\u0131\u015f<\/strong>, yay\u0131mlad\u0131\u011f\u0131 mesajla, hem\u015ferilerine umut dolu bir y\u0131l dilemekle kalmad\u0131, ayn\u0131 zamanda Meclis&#8217;te halk\u0131n sesi olmay\u0131 s\u00fcrd\u00fcrece\u011fine dair kararl\u0131l\u0131\u011f\u0131n\u0131 bir kez daha ortaya koydu.<\/p>\n","protected":false},"excerpt":{"rendered":"<p>CHP Mersin Milletvekili G\u00fclcan K\u0131\u015f, 2024 y\u0131l\u0131n\u0131 geride b\u0131rak\u0131p 2025&#8217;e ad\u0131m att\u0131\u011f\u0131m\u0131z bu g\u00fcnlerde yay\u0131mlad\u0131\u011f\u0131 yeni y\u0131l mesaj\u0131yla, T\u00fcrkiye&#8217;ye ve Mersin halk\u0131na umut dolu bir gelecek temennisinde bulundu. G\u00fclcan K\u0131\u015f, mesaj\u0131nda birlik, beraberlik ve dayan\u0131\u015fma vurgusu yaparken, gelecek y\u0131la dair hedef ve beklentilerini payla\u015ft\u0131. CHP&#8217;li G\u00fclcan K\u0131\u015f, a\u00e7\u0131klamas\u0131nda \u015fu ifadelere yer verdi: &#8220;De\u011ferli hem\u015ferilerim, Bir [&hellip;]<\/p>\n","protected":false},"author":2,"featured_media":38283,"comment_status":"closed","ping_status":"closed","sticky":false,"template":"","format":"standard","meta":{"footnotes":""},"categories":[3],"tags":[],"class_list":["post-38282","post","type-post","status-publish","format-standard","has-post-thumbnail","hentry","category-manset"],"views":4,"_links":{"self":[{"href":"https:\/\/mersinkadingazetesi.com\/index.php?rest_route=\/wp\/v2\/posts\/38282"}],"collection":[{"href":"https:\/\/mersinkadingazetesi.com\/index.php?rest_route=\/wp\/v2\/posts"}],"about":[{"href":"https:\/\/mersinkadingazetesi.com\/index.php?rest_route=\/wp\/v2\/types\/post"}],"author":[{"embeddable":true,"href":"https:\/\/mersinkadingazetesi.com\/index.php?rest_route=\/wp\/v2\/users\/2"}],"replies":[{"embeddable":true,"href":"https:\/\/mersinkadingazetesi.com\/index.php?rest_route=%2Fwp%2Fv2%2Fcomments&post=38282"}],"version-history":[{"count":1,"href":"https:\/\/mersinkadingazetesi.com\/index.php?rest_route=\/wp\/v2\/posts\/38282\/revisions"}],"predecessor-version":[{"id":38284,"href":"https:\/\/mersinkadingazetesi.com\/index.php?rest_route=\/wp\/v2\/posts\/38282\/revisions\/38284"}],"wp:featuredmedia":[{"embeddable":true,"href":"https:\/\/mersinkadingazetesi.com\/index.php?rest_route=\/wp\/v2\/media\/38283"}],"wp:attachment":[{"href":"https:\/\/mersinkadingazetesi.com\/index.php?rest_route=%2Fwp%2Fv2%2Fmedia&parent=38282"}],"wp:term":[{"taxonomy":"category","embeddable":true,"href":"https:\/\/mersinkadingazetesi.com\/index.php?rest_route=%2Fwp%2Fv2%2Fcategories&post=38282"},{"taxonomy":"post_tag","embeddable":true,"href":"https:\/\/mersinkadingazetesi.com\/index.php?rest_route=%2Fwp%2Fv2%2Ftags&post=38282"}],"curies":[{"name":"wp","href":"https:\/\/api.w.org\/{rel}","templated":true}]}}