{"id":38285,"date":"2024-12-30T11:47:54","date_gmt":"2024-12-30T08:47:54","guid":{"rendered":"https:\/\/mersinkadingazetesi.com\/?p=38285"},"modified":"2024-12-30T11:47:55","modified_gmt":"2024-12-30T08:47:55","slug":"baskan-tuncerden-yeni-yil-mesaji","status":"publish","type":"post","link":"https:\/\/mersinkadingazetesi.com\/?p=38285","title":{"rendered":"BA\u015eKAN TUNCER&#8217;DEN YEN\u0130 YIL MESAJI"},"content":{"rendered":"\n<p>Mezitli Belediye Ba\u015fkan\u0131 Ahmet Serkan Tuncer, yeni y\u0131la girerken bir mesaj yay\u0131nlad\u0131.<\/p>\n\n\n\n<p>Tuncer mesaj\u0131nda, &#8220;Sevin\u00e7lerimizleve an\u0131lar\u0131m\u0131zla bir y\u0131l\u0131 daha geride b\u0131rak\u0131yor, ayd\u0131nl\u0131k ve mutlu yar\u0131nlara ula\u015fma umutlar\u0131m\u0131z\u0131 canl\u0131 tutarak, yeni bir y\u0131la giriyoruz. dedi.<\/p>\n\n\n\n<p>Ba\u015fkan Tuncer, &#8220;De\u011ferli Mezitlili&nbsp; Hem\u015fehrilerim,<\/p>\n\n\n\n<p>2024 y\u0131l\u0131nda g\u00f6reve geldi\u011fimiz g\u00fcnden bu yana, Mezitli&#8217;miz i\u00e7in bir\u00e7ok projeyi hayata ge\u00e7irmenin gururunu ya\u015f\u0131yoruz. \u015eehrimizin her k\u00f6\u015fesine hizmet g\u00f6t\u00fcrmek, \u00e7ocuklar\u0131m\u0131z\u0131n g\u00fclen y\u00fczlerinde mutlulu\u011fu g\u00f6rmek ve kad\u0131nlar\u0131m\u0131z\u0131n ya\u015famlar\u0131n\u0131 kolayla\u015ft\u0131rmak i\u00e7in \u00e7al\u0131\u015ft\u0131k. Mezitlimizi, hep birlikte daha ya\u015fanabilir, daha g\u00fczel bir yer haline getirdik.<\/p>\n\n\n\n<p>2025 y\u0131l\u0131na girerken, daha b\u00fcy\u00fck hedefler ve daha g\u00fczel projelerle sizlere hizmet etmeye devam edece\u011fiz. Meclisimizde al\u0131nacak kararlarla, yeni y\u0131lda da bar\u0131\u015f\u0131n, huzurun ve dayan\u0131\u015fman\u0131n h\u00e2kim oldu\u011fu bir Mezitli i\u00e7in var g\u00fcc\u00fcm\u00fczle \u00e7al\u0131\u015faca\u011f\u0131z.<\/p>\n\n\n\n<p>Kad\u0131nlar\u0131n, \u00e7ocuklar\u0131n y\u00fczlerinin g\u00fcld\u00fc\u011f\u00fc, kan d\u00f6k\u00fclmeyen, sevginin ve ho\u015fg\u00f6r\u00fcn\u00fcn h\u00e2kim oldu\u011fu bir y\u0131l diliyorum. Yeni y\u0131l, umutlar\u0131m\u0131z\u0131 b\u00fcy\u00fct\u00fcp birlikteli\u011fimizi g\u00fc\u00e7lendirsin. Hep birlikte daha iyi bir Mezitli i\u00e7in \u00e7al\u0131\u015fmaya devam edece\u011fiz.<\/p>\n\n\n\n<p>Yeni y\u0131l\u0131n\u0131z kutlu olsun!&#8221; dedi.<\/p>\n","protected":false},"excerpt":{"rendered":"<p>Mezitli Belediye Ba\u015fkan\u0131 Ahmet Serkan Tuncer, yeni y\u0131la girerken bir mesaj yay\u0131nlad\u0131. Tuncer mesaj\u0131nda, &#8220;Sevin\u00e7lerimizleve an\u0131lar\u0131m\u0131zla bir y\u0131l\u0131 daha geride b\u0131rak\u0131yor, ayd\u0131nl\u0131k ve mutlu yar\u0131nlara ula\u015fma umutlar\u0131m\u0131z\u0131 canl\u0131 tutarak, yeni bir y\u0131la giriyoruz. dedi. Ba\u015fkan Tuncer, &#8220;De\u011ferli Mezitlili&nbsp; Hem\u015fehrilerim, 2024 y\u0131l\u0131nda g\u00f6reve geldi\u011fimiz g\u00fcnden bu yana, Mezitli&#8217;miz i\u00e7in bir\u00e7ok projeyi hayata ge\u00e7irmenin gururunu ya\u015f\u0131yoruz. \u015eehrimizin [&hellip;]<\/p>\n","protected":false},"author":2,"featured_media":38286,"comment_status":"closed","ping_status":"closed","sticky":false,"template":"","format":"standard","meta":{"footnotes":""},"categories":[3],"tags":[],"class_list":["post-38285","post","type-post","status-publish","format-standard","has-post-thumbnail","hentry","category-manset"],"views":9,"_links":{"self":[{"href":"https:\/\/mersinkadingazetesi.com\/index.php?rest_route=\/wp\/v2\/posts\/38285"}],"collection":[{"href":"https:\/\/mersinkadingazetesi.com\/index.php?rest_route=\/wp\/v2\/posts"}],"about":[{"href":"https:\/\/mersinkadingazetesi.com\/index.php?rest_route=\/wp\/v2\/types\/post"}],"author":[{"embeddable":true,"href":"https:\/\/mersinkadingazetesi.com\/index.php?rest_route=\/wp\/v2\/users\/2"}],"replies":[{"embeddable":true,"href":"https:\/\/mersinkadingazetesi.com\/index.php?rest_route=%2Fwp%2Fv2%2Fcomments&post=38285"}],"version-history":[{"count":1,"href":"https:\/\/mersinkadingazetesi.com\/index.php?rest_route=\/wp\/v2\/posts\/38285\/revisions"}],"predecessor-version":[{"id":38287,"href":"https:\/\/mersinkadingazetesi.com\/index.php?rest_route=\/wp\/v2\/posts\/38285\/revisions\/38287"}],"wp:featuredmedia":[{"embeddable":true,"href":"https:\/\/mersinkadingazetesi.com\/index.php?rest_route=\/wp\/v2\/media\/38286"}],"wp:attachment":[{"href":"https:\/\/mersinkadingazetesi.com\/index.php?rest_route=%2Fwp%2Fv2%2Fmedia&parent=38285"}],"wp:term":[{"taxonomy":"category","embeddable":true,"href":"https:\/\/mersinkadingazetesi.com\/index.php?rest_route=%2Fwp%2Fv2%2Fcategories&post=38285"},{"taxonomy":"post_tag","embeddable":true,"href":"https:\/\/mersinkadingazetesi.com\/index.php?rest_route=%2Fwp%2Fv2%2Ftags&post=38285"}],"curies":[{"name":"wp","href":"https:\/\/api.w.org\/{rel}","templated":true}]}}