{"id":38288,"date":"2024-12-30T11:49:52","date_gmt":"2024-12-30T08:49:52","guid":{"rendered":"https:\/\/mersinkadingazetesi.com\/?p=38288"},"modified":"2024-12-30T11:49:53","modified_gmt":"2024-12-30T08:49:53","slug":"akdeniz-belediyesi-iklim-krizi-kirlilik-ve-biyocesitlilik-calistayi-sonuc-raporudur","status":"publish","type":"post","link":"https:\/\/mersinkadingazetesi.com\/?p=38288","title":{"rendered":"AKDEN\u0130Z BELED\u0130YES\u0130 \u201c\u0130KL\u0130M KR\u0130Z\u0130, K\u0130RL\u0130L\u0130K VE B\u0130YO\u00c7E\u015e\u0130TL\u0130L\u0130K \u00c7ALI\u015eTAYI SONU\u00c7 RAPORUDUR&#8221;"},"content":{"rendered":"\n<p>Akdeniz Belediyesi K\u00fclt\u00fcr ve Sosyal \u0130\u015fler M\u00fcd\u00fcrl\u00fc\u011f\u00fc Proje \u015eefli\u011fimiz \u00f6nc\u00fcl\u00fc\u011f\u00fcnde; Mersin \u00dcniversitesi ve \u00c7ukurova \u00dcniversitesi\u2019nden akademisyenler ile TMMOB \u00c7evre M\u00fchendisleri Odas\u0131, Mersin B\u00fcy\u00fck\u015fehir Belediyesi ve MESK\u0130\u2019nin katk\u0131lar\u0131yla, \u201cMERS\u0130N\u2019\u0130N MAV\u0130 UFKU\u201d \u00e7a\u011fr\u0131s\u0131yla geni\u015f kat\u0131l\u0131ml\u0131 \u201c\u0130KL\u0130M KR\u0130Z\u0130, K\u0130RL\u0130L\u0130K VE B\u0130YO\u00c7E\u015e\u0130TL\u0130L\u0130K \u00c7ALI\u015eTAYI\u201d d\u00fczenlenmi\u015ftir.<\/p>\n\n\n\n<p>D\u00fcnyam\u0131z, kentimiz ve gelece\u011fimiz ad\u0131na akademik ve bilimsel tart\u0131\u015fmalar\u0131n, ana temaya dair somut ve g\u00fcncel \u00f6rneklerin ele al\u0131n\u0131p tart\u0131\u015f\u0131ld\u0131\u011f\u0131 demokratik ve kat\u0131l\u0131mc\u0131 bir platformda ger\u00e7ekle\u015fen \u00e7al\u0131\u015ftay sonucu ortaya \u00e7\u0131kan eylem plan\u0131nda da vurguland\u0131\u011f\u0131 \u00fczere; ba\u015fta iklim krizi ve kirlilik olmak \u00fczere kentimiz, b\u00f6lgemiz ve \u00fclkemizde ya\u015fanan ve ekolojik sistemi tehdit eden risk ve olumsuzluklara acil m\u00fcdahale gerekti\u011fi bir kez daha ortaya \u00e7\u0131km\u0131\u015ft\u0131r.&nbsp;<\/p>\n\n\n\n<p>Bu anlamda, ba\u015fta yenilenebilir ve temiz enerjilerin kullan\u0131m\u0131n\u0131n yayg\u0131nla\u015fmas\u0131, tar\u0131m topra\u011f\u0131m\u0131z\u0131n, havam\u0131z\u0131n ve suyumuzun her t\u00fcrl\u00fc kirleticiden korunmas\u0131, at\u0131k y\u00f6netim sistemlerinin te\u015fvik edilmesi ve her t\u00fcrl\u00fc at\u0131klara zaman\u0131nda ve etkin m\u00fcdahale sa\u011flanmas\u0131 elzemdir.<\/p>\n\n\n\n<p>Gelece\u011fimize \u0131\u015f\u0131k tutacak \u00f6nem ve verimlilikteki \u00e7al\u0131\u015ftaya kat\u0131larak b\u00fcy\u00fck emek veren payda\u015flar\u0131m\u0131za, bilimsel sunumlar\u0131, aylarca s\u00fcren emekle elde edilen veri ve aktar\u0131mlar\u0131yla bizleri ayd\u0131nlatan akademisyenlerimiz ve meslek odalar\u0131 temsilcilerimize \u015f\u00fckranlar\u0131m\u0131z\u0131 sunuyoruz.<\/p>\n\n\n\n<p>Bizlerin, sizlerin, \u00e7ocuklar\u0131m\u0131z\u0131n, \u00f6zetle hepimizin ve nihayetinde d\u00fcnyam\u0131z\u0131n yar\u0131nlar\u0131n\u0131 ve gelece\u011fini ilgilendiren acil ve hayati konularda g\u00fc\u00e7l\u00fc i\u015fbirli\u011fi ve ortakl\u0131klar\u0131n s\u00fcrmesini temenni ediyoruz. \u0130klim Krizi, Kirlilik ve Biyo\u00e7e\u015fitlilik \u00c7al\u0131\u015ftay\u0131 Sonu\u00e7 Raporu \u015fu \u015fekildedir\u2026<\/p>\n\n\n\n<p>\u0130KL\u0130M KR\u0130Z\u0130 VE K\u0130RL\u0130L\u0130KLE M\u00dcCADELE \u0130\u00c7\u0130N GEREKEN ADIMLAR<\/p>\n\n\n\n<p>Akdeniz B\u00f6lgesi\u2019nin k\u0131r\u0131lgan ekosistemini koruma ve s\u00fcrd\u00fcr\u00fclebilir bir gelecek in\u015fa etme amac\u0131yla Mersin Akdeniz \u0130l\u00e7esi\u2019nde \u00d6ncelikli Sorunlar ve \u00c7\u00f6z\u00fcm \u00d6nerileri \u00c7al\u0131\u015ftay\u0131 d\u00fczenlenmi\u015ftir. Bu kapsamda iklim krizinin etkileri, biyo\u00e7e\u015fitlilik kayb\u0131 ve kirlilik sorunlar\u0131 detayl\u0131 bir \u015fekilde ele al\u0131nm\u0131\u015f ve \u00f6neriler geli\u015ftirilmi\u015ftir.<\/p>\n\n\n\n<p>Mersin K\u00f6rfezi\u2019ndeki biyo\u00e7e\u015fitlilik, a\u015f\u0131r\u0131 bal\u0131k\u00e7\u0131l\u0131k, istilac\u0131 yabanc\u0131 t\u00fcrlerin bask\u0131s\u0131 ve iklim de\u011fi\u015fikli\u011fi tehditleri ile kar\u015f\u0131 kar\u015f\u0131ya kalm\u0131\u015ft\u0131r. End\u00fcstriyel bal\u0131k\u00e7\u0131l\u0131k faaliyetleri, ekosistem dengesini bozarak m\u00fcsilaj riskini artt\u0131rmaktad\u0131r. Sardalya ve hamsi gibi planktonla beslenen bal\u0131k t\u00fcrlerinin a\u015f\u0131r\u0131 avlanmas\u0131 besin zincirindeki enerji ak\u0131\u015f\u0131n\u0131 keserek denizanas\u0131 gibi t\u00fcrlerin pop\u00fclasyonlar\u0131n\u0131 artt\u0131rmaktad\u0131r.<\/p>\n\n\n\n<p>Bunun yan\u0131nda, deniz \u00e7ay\u0131rlar\u0131 gibi kritik habitatlar\u0131n zarar g\u00f6rmesi, bu alanlara ba\u011fl\u0131 canl\u0131 t\u00fcrlerini tehdit etmektedir. Kazanl\u0131 ba\u015fta olmak \u00fczere b\u00f6lgemiz k\u0131y\u0131lar\u0131n\u0131 \u00fcreme alan\u0131 olarak kullanan deniz kaplumba\u011falar\u0131na y\u00f6nelik tehditler, yapay \u0131\u015f\u0131k kirlili\u011fi ve k\u0131y\u0131sal alanlardaki insan faaliyetleri ile daha da artmaktad\u0131r.<\/p>\n\n\n\n<p>Mersin K\u00f6rfezi\u2019nin y\u00fczey suyu s\u0131cakl\u0131klar\u0131n\u0131n 32-33\u00b0C\u2019ye ula\u015fmas\u0131yla birlikte deniz \u00e7ay\u0131r\u0131 alanlar\u0131nda g\u00f6zlenen tahribat ile yerel t\u00fcrler olumsuz etkilenmekte, bu da istilac\u0131 t\u00fcrlerin adaptasyonunu kolayla\u015ft\u0131rmaktad\u0131r. Bu durum, deniz ekosistemindeki dengeleri bozarak uzun vadeli olumsuz etkiler yaratmaktad\u0131r.<\/p>\n\n\n\n<p>Denizlerimize yerle\u015fen balon bal\u0131klar\u0131 ve aslan bal\u0131klar\u0131 gibi zehirli istilac\u0131 t\u00fcrler hem yerli bal\u0131k t\u00fcrlerimiz hem de halk sa\u011fl\u0131\u011f\u0131 \u00fczerinde olumsuz etkiler olu\u015fturmaktad\u0131r. Mersin K\u00f6rfezini de i\u00e7ine alan Kuzey Do\u011fu Akdeniz b\u00f6lgesindeki bu etkilerin yan\u0131nda ayr\u0131ca kayg\u0131 uyand\u0131racak seviyede kirlilik problemi s\u00f6z konusudur.<\/p>\n\n\n\n<p>Bu kirlilik sorunu, plastik at\u0131klar, a\u011f\u0131r metaller, kal\u0131c\u0131 organik kirleticiler, evsel kaynakl\u0131 at\u0131k sular, tar\u0131msal faaliyetlerden kaynaklanan pestisit ve g\u00fcbreler ile end\u00fcstriyel kaynakl\u0131 kirleticiler nedeni ile meydana gelmektedir. \u0130klim kriziyle birlikte ola\u011fan hale gelen ani sel ve ta\u015fk\u0131nlar, at\u0131k y\u00f6netim alt yap\u0131s\u0131ndaki eksikliklerle birle\u015fti\u011finde denizel ortama \u00f6nemli miktarda kat\u0131 at\u0131\u011f\u0131n ta\u015f\u0131nmas\u0131na neden olmaktad\u0131r.<\/p>\n\n\n\n<p>Ayr\u0131ca kentsel at\u0131k y\u00f6netim alt yap\u0131lar\u0131na yeterli yat\u0131r\u0131m\u0131n yap\u0131lmamas\u0131, kayna\u011f\u0131nda ayr\u0131\u015ft\u0131rma oranlar\u0131n\u0131n azalmas\u0131na neden olmakta, bu da geri kazan\u0131m oranlar\u0131n\u0131 d\u00fc\u015f\u00fcrerek kirlili\u011fin etkilerini daha da art\u0131rmaktad\u0131r. Belediyelerin at\u0131k y\u00f6netimi altyap\u0131s\u0131n\u0131 geli\u015ftirerek halk\u0131n kat\u0131l\u0131m\u0131n\u0131 art\u0131rmas\u0131 gerekmektedir. Bununla beraber Akdeniz il\u00e7esinin s\u0131n\u0131rlar\u0131 i\u00e7erisinde oransal olarak say\u0131lar\u0131 daha fazla olan kent yoksullar\u0131n\u0131n, s\u00fcrecin aktif bir par\u00e7as\u0131 haline getirilmesi hem sosyal kat\u0131l\u0131m\u0131 art\u0131racak hem de ekonomik fayda sa\u011flayacakt\u0131r.<\/p>\n\n\n\n<p>\u0130klim krizine uyum sa\u011flamak ve karbon emisyonlar\u0131n\u0131 azaltmak amac\u0131yla yenilenebilir enerji yat\u0131r\u0131mlar\u0131 ve d\u00f6ng\u00fcsel ekonomi modellerinin uygulanmas\u0131 b\u00fcy\u00fck \u00f6nem ta\u015f\u0131maktad\u0131r. B\u00f6ylece kaynak kullan\u0131m\u0131nda, toplumsal adaletin sa\u011flanmas\u0131 i\u00e7in de bir f\u0131rsat ortaya \u00e7\u0131kacakt\u0131r. Ya\u011fmur suyu hasad\u0131 ve gri su sistemleri gibi alternatif su kaynaklar\u0131n\u0131n kullan\u0131m\u0131n\u0131n yayg\u0131nla\u015ft\u0131r\u0131lmas\u0131, temiz su kaynaklar\u0131n\u0131n korunmas\u0131n\u0131 destekleyecektir. Tek kullan\u0131ml\u0131k plastiklerin yasaklanmas\u0131 ve \u00e7evre dostu alternatiflerin te\u015fvik edilmesi, plastik kirlili\u011fini azaltacak etkili ad\u0131mlar aras\u0131ndad\u0131r.<\/p>\n\n\n\n<p>Bununla beraber Akdeniz il\u00e7esi i\u00e7inde belediye taraf\u0131ndan organize edilen toplant\u0131, festival ya da halk\u0131n kat\u0131l\u0131m sa\u011flad\u0131\u011f\u0131 toplu etkinliklerde tek kullan\u0131ml\u0131k plastiklerin tercih edilmemesi yurtta\u015flar\u0131n fark\u0131ndal\u0131\u011f\u0131n\u0131n artt\u0131r\u0131lmas\u0131na katk\u0131 sa\u011flayacakt\u0131r. Zaman i\u00e7erisinde farkl\u0131 yerel y\u00f6netimler taraf\u0131ndan kesintili olarak uygulanan \u201cMersin\u2019de Su \u00c7e\u015fmeden \u0130\u00e7ilir\u201d temal\u0131 kampanyalar\u0131n s\u00fcrd\u00fcr\u00fclebilirli\u011finin sa\u011flanmas\u0131, halk\u0131n temiz i\u00e7me suyuna ucuz ve sa\u011fl\u0131kl\u0131 bir \u015fekilde eri\u015fimine olanak sa\u011flayacak ve ayn\u0131 zamanda ambalajl\u0131 su t\u00fcketimine ba\u011fl\u0131 plastik kirlili\u011finin de azalt\u0131lmas\u0131na yard\u0131mc\u0131 olacakt\u0131r.<\/p>\n\n\n\n<p>Kentsel kat\u0131 at\u0131klar\u0131n ve tar\u0131msal bitki at\u0131klar\u0131n\u0131n \u00f6nemli oranda kompostlanabilir \u00f6zellikte olmas\u0131 kompost g\u00fcbre \u00fcretimi i\u00e7in f\u0131rsat sunmaktad\u0131r. Bu yolla \u00fcretilen kompost g\u00fcbrenin kent \u00e7eperinde tar\u0131msal faaliyet y\u00fcr\u00fcten vatanda\u015flara da\u011f\u0131t\u0131lmas\u0131 sosyal belediyecili\u011fin yayg\u0131nla\u015ft\u0131r\u0131lmas\u0131na imk\u00e2n tan\u0131yacakt\u0131r. Ayr\u0131ca birbiriyle kar\u0131\u015f\u0131k topland\u0131\u011f\u0131 i\u00e7in geri kazan\u0131lamayan at\u0131klar\u0131n, de\u011ferlendirilebilir hale getirilmesi kirlili\u011fin azalt\u0131lmas\u0131na da katk\u0131 sa\u011flayacakt\u0131r.<\/p>\n\n\n\n<p>Artan enerji fiyatlar\u0131, kent yoksullar\u0131n\u0131n kalitesiz ve tehlikeli olabilecek kat\u0131 yak\u0131tlar\u0131 yakacak olarak kullanmas\u0131na neden olmakta bu da \u00f6nemli bir hava kirlili\u011fine yol a\u00e7maktad\u0131r. Bunun \u00f6nlenebilmesi i\u00e7in kentsel peyzaj d\u00fczenlemesi s\u0131ras\u0131nda ortaya \u00e7\u0131kan a\u011fa\u00e7 budama at\u0131klar\u0131, tar\u0131msal faaliyetler sonucu ortaya \u00e7\u0131kan \u0131s\u0131l de\u011feri y\u00fcksek bitkisel at\u0131klar ve orman dibi odunsu at\u0131klardan pelet yak\u0131t \u00fcretilerek kent yoksullar\u0131na da\u011f\u0131t\u0131lmas\u0131 hem hava kalitesinde iyile\u015fme yaratacak hem de kent yoksullar\u0131n\u0131n zehirli gazlara maruziyetini azaltacakt\u0131r.<\/p>\n\n\n\n<p>Bu ayn\u0131 zamanda enerjiye eri\u015fimde adaleti daha m\u00fcmk\u00fcn k\u0131lacak ayr\u0131ca kent esteti\u011fi a\u00e7\u0131s\u0131ndan da \u00f6nemli bir iyile\u015ftirme sa\u011flayacakt\u0131r. Bununla beraber kent alan\u0131 i\u00e7inde kat\u0131 yak\u0131tlar\u0131n kullan\u0131lmas\u0131ndan kademeli olarak vazge\u00e7ilmeli, yenilenebilir kaynaklara yat\u0131r\u0131m yap\u0131lmal\u0131d\u0131r. Ba\u015flang\u0131\u00e7 i\u00e7in belediye vatanda\u015f\u0131n ihtiya\u00e7 duydu\u011fu enerji kaynaklar\u0131na eri\u015fimini g\u00f6zeterek k\u00f6m\u00fcr da\u011f\u0131t\u0131m\u0131na devam etmemeli, do\u011fal gaz kullan\u0131m\u0131n\u0131n yayg\u0131nla\u015ft\u0131r\u0131lmas\u0131na ve \u00e7e\u015fitli finansal destek mekanizmalar\u0131n\u0131 geli\u015ftirerek g\u00f6rece temiz enerji kaynaklar\u0131na eri\u015fimin kolayla\u015ft\u0131r\u0131lmas\u0131n\u0131 sa\u011flamal\u0131d\u0131r.<\/p>\n\n\n\n<p>\u00c7al\u0131\u015ftayda belirlenen eylem planlar\u0131, Akdeniz\u2019in ekosistem dengesini korumaya ve b\u00f6lgenin iklim krizine daha diren\u00e7li hale gelmesine destek sa\u011flayacakt\u0131r. B\u00f6ylece uygun \u00f6nlemlerin geli\u015ftirilmesiyle iklim de\u011fi\u015fikli\u011fine uyum kapasitesini g\u00fc\u00e7lendirecektir. Ayr\u0131ca etkili at\u0131k y\u00f6netim politikalar\u0131n\u0131n kat\u0131l\u0131mc\u0131 ve \u015feffaf bir \u015fekilde uygulanmas\u0131, ya\u015fanabilir bir kent olu\u015fturulmas\u0131na katk\u0131 sunacak \u00f6nemli bir ad\u0131md\u0131r. Bu eylemlerin hayata ge\u00e7irilmesi i\u00e7in t\u00fcm payda\u015flar\u0131n birlikte ortak bir yakla\u015f\u0131mla hareket etmesi gerekmektedir. Bas\u0131na ve kamuoyuna sayg\u0131yla duyurulur&#8230;<\/p>\n\n\n\n<p>*****<\/p>\n\n\n\n<p>AKDEN\u0130Z BELED\u0130YES\u0130 E\u015e BA\u015eKANLARI<\/p>\n\n\n\n<p>NUR\u0130YE ARSLAN \u2013 HO\u015eYAR SARIYILDIZ<\/p>\n\n\n\n<p>************<\/p>\n\n\n\n<p>TE\u015eEKK\u00dcRLER\u2026<\/p>\n\n\n\n<p>\u00c7ukurova \u00dcniversitesi Su \u00dcr\u00fcnleri Fak\u00fcltesi Do\u00e7. Dr Ali R\u0131za K\u00f6\u015fker: (Denizlerimizdeki Zehirli \u0130stilac\u0131lar). \u00c7ukurova \u00dcniversitesi Su \u00dcr\u00fcnleri Fak\u00fcltesi Prof. Dr. Sedat G\u00fcndo\u011fdu: (Akdeniz\u2019in Plastikle Kirletilmesinin K\u0131sa Tarih\u00e7esi). Mersin \u00dcniversitesi Su \u00dcr\u00fcnleri Fak\u00fcltesi Prof. Dr. Deniz Ayas: (Akdeniz\u2019in Tropikalizasyonu). Mersin \u00dcniversitesi Fen Fak\u00fcltesi Prof. Dr. Serap Ergene (Mersin\u2019de Deniz Kaplumba\u011falar\u0131 \u00dcreme Alanlar\u0131n\u0131n Korunmas\u0131). MESK\u0130 Ar\u0131tma Tesisleri Daire Ba\u015fkanl\u0131\u011f\u0131 Do\u011fu At\u0131ksu Ar\u0131tma Tesisleri \u015eube M\u00fcd\u00fcr Vekili \u0130lkay Apayd\u0131n: (At\u0131k Al\u0131m\u0131 ve Ar\u0131tma). Mersin B\u00fcy\u00fck\u015fehir Belediyesi \u0130klim De\u011fi\u015fikli\u011fi ve Yenilenebilir Enerji \u015eube M\u00fcd\u00fcr\u00fc Dr. Zafer Ku\u015fatan : (K\u00fcreselden Yerele \u0130klim De\u011fi\u015fikli\u011fi). \u00c7evre M\u00fchendisleri Odas\u0131 Mersin \u015eubesi Dr. Mira\u00e7 G\u00fcl: (Akdeniz \u2018deki Deniz Suyu S\u0131cakl\u0131\u011f\u0131ndaki Art\u0131\u015f ve Toplum \u00dczerindeki Etkileri). Akdeniz Kent Konseyi Ba\u015fkan\u0131 Atilla G\u00fcney: (\u0130klim Krizi \u00dczerine S\u00f6ylenceler ve S\u00f6ylemler). \u00c7MO Ba\u015fkan\u0131 Sinan Can, MBB \u00c7evre Koruma Kontrol ve Daire Ba\u015fkanl\u0131\u011f\u0131 Su \u00dcr\u00fcnleri M\u00fchendisi M\u00fcbarek Baran K\u0131rbo\u011fa. Akdeniz Belediyesi K\u00fclt\u00fcr ve Sosyal \u0130\u015fler M\u00fcd\u00fcrl\u00fc\u011f\u00fc Proje \u015eefli\u011fi.<\/p>\n","protected":false},"excerpt":{"rendered":"<p>Akdeniz Belediyesi K\u00fclt\u00fcr ve Sosyal \u0130\u015fler M\u00fcd\u00fcrl\u00fc\u011f\u00fc Proje \u015eefli\u011fimiz \u00f6nc\u00fcl\u00fc\u011f\u00fcnde; Mersin \u00dcniversitesi ve \u00c7ukurova \u00dcniversitesi\u2019nden akademisyenler ile TMMOB \u00c7evre M\u00fchendisleri Odas\u0131, Mersin B\u00fcy\u00fck\u015fehir Belediyesi ve MESK\u0130\u2019nin katk\u0131lar\u0131yla, \u201cMERS\u0130N\u2019\u0130N MAV\u0130 UFKU\u201d \u00e7a\u011fr\u0131s\u0131yla geni\u015f kat\u0131l\u0131ml\u0131 \u201c\u0130KL\u0130M KR\u0130Z\u0130, K\u0130RL\u0130L\u0130K VE B\u0130YO\u00c7E\u015e\u0130TL\u0130L\u0130K \u00c7ALI\u015eTAYI\u201d d\u00fczenlenmi\u015ftir. D\u00fcnyam\u0131z, kentimiz ve gelece\u011fimiz ad\u0131na akademik ve bilimsel tart\u0131\u015fmalar\u0131n, ana temaya dair somut ve g\u00fcncel [&hellip;]<\/p>\n","protected":false},"author":2,"featured_media":38289,"comment_status":"closed","ping_status":"closed","sticky":false,"template":"","format":"standard","meta":{"footnotes":""},"categories":[1,2,3,9],"tags":[],"class_list":["post-38288","post","type-post","status-publish","format-standard","has-post-thumbnail","hentry","category-genel","category-gundem","category-manset","category-saglik"],"views":6,"_links":{"self":[{"href":"https:\/\/mersinkadingazetesi.com\/index.php?rest_route=\/wp\/v2\/posts\/38288"}],"collection":[{"href":"https:\/\/mersinkadingazetesi.com\/index.php?rest_route=\/wp\/v2\/posts"}],"about":[{"href":"https:\/\/mersinkadingazetesi.com\/index.php?rest_route=\/wp\/v2\/types\/post"}],"author":[{"embeddable":true,"href":"https:\/\/mersinkadingazetesi.com\/index.php?rest_route=\/wp\/v2\/users\/2"}],"replies":[{"embeddable":true,"href":"https:\/\/mersinkadingazetesi.com\/index.php?rest_route=%2Fwp%2Fv2%2Fcomments&post=38288"}],"version-history":[{"count":1,"href":"https:\/\/mersinkadingazetesi.com\/index.php?rest_route=\/wp\/v2\/posts\/38288\/revisions"}],"predecessor-version":[{"id":38290,"href":"https:\/\/mersinkadingazetesi.com\/index.php?rest_route=\/wp\/v2\/posts\/38288\/revisions\/38290"}],"wp:featuredmedia":[{"embeddable":true,"href":"https:\/\/mersinkadingazetesi.com\/index.php?rest_route=\/wp\/v2\/media\/38289"}],"wp:attachment":[{"href":"https:\/\/mersinkadingazetesi.com\/index.php?rest_route=%2Fwp%2Fv2%2Fmedia&parent=38288"}],"wp:term":[{"taxonomy":"category","embeddable":true,"href":"https:\/\/mersinkadingazetesi.com\/index.php?rest_route=%2Fwp%2Fv2%2Fcategories&post=38288"},{"taxonomy":"post_tag","embeddable":true,"href":"https:\/\/mersinkadingazetesi.com\/index.php?rest_route=%2Fwp%2Fv2%2Ftags&post=38288"}],"curies":[{"name":"wp","href":"https:\/\/api.w.org\/{rel}","templated":true}]}}